{"id":335,"date":"2011-02-21T16:10:34","date_gmt":"2011-02-21T16:10:34","guid":{"rendered":""},"modified":"-0001-11-30T00:00:00","modified_gmt":"-0001-11-29T22:00:00","slug":"","status":"publish","type":"post","link":"http:\/\/www.chapelle-crecy.com\/?p=335","title":{"rendered":"L&rsquo;amiti\u00e9 au B\u00e9nin"},"content":{"rendered":"<div align=\"justify\">L&rsquo;amiti\u00e9 n&rsquo;est pas un vain mot au B\u00e9nin et nous l&rsquo;avons mesur\u00e9.<br \/>\nLe 8 janvier, nous, quatre Yovos (blancs), avons d\u00e9barqu\u00e9 \u00e0\u00a0 Cotonou accueillis par le P\u00e8re Guillaume Chogolou et son fr\u00e8re Fran\u00e7ois : Marie-Christine, Pierre, Michel et Brigitte.<br \/>\nPendant 3 semaines, nous avons partag\u00e9 de tr\u00e8s nombreux moments de la vie de Guillaume, accompagn\u00e9s par Fran\u00e7ois. Le riche et dense programme concoct\u00e9 par nos amis b\u00e9ninois nous a conduits \u00e0\u00a0 Ganvi\u00e9, Abomey, Ouidah, Porto-Novo, Parc de la Pendjari  lieux d\u00e9di\u00e9s \u00e0\u00a0 la d\u00e9couverte touristique du pays.<\/div>\n<div align=\"justify\">Mais, nous avons aussi approch\u00e9 l&rsquo;\u00e2me b\u00e9ninoise en rencontrant de nombreux amis de notre ancien pr\u00eatre cr\u00e9\u00e7ois, en visitant l&rsquo;orphelinat de Toffo (pr\u00e8s de Allada) o\u00f9 Soeur Flore fait un travail d&rsquo;accompagnement, de soins et de formation aupr\u00e8s d&rsquo;orphelins, d&rsquo;enfants d\u00e9nutris, de familles en difficult\u00e9s. A Parakou, ce sont des \u00e9coles qui nous ont accueillis  moment d&rsquo;\u00e9change avec les enseignants. L\u00e0, nous avons apport\u00e9 des fournitures scolaires, des jeux, livres offerts par l&rsquo;association Les amis Yovos du B\u00e9nin et des classes de Maisoncelles et Haute-Maison qui correspondent avec des \u00e9l\u00e8ves de ces ensembles scolaires. Nous y avons retrouv\u00e9 Arnaud, le jeune fr\u00e8re de Guillaume, vicaire de la paroisse Saint Joseph.<\/p>\n<p> Une journ\u00e9e au Coll\u00e8ge P\u00e8re Aupiais nous a fait partager le quotidien de Guillaume et de ses coll\u00e8gues enseignants. Une formidable qualit\u00e9 d&rsquo;enseignement quand les moyens sont tellement limit\u00e9s par rapport \u00e0 ceux que nous connaissons en France et 40 \u00e9l\u00e8ves par classe !<\/p>\n<p> Mais, c&rsquo;est Tori que nous voulons pr\u00e9senter : la ferme, projet que Guillaume a initi\u00e9 \u00e0 son retour au B\u00e9nin, entour\u00e9 de Maurice, Fran\u00e7ois et Sylvain (Association AADR).<br \/>\n L&rsquo;exploitation se situe \u00e0 entre Tori-gare et Tori Avam\u00e9 \u00e0 environ 35 km au N-NW de Cotonou. On y acc\u00e8de par une piste, puis un chemin.<\/p>\n<p> Ce sont 2.5ha qui ont \u00e9t\u00e9 acquis gr\u00e2ce aux dons des membres de l&rsquo;association Brie-B\u00e9nin et aux apports des fondateurs.<\/p>\n<p> L&rsquo;objectif est d&rsquo;aider \u00e0 faire vivre plusieurs familles, mais aussi de participer au d\u00e9veloppement local en embauchant des jeunes et en les initiant aux diff\u00e9rentes techniques qui peuvent faire \u00e9voluer les pratiques coutumi\u00e8res.<br \/>\n En effet, la formation est une priorit\u00e9 ; Maurice est formateur agricole depuis plus de 20 ans et son exp\u00e9rience est indispensable.<\/p>\n<p> Les travaux ont d\u00e9but\u00e9 en d\u00e9cembre 2009 (Guillaume \u00e9tait revenu au pays en octobre  vous remarquerez la c\u00e9l\u00e9rit\u00e9 de r\u00e9alisation  bien au-del\u00e0 des rythmes europ\u00e9ens et africains !).<br \/>\n Le terrain, en friche, a d&rsquo;abord \u00e9t\u00e9 d\u00e9frich\u00e9 manuellement Les fondateurs ont refus\u00e9 les traditionnels feux de brousse qui appauvrissent les sols.<\/p>\n<p> Fin janvier 2011, voici ce qui existe et fonctionne :<br \/>\n&#8211; l&rsquo;habitation du bouvier et de sa famille ainsi que la r\u00e9serve<br \/>\n&#8211; Un troupeau de 10 vaches et un taureau<br \/>\n&#8211; Un parc pour ces bovins<br \/>\n&#8211; Un puits l&rsquo;eau est accessible \u00e0 faible profondeur<br \/>\n&#8211; La porcherie (b\u00e2timent, 5 truies et 1 m\u00e2le)<br \/>\n&#8211; Un moulin avec une meule qui permet aux femmes du village de moudre leur ma\u00efs  et celui-ci est tr\u00e8s, tr\u00e8s fr\u00e9quent\u00e9<br \/>\n&#8211; Des latrines<br \/>\n&#8211; Des cultures : manioc\u00e2\u20ac\u00a6 (une rotation des cultures est pr\u00e9vue pour \u00e9viter l&rsquo;\u00e9puisement des sols)<br \/>\n&#8211; Les services d&rsquo;un v\u00e9t\u00e9rinaire pour les vaccins et soins <\/p>\n<p>Sont employ\u00e9s sur la ferme : un bouvier, un meunier, un porcher ; de plus, pour les constructions et les travaux de culture, il est fait appel aux jeunes des villages voisins.<\/p>\n<p> Actuellement, un bassin profond de 2m pour la pisciculture a \u00e9t\u00e9 creus\u00e9 et doit \u00eatre am\u00e9nag\u00e9 (l&rsquo;eau est tr\u00e8s proche ; il y avait d\u00e9j\u00e0 70 cm remont\u00e9 par capillarit\u00e9 en cette saison s\u00e8che). Y seront \u00e9lev\u00e9s carpes, tilapias et silures.<\/p>\n<p> Les projets avec estimation des co\u00fbts :<br \/>\n&#8211; un second bassin de pisciculture : 350 000 F CFA (525 euros)<br \/>\n&#8211; l&rsquo;agrandissement de la porcherie  en vue des naissances\u00e2\u20ac\u00a6 La viande de porc sera vendue localement. Construction d&rsquo;un module de 6 loges (Ma\u00e7onnerie, Soudure, Menuiserie) : 1 000 000 F (1525 euros) En cette fin f\u00e9vrier, une truie vient d&rsquo;avoir 11 pourceaux. Il faudra rapidement les s\u00e9parer de leur m\u00e8re pour les engraisser. Aussi, la construction de nouveaux \u00ab boxes \u00bb est urgente !<br \/>\n&#8211; La plantation d&rsquo;arbres fruitiers, comme des bananiers, manguiers, orangers, papayers\u00e2\u20ac\u00a6 : 200 000 F (300 euros)<br \/>\n&#8211; La formation de plusieurs personnes \u00e0 la ferme Songha\u00ef \u00e0 Porto-Novo, mod\u00e8le r\u00e9f\u00e9rence d&rsquo;int\u00e9gration agricole : 140 000 F (210 euros).<br \/>\n&#8211; L&rsquo;\u00e9lectrification de la ferme (achat de groupe \u00e9lectrog\u00e8ne + mat\u00e9riaux : lampadaires, ampoules, fil \u00e9lectrique) : 500 000 F (750 euros)<br \/>\n&#8211; L&rsquo;achat de mat\u00e9riel et d&rsquo;un v\u00e9hicule utilitaire pour l&rsquo;acheminement des produits que l&rsquo;on ne trouve pas sur place : environ 5 000 euros.<br \/>\n&#8211; L&rsquo;am\u00e9lioration de la cl\u00f4ture du parc \u00e0 bovins par des piliers en b\u00e9ton et du barbel\u00e9 : 760 euros<br \/>\n&#8211; La construction d&rsquo;une \u00ab paillote \u00bb pour abriter du soleil les visiteurs\u00e2\u20ac\u00a6 : 500 euros<br \/>\n&#8211; Un ch\u00e2teau d&rsquo;eau et une lapinerie<\/p>\n<p> Guillaume a rencontr\u00e9 \u00ab Amour \u00bb, guide et acteur au Centre Songha\u00ef de Porto-Novo ([www.songhai.org->http:\/\/www.songhai.org\/]) qui viendra donner des conseils et suggestions.<\/p>\n<p>Chaque semaine, les responsables font le point entre eux et avec les trois permanents. <\/p>\n<p> Pour que ce projet puisse durer, pour permettre \u00e0 la ferme de Tori de se d\u00e9velopper et d&rsquo;\u00eatre un exemple pour les villageois de la r\u00e9gion, vous pouvez adresser vos dons \u00e0<\/p>\n<p> Association AMITIE BRIE\/BENIN (ABB)<br \/>\n Mairie de Cr\u00e9cy-la-Chapelle<br \/>\n 3 rue du G\u00e9n\u00e9ral Leclerc<br \/>\n 77580 CRECY-LA-CHAPELLE<br \/>\n mail : amitiebrie.benin3@orange.fr <\/p>\n<p> Les ch\u00e8ques doivent \u00eatre libell\u00e9s \u00e0 l&rsquo;ordre de \u00ab\u00a0AMITIE BRIE\/BENIN\u00a0\u00bb.<\/p>\n<p> Pour \u00eatre plus complet, nous pourrions aussi parler de nos rencontres au Togo, des march\u00e9s color\u00e9s et grouillants comme des ruches, de tous ceux qui d\u00e9ploient une \u00e9nergie \u00e9norme (malgr\u00e9 la chaleur !) pour faire avancer leur pays !<\/p>\n<p> L&rsquo;assembl\u00e9e G\u00e9n\u00e9rale de l&rsquo;Association Brie-B\u00e9nin aura lieu le jeudi 24 mars  \u00e0 cette occasion, une projection des photos et films aura lieu.\n<\/p><\/div>\n<div align=\"center\">\n<img decoding=\"async\" src=\"\/IMG\/reportages\/tori\/Tori_12-01-2011_1.jpg\" width=600><br \/> Fran\u00e7ois &#8211; Sylvain &#8211; Maurice &#8211; P\u00e8re Guillaume.<\/p>\n<p><img decoding=\"async\" src=\"\/IMG\/reportages\/tori\/Tori_12-01-2011_2.jpg\" width=600><br \/> 12 janvier 2011 &#8211; Pr\u00e9paration des cultures de l\u00e9gumes.<\/p>\n<p><img decoding=\"async\" src=\"\/IMG\/reportages\/tori\/Tori_12-01-2011_3.jpg\" width=600> <\/p>\n<p><img decoding=\"async\" src=\"\/IMG\/reportages\/tori\/Tori_12-01-2011_4.jpg\" width=600><br \/> La porcherie<\/p>\n<p><img decoding=\"async\" src=\"\/IMG\/reportages\/tori\/Tori_12-01-2011_5.jpg\" width=600><br \/> La porcherie<\/p>\n<p><img decoding=\"async\" src=\"\/IMG\/reportages\/tori\/Tori_12-01-2011_6.jpg\" width=600><br \/> Le troupeau dans son enclos<\/p>\n<p><img decoding=\"async\" src=\"\/IMG\/reportages\/tori\/Tori_12-01-2011_7.jpg\" width=600> <\/p>\n<p><img decoding=\"async\" src=\"\/IMG\/reportages\/tori\/Tori_12-01-2011_8.jpg\" width=450><br \/> Au puits, l&rsquo;\u00e9pouse du bouvier<\/p>\n<p><img decoding=\"async\" src=\"\/IMG\/reportages\/tori\/Tori_12-01-2011_9.jpg\" width=600><br \/> Le moulin<\/p>\n<p><img decoding=\"async\" src=\"\/IMG\/reportages\/tori\/Tori_12-01-2011_10.jpg\" width=600><br \/> Culture de manioc<\/p>\n<p><img decoding=\"async\" src=\"\/IMG\/reportages\/tori\/Tori_12-01-2011_11.jpg\" width=600><br \/> Le bouvier et sa famille<\/p>\n<p><img decoding=\"async\" src=\"\/IMG\/reportages\/tori\/Tori_12-01-2011_12.jpg\" width=450><br \/> Une enfant va au moulin<\/p>\n<p><img decoding=\"async\" src=\"\/IMG\/reportages\/tori\/Tori_12-01-2011_13.jpg\" width=600><\/p>\n<p><img decoding=\"async\" src=\"\/IMG\/reportages\/tori\/Tori_12-01-2011_14.jpg\" width=600> <\/p>\n<p><img decoding=\"async\" src=\"\/IMG\/reportages\/tori\/Tori_12-01-2011_15.jpg\" width=600><br \/> Bassin pour la pisciculture &#8211; le 12 janvier<\/p>\n<p><img decoding=\"async\" src=\"\/IMG\/reportages\/tori\/Tori_12-01-2011_16.jpg\" width=600><br \/> d\u00e9but f\u00e9vrier<\/p>\n<p><img decoding=\"async\" src=\"\/IMG\/reportages\/tori\/Tori_12-01-2011_17.jpg\" width=600><br \/> Guillaume, Fran\u00e7ois et Maurice font le point avec<br \/>\nBoukari le bouvier.<\/p>\n<p><img decoding=\"async\" src=\"\/IMG\/reportages\/tori\/Tori_12-01-2011_18.jpg\" width=600><\/p>\n<p><img decoding=\"async\" src=\"\/IMG\/reportages\/tori\/Tori_12-01-2011_19.jpg\" width=450> <\/p>\n<p><img decoding=\"async\" src=\"\/IMG\/reportages\/tori\/Tori_12-01-2011_20.jpg\" width=600><\/p>\n<p><img decoding=\"async\" src=\"\/IMG\/reportages\/tori\/Tori_12-01-2011_21.jpg\" width=600> <\/p>\n<p><img decoding=\"async\" src=\"\/IMG\/reportages\/tori\/Tori_24-01-2011_1.jpg\" width=600><br \/> Le P\u00e8re Guillaume au Coll\u00e8ge P\u00e8re Aupiais \u00e0 Cotonou<\/p>\n<p><img decoding=\"async\" src=\"\/IMG\/reportages\/tori\/Tori_24-01-2011_2.jpg\" width=600><\/p>\n<p><img decoding=\"async\" src=\"\/IMG\/reportages\/tori\/cotonou_09-01-2011_1.jpg\" width=600><br \/> Le P\u00e8re Guillaume lors de la messe des jeunes le 9 janvier \u00e0 Cotonou<\/p>\n<p><img decoding=\"async\" src=\"\/IMG\/reportages\/tori\/cotonou_09-01-2011_2.jpg\" width=600><\/p>\n<p><img decoding=\"async\" src=\"\/IMG\/reportages\/tori\/carte_cotonou.jpg\" width=600>\n<\/div>\n","protected":false},"excerpt":{"rendered":"<p>L&rsquo;amiti\u00e9 n&rsquo;est pas un vain mot au B\u00e9nin et nous l&rsquo;avons mesur\u00e9. Le 8 janvier, nous, quatre Yovos (blancs), avons d\u00e9barqu\u00e9 \u00e0\u00a0 Cotonou accueillis par le P\u00e8re Guillaume Chogolou et son fr\u00e8re Fran\u00e7ois :&#46;&#46;&#46;<\/p>\n","protected":false},"author":2,"featured_media":0,"comment_status":"open","ping_status":"open","sticky":false,"template":"","format":"standard","meta":{"footnotes":""},"categories":[],"tags":[],"class_list":["post-335","post","type-post","status-publish","format-standard","hentry"],"_links":{"self":[{"href":"http:\/\/www.chapelle-crecy.com\/index.php?rest_route=\/wp\/v2\/posts\/335","targetHints":{"allow":["GET"]}}],"collection":[{"href":"http:\/\/www.chapelle-crecy.com\/index.php?rest_route=\/wp\/v2\/posts"}],"about":[{"href":"http:\/\/www.chapelle-crecy.com\/index.php?rest_route=\/wp\/v2\/types\/post"}],"author":[{"embeddable":true,"href":"http:\/\/www.chapelle-crecy.com\/index.php?rest_route=\/wp\/v2\/users\/2"}],"replies":[{"embeddable":true,"href":"http:\/\/www.chapelle-crecy.com\/index.php?rest_route=%2Fwp%2Fv2%2Fcomments&post=335"}],"version-history":[{"count":0,"href":"http:\/\/www.chapelle-crecy.com\/index.php?rest_route=\/wp\/v2\/posts\/335\/revisions"}],"wp:attachment":[{"href":"http:\/\/www.chapelle-crecy.com\/index.php?rest_route=%2Fwp%2Fv2%2Fmedia&parent=335"}],"wp:term":[{"taxonomy":"category","embeddable":true,"href":"http:\/\/www.chapelle-crecy.com\/index.php?rest_route=%2Fwp%2Fv2%2Fcategories&post=335"},{"taxonomy":"post_tag","embeddable":true,"href":"http:\/\/www.chapelle-crecy.com\/index.php?rest_route=%2Fwp%2Fv2%2Ftags&post=335"}],"curies":[{"name":"wp","href":"https:\/\/api.w.org\/{rel}","templated":true}]}}