{"id":338,"date":"2011-03-19T07:27:00","date_gmt":"2011-03-19T07:27:00","guid":{"rendered":""},"modified":"-0001-11-30T00:00:00","modified_gmt":"-0001-11-29T22:00:00","slug":"","status":"publish","type":"post","link":"http:\/\/www.chapelle-crecy.com\/?p=338","title":{"rendered":"Soir\u00e9e de l&rsquo;amiti\u00e9 le 26 mars \u00e0\u00a0 Cr\u00e9cy"},"content":{"rendered":"<div align=\"justify\">Retour d&rsquo;une tradition appr\u00e9ci\u00e9e, le comit\u00e9 JB Vianney organise cette ann\u00e9e, la soir\u00e9e de l&rsquo;amiti\u00e9, le samedi 26 mars \u00e0\u00a0 la salle Altmann \u00e0\u00a0 Cr\u00e9cy-la-Chapelle.<br \/>\nLes inscriptions sont \u00e0\u00a0 prendre aupr\u00e8s de Jacques et Claude Guillaumy et de Michel Perrin, qui seront pr\u00e9sents aux sorties de toutes les prochaines messes des samedi et dimanche. Tarif : 15 euros par personne (7 euros pour les menus enfants).<br \/>\nVenez nombreux !<\/div>\n<div align=\"justify\">Pour vous permettre d&rsquo;\u00eatre \u00e0 l&rsquo;heure pour l&rsquo;ap\u00e9ritif qui sera servi aux alentours de 19h30, la messe du samedi soir a \u00e9t\u00e9 avanc\u00e9e exceptionnellement \u00e0 18h00 (au lieu de 18h30 habituellement) \u00e0 Voulangis.<br \/>\n De nombreuses surprises vous attendent au cours de ce repas de la mi-car\u00eame.<br \/>\n Inscrivez-vous vite, les places partent comme des petits pains !<\/div>\n","protected":false},"excerpt":{"rendered":"<p>Retour d&rsquo;une tradition appr\u00e9ci\u00e9e, le comit\u00e9 JB Vianney organise cette ann\u00e9e, la soir\u00e9e de l&rsquo;amiti\u00e9, le samedi 26 mars \u00e0\u00a0 la salle Altmann \u00e0\u00a0 Cr\u00e9cy-la-Chapelle. Les inscriptions sont \u00e0\u00a0 prendre aupr\u00e8s de Jacques et&#46;&#46;&#46;<\/p>\n","protected":false},"author":2,"featured_media":0,"comment_status":"open","ping_status":"open","sticky":false,"template":"","format":"standard","meta":{"footnotes":""},"categories":[],"tags":[],"class_list":["post-338","post","type-post","status-publish","format-standard","hentry"],"_links":{"self":[{"href":"http:\/\/www.chapelle-crecy.com\/index.php?rest_route=\/wp\/v2\/posts\/338","targetHints":{"allow":["GET"]}}],"collection":[{"href":"http:\/\/www.chapelle-crecy.com\/index.php?rest_route=\/wp\/v2\/posts"}],"about":[{"href":"http:\/\/www.chapelle-crecy.com\/index.php?rest_route=\/wp\/v2\/types\/post"}],"author":[{"embeddable":true,"href":"http:\/\/www.chapelle-crecy.com\/index.php?rest_route=\/wp\/v2\/users\/2"}],"replies":[{"embeddable":true,"href":"http:\/\/www.chapelle-crecy.com\/index.php?rest_route=%2Fwp%2Fv2%2Fcomments&post=338"}],"version-history":[{"count":0,"href":"http:\/\/www.chapelle-crecy.com\/index.php?rest_route=\/wp\/v2\/posts\/338\/revisions"}],"wp:attachment":[{"href":"http:\/\/www.chapelle-crecy.com\/index.php?rest_route=%2Fwp%2Fv2%2Fmedia&parent=338"}],"wp:term":[{"taxonomy":"category","embeddable":true,"href":"http:\/\/www.chapelle-crecy.com\/index.php?rest_route=%2Fwp%2Fv2%2Fcategories&post=338"},{"taxonomy":"post_tag","embeddable":true,"href":"http:\/\/www.chapelle-crecy.com\/index.php?rest_route=%2Fwp%2Fv2%2Ftags&post=338"}],"curies":[{"name":"wp","href":"https:\/\/api.w.org\/{rel}","templated":true}]}}