{"id":339,"date":"2011-03-06T10:30:00","date_gmt":"2011-03-06T10:30:00","guid":{"rendered":""},"modified":"-0001-11-30T00:00:00","modified_gmt":"-0001-11-29T22:00:00","slug":"","status":"publish","type":"post","link":"http:\/\/www.chapelle-crecy.com\/?p=339","title":{"rendered":"Annonces de la semaine du 7 au 13 mars 2011"},"content":{"rendered":"<table bgcolor =\"F0FAFF\" border=0>\n<tbody>\n<tr>\n<td>\n<div align=\"justify\">\n<div \"260\">Voici les annonces de la semaine du lundi 7 au dimanche 13 mars 2011 pour la paroisse des 3 clochers Cr\u00e9cy-la-Chapelle, Villiers-sur-Morin, Voulangis.<br \/>\nSamedi 12 \u00e0\u00a0 18 h 30 : Messe \u00e0\u00a0 Voulangis &#8211; Dimanche 13 \u00e0\u00a0 10 h 30, messe \u00e0\u00a0 Cr\u00e9cy &#8211; Tous les d\u00e9tails dans la suite &#8230;<\/div>\n<\/div>\n<\/td>\n<\/tr>\n<\/tbody>\n<\/table>\n<table bgcolor =\"F0F6FF\" border=0>\n<tbody>\n<tr>\n<td width=\"25%\"><font color=\"00CC00\">Lundi 7 mars<br \/><i>Stes Perp\u00e9tue et F\u00e9licit\u00e9 martyres<\/i><\/font><\/td>\n<td><font color=\"00CC00\">14 h 30 &#8211; R\u00e9union de l&rsquo;Equipe du Rosaire chez Madame LOUIS.<\/font><\/td>\n<td><font color=\"00CC00\"><br \/>\n17 h &#8211; C\u00e9l\u00e9bration \u00e0 la Maison de Retraite.<\/font><\/td>\n<\/tr>\n<tr>\n<td><font color=\"802020\">Mardi 8 mars<br \/><i>St Jean de Dieu<\/i><font><\/td>\n<td><font color=\"802020\">9 h  Messe \u00e0 Cr\u00e9cy pourGeorges PICARD et Roger LABARRE.<font><\/td>\n<td><font color=\"802020\"><\/p>\n<div align=\"center\"><img decoding=\"async\" src=\"\/IMG\/gif\/lumiere_65.gif\"><\/div>\n<p><\/font><\/td>\n<\/tr>\n<tr>\n<td><font color=\"0020FF\">Mercredi 9 mars<br \/><i>Entr\u00e9e en Car\u00eame<\/i><font><\/td>\n<td><font color=\"0020FF\">10 h  C\u00e9l\u00e9bration des Cendres avec les enfants de la Cat\u00e9ch\u00e8se<font><\/td>\n<td><font color=\"0020FF\">19 h  \u00ab Soupe de  Car\u00eame \u00bb \u00e0 la salle paroissiale, \u00e0 Cr\u00e9cy.<br \/>\n20 h 30  Messe \u00e0 Cr\u00e9cy avec imposition des Cendres.<\/font><\/td>\n<\/tr>\n<tr>\n<td><font color=\"00CC00\">Jeudi 10 mars<\/font><\/td>\n<td><font color=\"00CC00\">9 h  Messe \u00e0 Cr\u00e9cy pour Louise DELABRUYERE et Georgette ROUGEOREILLE.<font><\/td>\n<td><font color=\"00CC00\">15 h &#8211; A Cr\u00e9cy, s\u00e9pulture de Fabrice Gauthier.<br \/>La communaut\u00e9 \u00e9ducative du lyc\u00e9e Bossuet o\u00f9 il exercait pourra venir se recueillir \u00e0 son intention vendredi 11 mars \u00e0 partir de 8h \u00e0 la Chapelle du Sacr\u00e9 Coeur du Lyc\u00e9e Bossuet.<font><\/td>\n<\/tr>\n<tr>\n<td><font color=\"802020\">Vendredi 11 mars<\/font><\/td>\n<td><font color=\"802020\"><\/p>\n<div align=\"center\"><img decoding=\"async\" src=\"\/IMG\/gif\/cross.gif\"><\/div>\n<p><font><\/td>\n<td><font color=\"802020\">18 h &#8211; Messe \u00e0 Cr\u00e9cy pour  Robert LORENTZ, Jacques GOLLIATH et les d\u00e9funts de la famille THION-MUNIER.<font><\/td>\n<\/tr>\n<tr>\n<td><font color=\"0020FF\">Samedi 12 mars<br \/><i>Ste Olive<\/i><\/font><\/td>\n<td><font color=\"0020FF\">18 h 30 &#8211; Messe \u00e0 Voulangis pour  Maryvonne MATHONNET et Daniel GOBANCE.<\/font><\/td>\n<p><font><\/td>\n<td><font color=\"0020FF\"><\/p>\n<div align=\"center\"><img decoding=\"async\" src=\"\/IMG\/lieux\/voulangis_eglise1.jpg\" width=150><\/div>\n<p><font><\/td>\n<\/tr>\n<tr>\n<td><font color=\"00CC00\">Dimanche 13 mars<br \/><i>Premier dimanche de Car\u00eame<\/i><\/font><\/td>\n<td><font color=\"00CC00\"><\/p>\n<div align=\"center\"><img decoding=\"async\" src=\"\/IMG\/lieux\/stgeorges09.jpg\"  width=150>\n<\/div>\n<p><\/font><\/td>\n<td><font color=\"00CC00\">10 h 30 &#8211;  Messe \u00e0 Cr\u00e9cy pour Estelle et Denis HUYGHE.<\/font><\/td>\n<\/tr>\n<\/tbody>\n<\/table>\n<p> <\/p>\n<table bgcolor =\"F0FFFA\" border=1>\n<tbody>\n<tr>\n<td>\n<div align=\"center\">Nous vous rappelons LA SOIREE DE L&rsquo;AMITIE  qui aura lieu le 26 mars prochain et pour laquelle des billets d&rsquo;inscription au repas sont \u00e0 votre disposition \u00e0 la fin des Messes de samedi et de dimanche.<\/div>\n<\/td>\n<\/tr>\n<\/tbody>\n<\/table>\n<p> <br \/>\n[Signification de la liturgie des cendres->http:\/\/www.chapelle-crecy.com\/spip.php?article128]<\/p>\n<p>[Questions essentielles sur le car\u00e8me->http:\/\/qe.catholique.org\/894-tout-sur-le-careme]<\/p>\n","protected":false},"excerpt":{"rendered":"<p>Voici les annonces de la semaine du lundi 7 au dimanche 13 mars 2011 pour la paroisse des 3 clochers Cr\u00e9cy-la-Chapelle, Villiers-sur-Morin, Voulangis. Samedi 12 \u00e0\u00a0 18 h 30 : Messe \u00e0\u00a0 Voulangis &#8211;&#46;&#46;&#46;<\/p>\n","protected":false},"author":2,"featured_media":0,"comment_status":"open","ping_status":"open","sticky":false,"template":"","format":"standard","meta":{"footnotes":""},"categories":[],"tags":[],"class_list":["post-339","post","type-post","status-publish","format-standard","hentry"],"_links":{"self":[{"href":"http:\/\/www.chapelle-crecy.com\/index.php?rest_route=\/wp\/v2\/posts\/339","targetHints":{"allow":["GET"]}}],"collection":[{"href":"http:\/\/www.chapelle-crecy.com\/index.php?rest_route=\/wp\/v2\/posts"}],"about":[{"href":"http:\/\/www.chapelle-crecy.com\/index.php?rest_route=\/wp\/v2\/types\/post"}],"author":[{"embeddable":true,"href":"http:\/\/www.chapelle-crecy.com\/index.php?rest_route=\/wp\/v2\/users\/2"}],"replies":[{"embeddable":true,"href":"http:\/\/www.chapelle-crecy.com\/index.php?rest_route=%2Fwp%2Fv2%2Fcomments&post=339"}],"version-history":[{"count":0,"href":"http:\/\/www.chapelle-crecy.com\/index.php?rest_route=\/wp\/v2\/posts\/339\/revisions"}],"wp:attachment":[{"href":"http:\/\/www.chapelle-crecy.com\/index.php?rest_route=%2Fwp%2Fv2%2Fmedia&parent=339"}],"wp:term":[{"taxonomy":"category","embeddable":true,"href":"http:\/\/www.chapelle-crecy.com\/index.php?rest_route=%2Fwp%2Fv2%2Fcategories&post=339"},{"taxonomy":"post_tag","embeddable":true,"href":"http:\/\/www.chapelle-crecy.com\/index.php?rest_route=%2Fwp%2Fv2%2Ftags&post=339"}],"curies":[{"name":"wp","href":"https:\/\/api.w.org\/{rel}","templated":true}]}}