{"id":340,"date":"2011-03-09T00:05:00","date_gmt":"2011-03-09T00:05:00","guid":{"rendered":""},"modified":"-0001-11-30T00:00:00","modified_gmt":"-0001-11-29T22:00:00","slug":"","status":"publish","type":"post","link":"http:\/\/www.chapelle-crecy.com\/?p=340","title":{"rendered":"Mercredi des Cendres \u00e0\u00a0 Cr\u00e9cy: au programme soupe de car\u00eame et imposition des cendres"},"content":{"rendered":"<div align=\"justify\">\n<p>Le car\u00eame commence aujourd&rsquo;hui, mercredi des cendres. Ce soir, en<br \/>\nl&rsquo;\u00e9glise Saint Georges \u00e0\u00a0 Cr\u00e9cy \u00e0\u00a0 20h30,<br \/>\nnous sommes invit\u00e9s \u00e0\u00a0 recevoir l&rsquo;imposition<br \/>\ndes cendres. Ce geste pr\u00e9pare notre coeur \u00e0\u00a0 la conversion.<br \/>\nPendant 40 jours, l&rsquo;Eglise nous propose de tourner le dos au p\u00e9ch\u00e9 qui<br \/>\nnous \u00e9loigne de Dieu. Ainsi, nous cheminerons, dans l&rsquo;\u00e9preuve, \u00e0\u00a0 la<br \/>\nsuite du Christ, pour c\u00e9l\u00e9brer avec lui la grande f\u00eate de P\u00e2ques. Ce<br \/>\ntemps est donc propice \u00e0\u00a0 la pri\u00e8re, mais aussi au je\u00fbne et au partage.<br \/>\nNous avons donc d\u00e9cider de partager une soupe de car\u00eame \u00e0\u00a0 la salle<br \/>\nparoissiale de Cr\u00e9cy \u00e0\u00a0 19h00 et de reverser les dons r\u00e9colt\u00e9s au cours de cette soir\u00e9e au P\u00e8re F\u00e9lix Bekalo \u00e0\u00a0 Madagascar. Merci d&rsquo;inviter toutes les personnes qui souhaiteraient se joindre \u00e0\u00a0 nous dans cette action de car\u00eame.<\/div>\n<div align=\"justify\">Voici les quelques mots que nous adressaient, en ce d\u00e9but d&rsquo;ann\u00e9e, le P\u00e8re F\u00e9lix B\u00e9kalo, pr\u00eatre \u00e0 Madagascar, et qui \u00e9tait rest\u00e9 \u00e0 Cr\u00e9cy en 2003-2004 pendant qu&rsquo;il \u00e9tudiait \u00e0 Paris:<br \/>\n <img394|center><br \/>\n \u00e2\u20ac\u0153Face aux difficult\u00e9s et les<br \/>\ndiff\u00e9rents probl\u00e8mes que je dois affronter<br \/>\nchaque jour, j&rsquo;ai \u00e9norm\u00e9ment besoin de vos soutiens mat\u00e9riels,<br \/>\nspirituels et moraux.\u00e2\u20ac\u009d <\/p>\n<p> <img395|center><br \/>\nEn souvenir de l&rsquo;action bienfaisante qu&rsquo;il a r\u00e9alis\u00e9e au sein de notre communaut\u00e9 paroissiale et par solidarit\u00e9 avec les difficult\u00e9s qu&rsquo;il rencontre dans la mission dans son propre pays, nous effectuerons une collecte d&rsquo;argent que nous lui reverserons int\u00e9gralement.<\/p>\n<p> Invitation \u00e0 la pri\u00e8re<\/p>\n<p> Savez-vous que les Dominicains de Lille, diffusent \u00e0 plusieurs dizaines de milliers d&rsquo;internautes, depuis plusieurs ann\u00e9es, une m\u00e9ditation pendant le temps du car\u00eame?<br \/>\n Si avec eux, et toute cette \u00ab\u00a0communaut\u00e9 virtuelle\u00a0\u00bb de chr\u00e9tiens en marche vers P\u00e2ques, vous souhaitez vivre b\u00e9n\u00e9fiquement ce temps de conversion, alors connectez-vous tous les jours sur:<\/p>\n<p>[http:\/\/www.retraitedanslaville.org\/spip.php?rubrique=16<br \/>\n->http:\/\/www.retraitedanslaville.org\/spip.php?rubrique=16]<\/p>\n<p> C&rsquo;est le coup de coeur de la r\u00e9daction ! Bon et saint temps de car\u00eame.<\/p>\n<\/div>\n","protected":false},"excerpt":{"rendered":"<p>Le car\u00eame commence aujourd&rsquo;hui, mercredi des cendres. Ce soir, en l&rsquo;\u00e9glise Saint Georges \u00e0\u00a0 Cr\u00e9cy \u00e0\u00a0 20h30, nous sommes invit\u00e9s \u00e0\u00a0 recevoir l&rsquo;imposition des cendres. Ce geste pr\u00e9pare notre coeur \u00e0\u00a0 la conversion. Pendant&#46;&#46;&#46;<\/p>\n","protected":false},"author":2,"featured_media":0,"comment_status":"open","ping_status":"open","sticky":false,"template":"","format":"standard","meta":{"footnotes":""},"categories":[],"tags":[],"class_list":["post-340","post","type-post","status-publish","format-standard","hentry"],"_links":{"self":[{"href":"http:\/\/www.chapelle-crecy.com\/index.php?rest_route=\/wp\/v2\/posts\/340","targetHints":{"allow":["GET"]}}],"collection":[{"href":"http:\/\/www.chapelle-crecy.com\/index.php?rest_route=\/wp\/v2\/posts"}],"about":[{"href":"http:\/\/www.chapelle-crecy.com\/index.php?rest_route=\/wp\/v2\/types\/post"}],"author":[{"embeddable":true,"href":"http:\/\/www.chapelle-crecy.com\/index.php?rest_route=\/wp\/v2\/users\/2"}],"replies":[{"embeddable":true,"href":"http:\/\/www.chapelle-crecy.com\/index.php?rest_route=%2Fwp%2Fv2%2Fcomments&post=340"}],"version-history":[{"count":0,"href":"http:\/\/www.chapelle-crecy.com\/index.php?rest_route=\/wp\/v2\/posts\/340\/revisions"}],"wp:attachment":[{"href":"http:\/\/www.chapelle-crecy.com\/index.php?rest_route=%2Fwp%2Fv2%2Fmedia&parent=340"}],"wp:term":[{"taxonomy":"category","embeddable":true,"href":"http:\/\/www.chapelle-crecy.com\/index.php?rest_route=%2Fwp%2Fv2%2Fcategories&post=340"},{"taxonomy":"post_tag","embeddable":true,"href":"http:\/\/www.chapelle-crecy.com\/index.php?rest_route=%2Fwp%2Fv2%2Ftags&post=340"}],"curies":[{"name":"wp","href":"https:\/\/api.w.org\/{rel}","templated":true}]}}