{"id":342,"date":"2011-03-11T01:15:08","date_gmt":"2011-03-11T01:15:08","guid":{"rendered":""},"modified":"-0001-11-30T00:00:00","modified_gmt":"-0001-11-29T22:00:00","slug":"","status":"publish","type":"post","link":"http:\/\/www.chapelle-crecy.com\/?p=342","title":{"rendered":"Offre d&#8217;emploi: la D\u00e9l\u00e9gation Catholique pour la Coop\u00e9ration recrute"},"content":{"rendered":"<div align=\"justify\">Service de l&rsquo;Eglise catholique, la DCC envoie chaque ann\u00e9e  plus de 200 volontaires de solidarit\u00e9 internationale, pour des missions de 1 ou 2 ans,  sur des projets de d\u00e9veloppement mis en place par les \u00e9glises du sud dans plus de 70 pays.<br \/>\nOrganisme de formation, la DCC propose diff\u00e9rentes sessions : <br \/>session interculturelle, d&rsquo;orientation et stage de pr\u00e9paration au d\u00e9part (Pour plus d&rsquo;infos : <a href=\"http:\/\/www.ladcc.org\">www.ladcc.org<\/div>\n<p>).<br \/>\nElle est aussi appel\u00e9e \u00e0\u00a0 d\u00e9velopper un P\u00f4le de formation en externe.<\/div>\n<div align=\"center\"><span style=\"font-weight: bold; color: rgb(204, 0, 0);\">Poste de CHARGE DE FORMATION<br \/>\nposte bas\u00e9 \u00e0 Paris, plein temps, CDI<\/big>\n<\/div>\n<p>Le (la) charg\u00e9(e) de formation rejoindra l&rsquo;\u00e9quipe de 3 personnes qui<br \/>\ncomposent le d\u00e9partement recrutement \/ formation. Sous la<br \/>\nresponsabilit\u00e9 de la directrice de la formation, il est charg\u00e9&nbsp; de<br \/>\ndiff\u00e9rentes activit\u00e9s :<\/p>\n<p><span style=\"font-weight: bold; color: rgb(204, 0, 0);\">Formation \u00e0<br \/>\nl&rsquo;interculturel :<\/span><\/p>\n<ul>\n<li>L&rsquo;\u00e9valuation et l&rsquo;\u00e9volution des contenus des sessions<br \/>\ninterculturelles&nbsp;&nbsp;&nbsp; <\/li>\n<\/ul>\n<ul>\n<li>L&rsquo;accompagnement et la formation<br \/>\ncontinue d&rsquo;une \u00e9quipe de formateurs b\u00e9n\u00e9voles ainsi que l&rsquo;int\u00e9gration<br \/>\nde nouveaux formateurs. <\/li>\n<\/ul>\n<ul>\n<li>Le lien avec d&rsquo;autres \u00e9quipes ou associations faisant de la<br \/>\nformation \u00e0 l&rsquo;interculturel.<\/li>\n<\/ul>\n<ul>\n<li>L&rsquo;accompagnement des r\u00e9seaux d\u00e2\u20ac\u02dcanciens volontaires sur la<br \/>\nquestion interculturelle <\/li>\n<\/ul>\n<ul>\n<li>L&rsquo;enrichissement et la recherche de donn\u00e9es et informations sur<br \/>\nla th\u00e9matique interculturelle (veille)<\/li>\n<\/ul>\n<p>\n<span style=\"font-weight: bold; color: rgb(204, 0, 0);\">Formation au<br \/>\nd\u00e9part des volontaires<\/span><\/p>\n<ul>\n<li>L&rsquo;\u00e9criture des modules sp\u00e9cifiques<\/li>\n<\/ul>\n<ul>\n<li>La mise en place d&rsquo;outils appropri\u00e9s sur la formation au<br \/>\nd\u00e9veloppement des volontaires <\/li>\n<\/ul>\n<ul>\n<li>L&rsquo;accompagnement et la formation des b\u00e9n\u00e9voles sur la th\u00e9matique<br \/>\ndu d\u00e9veloppement<\/li>\n<\/ul>\n<p>\n<span style=\"font-weight: bold; color: rgb(204, 0, 0);\">Formations<br \/>\nexternes<\/span><\/p>\n<ul>\n<li>La conception des contenus de formation adapt\u00e9s aux demandes des<br \/>\npartenaires<\/li>\n<\/ul>\n<ul>\n<li>L&rsquo;animation et \u00e9valuation des sessions de formation<\/li>\n<\/ul>\n<ul>\n<li>La cr\u00e9ation et suivi des partenariats<\/li>\n<\/ul>\n<ul>\n<li>La capitalisation des outils de formation utilis\u00e9s par la DCC<\/li>\n<\/ul>\n<p>\n<span style=\"font-weight: bold; color: rgb(204, 0, 0);\">Session retour<\/span><\/p>\n<ul>\n<li>La pr\u00e9paration des sessions propos\u00e9es aux volontaires de retour<br \/>\net des journ\u00e9es d&rsquo;aide \u00e0 la recherche d&#8217;emploi.<\/li>\n<\/ul>\n<ul>\n<li>Le lien avec des structures aidant \u00e0 la recherche d&#8217;emploi<\/li>\n<\/ul>\n<ul>\n<li>Le suivi des intervenants<\/li>\n<\/ul>\n<p>\n<span style=\"font-weight: bold; color: rgb(204, 0, 0);\">Profil<br \/>\nrecherch\u00e9 :<\/span><\/p>\n<ul>\n<li>Formation universitaire bac + 4 ou&nbsp; bac + 5 <\/li>\n<\/ul>\n<ul>\n<li>Connaissances sur les questions interculturelles<\/li>\n<\/ul>\n<ul>\n<li>Exp\u00e9rience longue \u00e0 l&rsquo;\u00e9tranger : volontariat de solidarit\u00e9<br \/>\ninternationale<\/li>\n<\/ul>\n<ul>\n<li>Exp\u00e9rience en formation aupr\u00e8s d&rsquo;adultes<\/li>\n<\/ul>\n<ul>\n<li>Comp\u00e9tences en animation de groupe<\/li>\n<\/ul>\n<p>\n<span style=\"font-weight: bold; color: rgb(204, 0, 0);\">Qualit\u00e9s<br \/>\nrequises : <\/span><\/p>\n<ul>\n<li>Capacit\u00e9 \u00e0 travailler en \u00e9quipe<\/li>\n<\/ul>\n<ul>\n<li>Aisance relationnelle, esprit d&rsquo;initiative<\/li>\n<\/ul>\n<ul>\n<li>Bonne capacit\u00e9 de communication<\/li>\n<\/ul>\n<ul>\n<li>Cr\u00e9ativit\u00e9 <\/li>\n<\/ul>\n<p>\nLe poste est \u00e0 pourvoir fin avril <br \/>\nBas\u00e9 \u00e0 Paris avec quelques d\u00e9placements en province, <br \/>\n10 week-ends travaill\u00e9s par an env.<br \/>\nR\u00e9mun\u00e9ration annuelle brute sur 13 mois : 27200 \u00e2\u201a\u00ac<br \/>\nMutuelle, ticket resto et 50% carte orange<br \/>\nCV et lettre de motivation \u00e0 envoyer avant le 4 avril 2011 \u00e0 :<br \/>\nViolaine STROEBEL Directrice de la formation<br \/>\n&#8211; <a\nhref=\"mailto:violaine.stroebel@ladcc.org\"><span\nstyle=\"text-decoration: underline; color: rgb(51, 51, 255);\">violaine.stroebel@ladcc.org<\/span>&nbsp;<\/a><br \/>\n&#8211; 01 45 65 98 83<\/p>\n","protected":false},"excerpt":{"rendered":"<p>Service de l&rsquo;Eglise catholique, la DCC envoie chaque ann\u00e9e plus de 200 volontaires de solidarit\u00e9 internationale, pour des missions de 1 ou 2 ans, sur des projets de d\u00e9veloppement mis en place par les&#46;&#46;&#46;<\/p>\n","protected":false},"author":2,"featured_media":0,"comment_status":"open","ping_status":"open","sticky":false,"template":"","format":"standard","meta":{"footnotes":""},"categories":[],"tags":[],"class_list":["post-342","post","type-post","status-publish","format-standard","hentry"],"_links":{"self":[{"href":"http:\/\/www.chapelle-crecy.com\/index.php?rest_route=\/wp\/v2\/posts\/342","targetHints":{"allow":["GET"]}}],"collection":[{"href":"http:\/\/www.chapelle-crecy.com\/index.php?rest_route=\/wp\/v2\/posts"}],"about":[{"href":"http:\/\/www.chapelle-crecy.com\/index.php?rest_route=\/wp\/v2\/types\/post"}],"author":[{"embeddable":true,"href":"http:\/\/www.chapelle-crecy.com\/index.php?rest_route=\/wp\/v2\/users\/2"}],"replies":[{"embeddable":true,"href":"http:\/\/www.chapelle-crecy.com\/index.php?rest_route=%2Fwp%2Fv2%2Fcomments&post=342"}],"version-history":[{"count":0,"href":"http:\/\/www.chapelle-crecy.com\/index.php?rest_route=\/wp\/v2\/posts\/342\/revisions"}],"wp:attachment":[{"href":"http:\/\/www.chapelle-crecy.com\/index.php?rest_route=%2Fwp%2Fv2%2Fmedia&parent=342"}],"wp:term":[{"taxonomy":"category","embeddable":true,"href":"http:\/\/www.chapelle-crecy.com\/index.php?rest_route=%2Fwp%2Fv2%2Fcategories&post=342"},{"taxonomy":"post_tag","embeddable":true,"href":"http:\/\/www.chapelle-crecy.com\/index.php?rest_route=%2Fwp%2Fv2%2Ftags&post=342"}],"curies":[{"name":"wp","href":"https:\/\/api.w.org\/{rel}","templated":true}]}}