{"id":344,"date":"2011-03-15T23:17:00","date_gmt":"2011-03-15T23:17:00","guid":{"rendered":""},"modified":"-0001-11-30T00:00:00","modified_gmt":"-0001-11-29T22:00:00","slug":"","status":"publish","type":"post","link":"http:\/\/www.chapelle-crecy.com\/?p=344","title":{"rendered":"103. Premi\u00e8re conf\u00e9rence de car\u00eame \u00e0\u00a0 St Jean Bosco"},"content":{"rendered":"<div align=\"justify\">\u00ab\u00a0J&rsquo;ai eu beaucoup de mal \u00e0\u00a0 arr\u00eater les carrefours, qui ont dur\u00e9 vingt-cinq minutes. C&rsquo;\u00e9tait tout simplement g\u00e9nial !\u00a0\u00bb se r\u00e9jouit le P\u00e8re Philippe Legrand. Apr\u00e8s la brillante intervention de Sylvie Meriaux, soeur des campagnes \u00e0\u00a0 Lumigny, bibliste, Vincent Arents, membre de l&rsquo;Equipe missionnaire de P\u00f4le, invitait les quelques 80 participants \u00e0\u00a0 former des petits groupes d&rsquo;\u00e9change autour du th\u00e8me de l&rsquo;unit\u00e9 dans la diversit\u00e9 de l&rsquo;Eglise. A la suite du compte-rendu que nous vous proposons, nous vous invitons \u00e0\u00a0 votre tour, \u00e0\u00a0 prolonger la r\u00e9flexion&#8230;<\/div>\n<div align=\"center\">\nUnit\u00e9 et diversit\u00e9 dans l&rsquo;Eglise<\/p>\n<p><img decoding=\"async\" src=\"\/IMG\/jpg\/soeur_sylvie.jpg\" width=450\">\n<\/div>\n<p>I- La tour de Babel (Gn 11,1-9)<\/p>\n<div align=\"justify\"><span style=\"color: rgb(51, 102, 255);\"><br \/>\nToute la terre avait alors le m\u00eame langage et les m\u00eames mots. Au cours de leurs d\u00e9placements du c\u00f4t\u00e9 de l&rsquo;orient, les hommes d\u00e9couvrirent une plaine en M\u00e9sopotamie, et ils s&rsquo;y install\u00e8rent. Ils se dirent l&rsquo;un \u00e0 l&rsquo;autre : \u00abAllons ! Fabriquons des briques et mettons-les \u00e0 cuire ! \u00bb Les briques leur servaient de pierres, et le bitume, de mortier. Ils dirent : \u00ab Allons ! B\u00e2tissons une ville, avec une tour dont le sommet soit dans les cieux. Nous travaillerons \u00e0 notre renomm\u00e9e, pour n&rsquo;\u00eatre pas dispers\u00e9s sur toute la terre. \u00bb Le Seigneur descendit pour voir la ville et la tour que les hommes avaient b\u00e2ties. Et le Seigneur dit : \u00ab Ils sont un seul peuple, ils ont tous le m\u00eame langage : s&rsquo;ils commencent<br \/>\nainsi, rien ne les emp\u00eachera d\u00e9sormais de faire tout ce qu&rsquo;ils d\u00e9cideront. Eh bien ! Descendons, embrouillons leur langage : qu&rsquo;ils ne se comprennent plus les uns les autres. \u00bb De l\u00e0, le Seigneur les dispersa sur toute l&rsquo;\u00e9tendue de la terre. Ils cess\u00e8rent donc de b\u00e2tir la ville. C&rsquo;est pourquoi on l&rsquo;appela Babel (Babylone), car c&rsquo;est l\u00e0 que le Seigneur embrouilla le langage des habitants de toute la terre ; et c&rsquo;est de l\u00e0 qu&rsquo;il les dispersa sur toute l&rsquo;\u00e9tendue de la terre.<\/span><\/p>\n<p>Derri\u00e8re un d\u00e9sir de coalition, ce texte de Babel ne nous parle pas de l&rsquo;unit\u00e9 d&rsquo;un peuple mais d&rsquo;uniformit\u00e9 qui s&rsquo;impose comme tout puissante en gommant les diff\u00e9rences. Ce type de projet est une impasse humaine. C&rsquo;est cela que Dieu vient briser \u00e0 travers la dispersion des hommes \u00ab sur toute la surface de la terre \u00bb (Gn11,9) car Dieu d\u00e9sire, avant tout, la richesse et la diversit\u00e9 des peuples.<\/p>\n<p>II &#8211; Pentec\u00f4te (Acte des ap\u00f4tres 2, 1-11): Naissance d&rsquo;une communaut\u00e9 nouvelle<\/p>\n<p>Nous avan\u00e7ons dans le temps et nous nous projetons 50 jours apr\u00e8s la mort et la r\u00e9surrection du Christ, au moment de la f\u00eate juive de Pentec\u00f4te qui comm\u00e9more le don, fait par Dieu, de la Torah. C&rsquo;est une des trois f\u00eates juives pour lesquelles ont venait en p\u00e8lerinage \u00e0 J\u00e9rusalem (Lv 23,15-21). Du coup, il y a, \u00e0 J\u00e9rusalem, des hommes qui viennent de Galil\u00e9e mais aussi d&rsquo;un peu partout, car la communaut\u00e9 juive \u00e9tait, d\u00e9j\u00e0 \u00e0 cette \u00e9poque, dispers\u00e9e autour du bassin m\u00e9diterran\u00e9en (diaspora). <\/p>\n<p><span style=\"color: rgb(51, 102, 255);\"><br \/>\nSoudain il vint du ciel un bruit pareil \u00e0 celui d&rsquo;un violent coup de vent : toute la maison o\u00f9 ils se tenaient en fut remplie. Ils virent appara \u00eetre comme une sorte de feu qui se partageait en langues et qui se posa sur chacun d&rsquo;eux. Alors ils furent tous remplis de l&rsquo;Esprit Saint : ils se mirent \u00e0 parler en d&rsquo;autres langues, et chacun s&rsquo;exprimait selon le don de l&rsquo;Esprit. Or, il y avait, s\u00e9journant \u00e0 J\u00e9rusalem, des Juifs fervents, issus de toutes les nations qui sont sous le ciel. Lorsque les gens<br \/>\nentendirent le bruit, ils se rassembl\u00e8rent en foule. Ils \u00e9taient dans<br \/>\nla stup\u00e9faction parce que chacun d&rsquo;eux les entendait parler sa propre<br \/>\nlangue. D\u00e9concert\u00e9s, \u00e9merveill\u00e9s, ils disaient : \u00ab Ces hommes qui parlent ne sont-ils pas tous des Galil\u00e9ens ?&nbsp; Comment se fait-il que chacun de nous les entende dans sa langue maternelle ? Parthes, M\u00e8des et Elamites, habitants de la M\u00e9sopotamie, de la Jud\u00e9e et de la Cappadoce, des bords de la mer Noire, de la province d&rsquo;Asie, de la Phrygie, de la Pamphylie, de l&rsquo;Egypte et de la Libye proche de Cyr\u00e8ne, Romains r\u00e9sidant ici, Juifs de naissance et convertis, Cr\u00e9tois<br \/>\net Arabes, tous nous les entendons proclamer dans nos langues les<br \/>\nmerveilles de Dieu. \u00bb<\/span><\/p>\n<p>Dans ce texte, nous passons de la comm\u00e9moration du don de la Loi, au don de l&rsquo;Esprit lui-m\u00eame. L&rsquo;Esprit qui vient de descendre sur les disciples produit une communication entre les hommes de cultures diff\u00e9rentes, entre des hommes qui sont justement dispers\u00e9s habituellement sur la surface de la terre. C&rsquo;est le contraire de l&rsquo;exp\u00e9rience v\u00e9cue \u00e0 Babel.<br \/>\nEt, la pr\u00e9sence de l&rsquo;Esprit produit des effets: il fait na \u00eetre l&rsquo;unit\u00e9 en respectant la diversit\u00e9 des cultures et des langues. La Pentec\u00f4te est aussi le signe de l&rsquo;universalisme de l&rsquo;Evangile : des hommes de toutes cultures entendent et comprennent la Bonne Nouvelle. <\/p>\n<p>III &#8211; L&rsquo;unit\u00e9 dans la diversit\u00e9 (Corinthiens 12)<\/p>\n<p>D\u00e8s les premiers temps, l&rsquo;Eglise a \u00e9t\u00e9 travers\u00e9e par des conflits. C&rsquo;est le cas de l&rsquo;Eglise de Corinthe. Pour leur signifier l&rsquo;importance de la diversit\u00e9 des dons de chacun au coeur de l&rsquo;Eglise, Paul fait la comparaison avec le corps humain :<br \/>\n<span style=\"color: rgb(51, 102, 255);\"><br \/>\n<i>Les dons de la gr\u00e2ce sont <u>vari\u00e9s<\/u>,<br \/>\nmais c&rsquo;est toujours le <b>m\u00eame<\/b> Esprit. Les fonctions dans l&rsquo;Eglise sont <u>vari\u00e9es<\/u>, mais c&rsquo;est toujours le <b>m\u00eame<\/b> Seigneur. Les activit\u00e9s sont vari\u00e9es, mais c&rsquo;est toujours le m\u00eame Dieu qui agit en tous. (&#8230;) Mais celui qui agit en tout cela, c&rsquo;est le m\u00eame et unique Esprit : il distribue ses dons \u00e0 chacun, selon sa volont\u00e9. Prenons une comparaison : notre corps forme <b>un<\/b> tout, il a pourtant <u>plusieurs<\/u> membres ; et tous les membres, malgr\u00e9 leur<br \/>\nnombre, ne forment <b>qu&rsquo;un seul<\/b> corps. Il en est ainsi pour le Christ. Tous, Juifs ou pa\u00efens, esclaves ou hommes libres, nous avons \u00e9t\u00e9 baptis\u00e9s dans <b>l&rsquo;unique<\/b> Esprit pour former <b>un seul<\/b> corps. Tous nous avons \u00e9t\u00e9 d\u00e9salt\u00e9r\u00e9s par <b>l&rsquo;unique<\/b><br \/>\nEsprit. Le corps humain se compose de <u>plusieurs<\/u> membres, et non pas <b>d&rsquo;un seul<\/b>. Le pied aura beau dire : \u00ab Je ne suis pas la main, donc je ne fais pas partie du corps \u00bb, il fait toujours partie du corps. L&rsquo;oreille aura beau dire : \u00ab Je ne suis pas l&rsquo;oeil, donc je ne fais pas partie du corps \u00bb, elle fait toujours partie du corps. Si, dans le corps, il n&rsquo;y avait que les yeux, comment pourrait-on entendre ? S&rsquo;il n&rsquo;y avait que les oreilles, comment pourrait-on sentir les odeurs ? Mais, dans le corps, Dieu a dispos\u00e9 les diff\u00e9rents membres comme il l&rsquo;a voulu. S&rsquo;il n&rsquo;y en avait qu&rsquo;un seul, comment cela ferait-il un corps ?&nbsp; Il y a donc \u00e0 la fois <u>plusieurs<\/u> membres, et <b>un seul <\/b>corps.<\/i><\/span><\/p>\n<p>Paul n&rsquo;innove pas en comparant la communaut\u00e9 \u00e0 \u00ab un corps qui est Un mais qui a pourtant plusieurs membres \u00bb (1 Co 12, 12). Il reprend une image commune \u00e0 la litt\u00e9rature gr\u00e9co-romaine qui servait \u00e0 dire la solidarit\u00e9 des divers groupes humains dans la vie sociale. Au cours d&rsquo;un conflit \u00e0 Rome entre la pl\u00e8be et le s\u00e9nat, un parlementaire, Menenius Agrippa, raconta une fable pour montrer l&rsquo;\u00e9gale importance des membres dans la cit\u00e9. Il est tout \u00e0 fait int\u00e9ressant de voir que l&rsquo;argumentation de Paul concernant les membres reprend cette all\u00e9gorie.<br \/>\n<i>\u00ab&nbsp;Au temps o\u00f9 le corps humain ne formait pas comme aujourd&rsquo;hui un tout en parfaite harmonie, mais o\u00f9 chaque membre avait son opinion et son langage, tous s&rsquo;\u00e9taient indign\u00e9s d&rsquo;avoir le souci, la peine, la charge d&rsquo;\u00eatre les pourvoyeurs de l&rsquo;estomac, tandis que lui, oisif au milieu d&rsquo;eux, n&rsquo;avait qu&rsquo;\u00e0 jouir des plaisirs qu&rsquo;on lui procurait ; tous, d&rsquo;un commun accord, avaient d\u00e9cid\u00e9, les mains de ne plus porter les aliments \u00e0 la bouche, la bouche de ne plus les recevoir, les dents de ne plus les broyer. Mais, en voulant dans leur col\u00e8re r\u00e9duire l&rsquo;estomac par la famine, du coup, les membres, eux aussi, et le corps entier \u00e9taient tomb\u00e9s dans un complet \u00e9puisement. Ils avaient alors compris que la fonction de l&rsquo;estomac n&rsquo;\u00e9tait pas non plus une sin\u00e9cure, que, s&rsquo;ils le nourrissaient, il les nourrissait, en renvoyant \u00e0 toutes les parties<br \/>\ndu corps ce principe de vie et de force r\u00e9parti entre toutes les<br \/>\nveines, le fruit de la digestion, le sang.&nbsp;\u00bb<\/i><br \/>\n<b>Tite-Live<\/b>, <i>Histoire Romaine (Ab Urbe condita)<\/i>, II, 32 <\/p>\n<p>Paul, \u00e0 partir de cette image du corps va plus loin ; L&rsquo;Eglise de Corinthe n&rsquo;est pas simplement \u00ab comme un corps \u00bb, ce n&rsquo;est pas qu&rsquo;une image pour comprendre. L&rsquo;Eglise  EST  r\u00e9ellement le \u00ab Corps du Christ \u00bb : \u00ab Vous \u00eates le corps de Christ et vous \u00eates ses membres, chacun pour sa part. \u00bb (1 Co 12, 27)<br \/>\nD&rsquo;o\u00f9 l&rsquo;enjeu de son unit\u00e9 dans la diversit\u00e9 de ses membres. L&rsquo;Eglise, c&rsquo;est un corps qui tient sa vie et son unit\u00e9 du Christ et il y a n\u00e9cessit\u00e9 de coop\u00e9ration de ses membres dans leur diversit\u00e9.<br \/> <br \/>\nC&rsquo;est le Christ qui rassemble et unit toute l&rsquo;Eglise : \u00ab 16 Le pain que nous rompons n&rsquo;est-il pas une communion au corps du Christ?  17 Puisqu&rsquo;il y a un seul pain, nous sommes tous un seul corps: car tous nous participons \u00e0 cet unique pain \u00bb (1 Co 10, 16-17).<\/p>\n<p>IV &#8211; En conclusion:<br \/>\n<span style=\"color: rgb(51, 102, 255);\"><\/span><\/p>\n<p>Cette unit\u00e9 qui respecte la diversit\u00e9 des membres, est toujours \u00e0 construire ; Mais si c&rsquo;est en Christ qu&rsquo;elle advient pour nous les croyants, alors c&rsquo;est un appel \u00e0 nous nourrir toujours plus de sa parole, de son corps pour nous laisser travailler int\u00e9rieurement par sa pr\u00e9sence et pour grandir dans l&rsquo;accueil mutuel de nos diff\u00e9rences.<\/p>\n<div align=\"center\"><img decoding=\"async\" src=\"\/IMG\/jpg\/foule.jpg\" width=450\"><\/div>\n<p><\/p>\n<div align=\"center\">x-x-x-x-x-x-x-x-x-x-x-x-x-x-x-x-x-x-x-x-x-x-x-x-x-x-x-x-x-x-x-x-x-x<\/div>\n<p><b><br \/>\nQuelques questions pour r\u00e9fl\u00e9chir:<\/p>\n<p>1- Qu&rsquo;est-ce que j&rsquo;ai d\u00e9couvert personnellement \u00e0 travers ces<br \/>\ntextes bibliques?<br \/>\n2- Quels \u00e9chos dans la vie de notre communaut\u00e9 chr\u00e9tienne? Est-ce que<br \/>\nl&rsquo;on se retrouve?<br \/>\n3- Concr\u00e8tement qu&rsquo;est-ce que l&rsquo;on pourrait mettre en oeuvre pour<br \/>\ngrandir dans cette unit\u00e9 dans la diversit\u00e9? <\/b><\/div>\n","protected":false},"excerpt":{"rendered":"<p>\u00ab\u00a0J&rsquo;ai eu beaucoup de mal \u00e0\u00a0 arr\u00eater les carrefours, qui ont dur\u00e9 vingt-cinq minutes. C&rsquo;\u00e9tait tout simplement g\u00e9nial !\u00a0\u00bb se r\u00e9jouit le P\u00e8re Philippe Legrand. Apr\u00e8s la brillante intervention de Sylvie Meriaux, soeur des&#46;&#46;&#46;<\/p>\n","protected":false},"author":2,"featured_media":0,"comment_status":"open","ping_status":"open","sticky":false,"template":"","format":"standard","meta":{"footnotes":""},"categories":[],"tags":[],"class_list":["post-344","post","type-post","status-publish","format-standard","hentry"],"_links":{"self":[{"href":"http:\/\/www.chapelle-crecy.com\/index.php?rest_route=\/wp\/v2\/posts\/344","targetHints":{"allow":["GET"]}}],"collection":[{"href":"http:\/\/www.chapelle-crecy.com\/index.php?rest_route=\/wp\/v2\/posts"}],"about":[{"href":"http:\/\/www.chapelle-crecy.com\/index.php?rest_route=\/wp\/v2\/types\/post"}],"author":[{"embeddable":true,"href":"http:\/\/www.chapelle-crecy.com\/index.php?rest_route=\/wp\/v2\/users\/2"}],"replies":[{"embeddable":true,"href":"http:\/\/www.chapelle-crecy.com\/index.php?rest_route=%2Fwp%2Fv2%2Fcomments&post=344"}],"version-history":[{"count":0,"href":"http:\/\/www.chapelle-crecy.com\/index.php?rest_route=\/wp\/v2\/posts\/344\/revisions"}],"wp:attachment":[{"href":"http:\/\/www.chapelle-crecy.com\/index.php?rest_route=%2Fwp%2Fv2%2Fmedia&parent=344"}],"wp:term":[{"taxonomy":"category","embeddable":true,"href":"http:\/\/www.chapelle-crecy.com\/index.php?rest_route=%2Fwp%2Fv2%2Fcategories&post=344"},{"taxonomy":"post_tag","embeddable":true,"href":"http:\/\/www.chapelle-crecy.com\/index.php?rest_route=%2Fwp%2Fv2%2Ftags&post=344"}],"curies":[{"name":"wp","href":"https:\/\/api.w.org\/{rel}","templated":true}]}}