{"id":345,"date":"2011-03-17T02:32:56","date_gmt":"2011-03-17T02:32:56","guid":{"rendered":""},"modified":"-0001-11-30T00:00:00","modified_gmt":"-0001-11-29T22:00:00","slug":"","status":"publish","type":"post","link":"http:\/\/www.chapelle-crecy.com\/?p=345","title":{"rendered":"Seisme au Japon: t\u00e9moignage poignant d&rsquo;une amie du P\u00e8re Marjou"},"content":{"rendered":"<div align=\"justify\">Le P\u00e8re Jean-Claude Marjou est pr\u00eatre r\u00e9f\u00e9rent dans le secteur paroissial de Cr\u00e9cy-la-Chapelle. Il fait \u00e9galement partie d&rsquo;une communaut\u00e9 religieuse, les p\u00e8res des Sacr\u00e9s-Coeurs (dits \u00ab\u00a0picpuciens\u00a0\u00bb \u00e0\u00a0 cause du quartier de Paris). Avec \u00e9motion et force d&rsquo;interpellation en ce temps de car\u00eame, il souhaite nous faire partager le t\u00e9moignage de Madame Claude S. qui vit actuellement \u00e0\u00a0 Ibaraki, lieu du drame. En lisant ces lignes saisissantes, nous ne pouvons que nous joindre \u00e0\u00a0 nos fr\u00e8res japonais par une pri\u00e8re fervente !<\/div>\n<div align=\"justify\">Mot d&rsquo;introduction du P\u00e8re Marjou<\/p>\n<p> Lorsque j&rsquo;ai fait ma premi\u00e8re entr\u00e9e dans la communaut\u00e9 des p\u00e8res des Sacr\u00e9s-Coeurs, en 1956, j&rsquo;avais 12 ans et j&rsquo;entrais au petit s\u00e9minaire. C&rsquo;est l\u00e0 que j&rsquo;ai d\u00e9couvert la mission du Japon. J&rsquo;ai tout de suite r\u00eav\u00e9 d&rsquo;y aller. Mais, l&rsquo;appel de Dieu a \u00e9t\u00e9 autre. J&rsquo;ai tout de m\u00eame eu l&rsquo;occasion de conna \u00eetre et de rencontrer des fr\u00e8res et des la\u00efcs de cette mission.<br \/>\n J&rsquo;ai connu Claude \u00e0 Picpus, il y a quelques ann\u00e9es. Elle fait partie de la fraternit\u00e9 s\u00e9culi\u00e8re de notre famille religieuse des Sacr\u00e9s-Coeurs. Elle est mari\u00e9e \u00e0 un japonais&#8230; et vit l\u00e0-bas exactement l\u00e0 o\u00f9 se d\u00e9roule le drame. Presque chaque jour, depuis le d\u00e9but des \u00e9v\u00e9nements, nous communiquons par courrier \u00e9lectronique. Ses messages me bouleversent et me confortent dans cette certitude :<br \/>\n  \u00e2\u20ac\u0153Si nous avons mis notre foi dans le Seigneur pour cette vie seulement, alors nous sommes les plus malheureux des hommes !\u00e2\u20ac\u009d<\/p>\n<div align=\"center\"><img decoding=\"async\" src=\"\/IMG\/jpg\/jean-claude-marjou.jpg\" height=220><br \/>\u00abLe tremblement de terre, le tsunami, l&rsquo;alerte nucl\u00e9aire ont rapproch\u00e9 le Japon de chez nous.\u00bb<\/div>\n<p> Lundi 14 mars :<br \/>\n C&rsquo;est le soir au Japon et je suis assez fatigu\u00e9e, mais je vais essayer de mettre 2 mots. Le Nord de l&rsquo;Ile principale vit l&rsquo;horreur\u00e2\u20ac\u00a6j&rsquo;aime pourtant beaucoup cette r\u00e9gion qui ressemble beaucoup \u00e0 mon Jura natal. Une \u00e9norme secousse a \u00e9branl\u00e9 toute la c\u00f4te pacifique sur 500 kms et avec une \u00e9paisseur de 200 kms. Autrement dit, ce n&rsquo;\u00e9tait pas UN tremblement de terre mais une foule d&rsquo;\u00e9picentres \u00e9parpill\u00e9s, nous sommes \u00e0 Ibaraki, une des zones actives principales. Surtout la ville de Hitachi, au nord du d\u00e9partement, qui s&rsquo;est trouv\u00e9e plong\u00e9e dans le noir. Toutes les liaisons t\u00e9l\u00e9phoniques ou les mails \u00e9taient sans r\u00e9ponse. La ville de Kashima aussi \u00e9tait plong\u00e9e dans le silence et on pense que le tsunami a \u00e9t\u00e9 tr\u00e8s important puisqu&rsquo;au niveau de Mito, il a \u00e9t\u00e9 de plus de 4 m\u00e8tres. C&rsquo;\u00e9tait vendredi et dans les \u00e9glises, on avait fait le Chemin de Croix; l&rsquo;avant veille, on avait fait la messe du mercredi des Cendres pour entrer en Car\u00eame. La secousse a eu lieu un peu avant 3H de l&rsquo;apr\u00e8s midi\u00e2\u20ac\u00a6le p\u00e8re McD. souffrant d&rsquo;une grippe va donc voir comment avait tenu l&rsquo;\u00e9glise, tout allait bien, \u00e0 part les 2 petites statues de chaque c\u00f4t\u00e9: Marie et Joseph\u00e2\u20ac\u00a6elles sont tomb\u00e9es et se sont bris\u00e9es. Dans la salle commune, pas mal de charivari comme dans toutes les maisons\u00e2\u20ac\u00a6vaisselle cass\u00e9e, chute d&rsquo;objets divers. Je dois dire que ce dimanche, nous f\u00eatons l&rsquo;anniversaire de la D\u00e9dicace de notre \u00e9glise, et Mito f\u00eatera d\u00e9but mai, les 60 ans de sacerdoce du P\u00e8re Biffar. Les familles compl\u00e8tes comme la mienne, sont rares. Pas mal de familles ont des parents disparus ou emport\u00e9s par le tsunami. Maintenant, ce sont les p\u00e9nuries en tous genres et la peur des radiations\u00e2\u20ac\u00a6il suffit que le vent souffle vers nous et les gens seront irradi\u00e9s. Plus de travail\u00e2\u20ac\u00a6l&rsquo;\u00e9conomie d\u00e9gringole, mais si on se fie a Dieu, apr\u00e8s la purification, on aura l&rsquo;Arc-en-ciel.<\/p>\n<p> Mardi 15 mars, au matin:<br \/>\n Comme l&rsquo;essence est tr\u00e8s rare, je n&rsquo;ai plus de travail\u00ef\u00bc\u0161 personne ne peut plus user d&rsquo;une voiture qu&rsquo;au risque d&rsquo;affronter d&rsquo;interminables embouteillages vers la gare pour essayer de trouver un magasin ouvert\u00e2\u20ac\u00a6qui n&rsquo;a plus grand-chose \u00e0 proposer: j&rsquo;irais bien \u00e0 l&rsquo;\u00e9glise prier devant le St Sacrement, mais c&rsquo;est un luxe irr\u00e9alisable. J&rsquo;ai \u00e9t\u00e9 r\u00e9veill\u00e9e par une secousse \u00e0 3H du matin. On n&rsquo;a la possibilit\u00e9 de t\u00e9l\u00e9phoner que quelques minutes par jour. Il ne reste que la radio qui annonce l&rsquo;arriv\u00e9e des \u00e9quipes de sauvetage de nombreux pays dont l&rsquo;Allemagne, la Suisse et la France. Ils sont \u00e0 Tokyo mais pas encore dans le Nord. Encore une secousse de magnitude environ 5 juste sous nos pieds\u00e2\u20ac\u00a6Si au moins la communaut\u00e9 peut se rassembler pour la messe de dimanche. Les gens viennent d&rsquo;un rayon d&rsquo;une dizaine de kms. L&rsquo;\u00e9lectricit\u00e9 va peut-\u00eatre \u00eatre coup\u00e9e dans 2 heures. La pri\u00e8re possible avec une oreille sur la radio se limite au Notre P\u00e8re coup\u00e9 en 2 morceaux ou au kyrie. Dire un seul Notre P\u00e8re et je pleure d\u00e9j\u00e0 au milieu. Pourquoi je pleure pour la faiblesse de l&rsquo;humanit\u00e9 qui se croyait forte\u00e2\u20ac\u00a6 pour notre incapacit\u00e9 totale \u00e0 g\u00e9rer m\u00eame une seule demi-journ\u00e9e\u00e2\u20ac\u00a6 je pleure pour les victimes et pour ceux qui fuient\u00e2\u20ac\u00a6heureusement je me raccroche toujours \u00e0 Dieu trinitaire et eucharistique\u00e2\u20ac\u00a6mais la fatigue m&#8217;emp\u00eache de faire des phrases sens\u00e9es. St Damien, le Coeur douloureux de Marie sont pr\u00e9sents.<br \/>\n 15 mars : Au r\u00e9veil ce matin grosse surprise \u00ef\u00bc\u0161les secousses se d\u00e9placent au sud de Tokyo, pr\u00e8s du Mont Fuji, volcan susceptible de se r\u00e9veiller et d&rsquo;entrer en \u00e9ruption \u00e0 tout moment\u00e2\u20ac\u00a6Grand symbole du Japon. Mais le Seigneur a permis qu&rsquo;un nouveau jour vienne sur nous, nouveau jour d&rsquo;\u00e9preuves mais aussi de Foi et d&rsquo;esp\u00e9rance. J&rsquo;ai pu joindre au t\u00e9l\u00e9phone le P\u00e8re W.D. qui m&rsquo;a annonc\u00e9 qu&rsquo;\u00e0 Yamagata ils n&rsquo;\u00e9taient plus que 2 p\u00e8res sscc en activit\u00e9, le p\u00e8re Narita \u00e9tant \u00e0 l&rsquo;h\u00f4pital. Le dioc\u00e8se a envoy\u00e9 un plus jeune pour ce d\u00e9partement tr\u00e8s \u00e9tendu et couvert de neige, \u00e9paisse en hiver. Maintenant, Yamagata envoie de l&rsquo;aide aux sinistr\u00e9s voisins. L&rsquo;ambassade de France nous couvre de mails contradictoires et irr\u00e9alisables pour des personnes ni jeunes ni d&rsquo;une mobilit\u00e9 tr\u00e8s bonne donc devant \u00eatre accompagn\u00e9es; on ne se sent pas entour\u00e9s si on n&rsquo;est ni jeune ni athl\u00e8te. Reste la pri\u00e8re, qu&rsquo;on soit chr\u00e9tien ou non. <\/p>\n<p> Mercredi 16 mars : 9h53<br \/>\n Voil\u00e0, la fin de la journ\u00e9e. Comme j&rsquo;ai la scl\u00e9rose en plaques, maladie qu&rsquo;on nomme tr\u00e8s joliment en fran\u00e7ais une maladie d\u00e9g\u00e9n\u00e9rative, le Japon propose \u00e0 tous les patients les piq\u00fbres sous-cutan\u00e9es de betaferon. Je me les fais toute seule, mais aujourd&rsquo;hui c&rsquo;\u00e9tait avec un accompagnement musical: un vent glacial du genre temp\u00eate, plus une alarme de s\u00e9isme imminent recommandant de se glisser sous une table pour se prot\u00e9ger de chutes d&rsquo;objets divers! Maintenant, je suis habitu\u00e9e autant \u00e0 rater mes piq\u00fbres sans me d\u00e9moraliser qu&rsquo;\u00e0 les r\u00e9ussir dans des conditions m\u00e9t\u00e9o mauvaises. Donc, aujourd&rsquo;hui c&rsquo;\u00e9tait une secousse de Magnitude 6, parmi les 300 \u00e0 peine moins violentes en 4 jours. Mais, porter un masque protecteur contre les particules radioactives, non. Je ne vois plus rien. Ces masques finissent dans la poche comme des kleenex! Se prot\u00e9ger contre les rayons, c&rsquo;est comme contre la grippe aviaire ou porcine. Quand, par mesure d&rsquo;hygi\u00e8ne, on ne trouve plus une goutte d&rsquo;eau b\u00e9nite dans les \u00e9glises, moi je suis une fervente admiratrice du P\u00e8re Damien qui mangeait dans la m\u00eame \u00e9cuelle que ses malades rejet\u00e9s par tout le monde. Il savait bien qu&rsquo;il risquait beaucoup humainement, mais que Dieu est sup\u00e9rieur \u00e0 tout cela.<\/p>\n<p> Mercredi 16 mars :10h40<br \/>\n Suite et fin de la journ\u00e9e: l&rsquo;Ambassade de France vient de communiquer une d\u00e9claration du premier ministre au nom du Gouvernement appelant au rapatriement de tous les ressortissants fran\u00e7ais. Mais, \u00e9tant handicap\u00e9e, je ne sais pas ce qui adviendra de moi. Pour aujourd&rsquo;hui: rien, la nuit est tomb\u00e9e. Demain est un autre jour. Avec gratitude pour toutes vos pri\u00e8res. <\/p>\n<p> Mercredi 16 mars :20h15<br \/>\n La Nature se rebelle contre une humanit\u00e9 qui pensait pouvoir la noyer dans l&rsquo;asphalte et le b\u00e9ton. Depuis l&rsquo;ann\u00e9e derni\u00e8re surtout, combien d&rsquo;arbres ont \u00e9t\u00e9 arrach\u00e9s et de parkings de grandes surfaces o\u00f9 on pouvait trouver tous les produits exotiques. Oui, l&rsquo;humanit\u00e9 a p\u00e9ch\u00e9 et le d\u00e9chainement subit des \u00e9l\u00e9ments a \u00e9t\u00e9 un rappel \u00e0 l&rsquo;ordre, maintenant il faut un repentir sinc\u00e8re\u00e2\u20ac\u00a6 Oui nous avons p\u00e9ch\u00e9, nous avons vraiment p\u00e9ch\u00e9. Nous ne prierons jamais assez\u00e2\u20ac\u00a6avoir pr\u00e9f\u00e9r\u00e9 le Guinness book au portement de Croix. L&rsquo;Eglise glorieuse seule, peut encore montrer des exemples de chemin \u00e0 suivre. Priez non pour le mieux aller de nos corps mais pour nos \u00e2mes.<\/p>\n<p> T\u00e9moignage transmis par:<br \/>\n <\/font><\/font><font><font color=\"#000000\" face=\"Arial\" size=\"2\"><font\nface=\"Chiller\" lang=\"1\" size=\"2\"><img\nsrc=\"https:\/\/mail.google.com\/mail\/?ui=2&#038;ik=5231e1dca7&#038;view=att&#038;th=12ec087db4d12c4f&#038;attid=0.0.1&#038;disp=emb&#038;zw\"\nborder=\"0\" height=\"16\" width=\"24\"><\/font><font\nstyle=\"background-color: rgb(0, 255, 255);\" color=\"#000000\"\nface=\"Chiller\" lang=\"1\" size=\"4\">Jean Claude Marjou, sscc <br \/>\n<\/font><font color=\"#000000\" face=\"Arial\" lang=\"1\" size=\"1\">centre<br \/>\nparoissial saint Damien de Veuster<br \/>\n24 rue Beaumarchais<br \/>\n77100 MEAUX<br \/>\nt\u00e9l : 01 64 33 29 39<\/font><\/font><\/font><\/p>\n<p> Saint Damien de Veuster, priez pour nous<br \/>\n  Les P\u00e8re Jean-Claude Marjou, Jean Vale et Luc Schweitzer, religieux des Sacr\u00e9s Coeurs sont actuellement pr\u00e9sents \u00e0 Meaux St Jean Bosco depuis bien des ann\u00e9es. Cette \u00e9glise de Beauval qui a accueilli la premi\u00e8re conf\u00e9rence de car\u00eame lundi 14 mars dernier porte d\u00e9sormais le titre d \u00ab \u00e9glise St Damien de Veuster \u00bb, depuis le 11 octobre 2009, date de la canonisation du P\u00e8re Damien par le Pape Benoit XVI. En canonisant Damien, l&rsquo;Eglise nous a offert pour mod\u00e8le une belle et grande figure de missionnaire et nous invite au refus de toutes les exclusions. <\/p>\n<div align=\"center\">\n<img decoding=\"async\" src=\"\/IMG\/jpg\/damien_lepreux.jpg\"width=350><br \/> <br \/>\nLe P\u00e8re Damien a \u00e9t\u00e9 canonis\u00e9 le 11 octobre 2009<\/div>\n<p> Membre de la Congr\u00e9gation des Sacr\u00e9s Coeurs de J\u00e9sus et de Marie (dite de Picpus), Damien de Veuster (1840-1889) fut l&rsquo;ap\u00f4tre des l\u00e9preux de Moloka\u00ef (une  \u00eele appartenant \u00e0 l&rsquo;archipel des  \u00eeles Hawa\u00ef). Il se d\u00e9voua corps et \u00e2me pour ces malades abandonn\u00e9s de tous, confin\u00e9s sur une partie de l&rsquo; \u00eele susdite. Il fut tellement l&rsquo;ami des l\u00e9preux, tellement l\u00e9preux avec les l\u00e9preux, qu&rsquo;il finit par contracter lui-m\u00eame la terrible maladie. Par son d\u00e9vouement sans mesure, par sa proximit\u00e9 avec les l\u00e9preux, il montra que tout homme, quelle que soit son apparence, est digne d&rsquo;\u00eatre aim\u00e9. <\/p>\n<p>Pri\u00e8re<\/p>\n<p>Saint Damien, notre fr\u00e8re,  <\/p>\n<p>tu as entendu l&rsquo;appel et tu t&rsquo;es mis en route,<\/p>\n<p>missionnaire heureux et g\u00e9n\u00e9reux,<\/p>\n<p>tu as aim\u00e9 l&rsquo;Evangile plus que ta vie,<\/p>\n<p>pour amour de J\u00e9sus,<\/p>\n<p>tu as quitt\u00e9 ta famille et ton pays,<\/p>\n<p>tes s\u00e9curit\u00e9s et tes r\u00eaves \u00e0 toi,  <\/p>\n<p>Enseigne-nous \u00e0 donner notre vie avec ta joie.<\/p>\n<p>\u00e0 \u00eatre l\u00e9preux avec les l\u00e9preux d&rsquo;aujourd&rsquo;hui,<\/p>\n<p>\u00e0 c\u00e9l\u00e9brer et \u00e0 contempler l&rsquo;eucharistie<\/p>\n<p>comme la source du don de nous-m\u00eames.  <\/p>\n<p>Aide-nous \u00e0 aimer jusqu&rsquo;\u00e0 l&rsquo;extr\u00eame,<\/p>\n<p>et \u00e0 pers\u00e9v\u00e9rer, avec la force de l&rsquo;Esprit,<\/p>\n<p>dans la compassion des pauvres et des oubli\u00e9s<\/p>\n<p>pour \u00eatre de vrais disciples de J\u00e9sus et de Marie.  <\/p>\n<p>Amen.\n<\/p><\/div>\n","protected":false},"excerpt":{"rendered":"<p>Le P\u00e8re Jean-Claude Marjou est pr\u00eatre r\u00e9f\u00e9rent dans le secteur paroissial de Cr\u00e9cy-la-Chapelle. Il fait \u00e9galement partie d&rsquo;une communaut\u00e9 religieuse, les p\u00e8res des Sacr\u00e9s-Coeurs (dits \u00ab\u00a0picpuciens\u00a0\u00bb \u00e0\u00a0 cause du quartier de Paris). Avec \u00e9motion&#46;&#46;&#46;<\/p>\n","protected":false},"author":2,"featured_media":0,"comment_status":"open","ping_status":"open","sticky":false,"template":"","format":"standard","meta":{"footnotes":""},"categories":[],"tags":[],"class_list":["post-345","post","type-post","status-publish","format-standard","hentry"],"_links":{"self":[{"href":"http:\/\/www.chapelle-crecy.com\/index.php?rest_route=\/wp\/v2\/posts\/345","targetHints":{"allow":["GET"]}}],"collection":[{"href":"http:\/\/www.chapelle-crecy.com\/index.php?rest_route=\/wp\/v2\/posts"}],"about":[{"href":"http:\/\/www.chapelle-crecy.com\/index.php?rest_route=\/wp\/v2\/types\/post"}],"author":[{"embeddable":true,"href":"http:\/\/www.chapelle-crecy.com\/index.php?rest_route=\/wp\/v2\/users\/2"}],"replies":[{"embeddable":true,"href":"http:\/\/www.chapelle-crecy.com\/index.php?rest_route=%2Fwp%2Fv2%2Fcomments&post=345"}],"version-history":[{"count":0,"href":"http:\/\/www.chapelle-crecy.com\/index.php?rest_route=\/wp\/v2\/posts\/345\/revisions"}],"wp:attachment":[{"href":"http:\/\/www.chapelle-crecy.com\/index.php?rest_route=%2Fwp%2Fv2%2Fmedia&parent=345"}],"wp:term":[{"taxonomy":"category","embeddable":true,"href":"http:\/\/www.chapelle-crecy.com\/index.php?rest_route=%2Fwp%2Fv2%2Fcategories&post=345"},{"taxonomy":"post_tag","embeddable":true,"href":"http:\/\/www.chapelle-crecy.com\/index.php?rest_route=%2Fwp%2Fv2%2Ftags&post=345"}],"curies":[{"name":"wp","href":"https:\/\/api.w.org\/{rel}","templated":true}]}}