{"id":346,"date":"2011-03-20T09:43:11","date_gmt":"2011-03-20T09:43:11","guid":{"rendered":""},"modified":"-0001-11-30T00:00:00","modified_gmt":"-0001-11-29T22:00:00","slug":"","status":"publish","type":"post","link":"http:\/\/www.chapelle-crecy.com\/?p=346","title":{"rendered":"Annonces de la semaine du 21 au 27 mars 2011"},"content":{"rendered":"<table bgcolor =\"F0FAFF\" border=0>\n<tbody>\n<tr>\n<td>\n<div align=\"justify\">\n<div \"268\">Voici les annonces de la semaine du lundi 21 au dimanche 27 mars 2011 pour la paroisse des 3 clochers Cr\u00e9cy-la-Chapelle, Villiers-sur-Morin, Voulangis.<br \/>\nSamedi 26 \u00e0\u00a0 18 h : Messe \u00e0\u00a0 Voulangis, 20h : Soir\u00e9e de l&rsquo;amiti\u00e9 \u00e0\u00a0 Cr\u00e9cy &#8211; Dimanche 27 \u00e0\u00a0 10 h 30, messe \u00e0\u00a0 Cr\u00e9cy &#8211; Tous les d\u00e9tails dans la suite &#8230;<\/div>\n<\/div>\n<\/td>\n<\/tr>\n<\/tbody>\n<\/table>\n<table bgcolor =\"F0F6FF\" border=0>\n<tbody>\n<tr>\n<td width=\"25%\"><font color=\"00CC00\">Lundi 21 mars<\/font><\/td>\n<td><font color=\"00CC00\">17 h &#8211; C\u00e9l\u00e9bration \u00e0 la Maison de Retraite.<\/font><\/td>\n<td><font color=\"00CC00\">20 h 30  2\u00e8me soir\u00e9e de retraite de Car\u00eame, \u00e0 l&rsquo;\u00e9glise de Cr\u00e9cy.<\/font><\/td>\n<\/tr>\n<tr>\n<td><font color=\"802020\">Mardi 22 mars<font><\/td>\n<td><font color=\"802020\">9 h  Messe \u00e0 Cr\u00e9cy pour Fran\u00e7ois ORLANDO et Albert LAMY.<font><\/td>\n<td><font color=\"802020\"><\/p>\n<div align=\"center\"><img decoding=\"async\" src=\"\/IMG\/gif\/lumiere_65.gif\"><\/div>\n<p><\/font><\/td>\n<\/tr>\n<tr>\n<td><font color=\"0020FF\">Mercredi 23 mars<font><\/td>\n<td><font color=\"0020FF\"><\/p>\n<div align=\"center\"><img decoding=\"async\" src=\"\/IMG\/gif\/cross.gif\"><\/div>\n<p><font><\/td>\n<td><font color=\"0020FF\">18 h &#8211; Messe \u00e0 Cr\u00e9cy pour Andr\u00e9e LAURENT et julien GONZALES.<\/font><\/td>\n<\/tr>\n<tr>\n<td><font color=\"00CC00\">Jeudi 24 mars<\/font><\/td>\n<td><font color=\"00CC00\">9 h  Messe \u00e0  Cr\u00e9cy pour Evelyne PILOT et  Arlette MICIAK.<font><\/td>\n<td><font color=\"00CC00\">20 h30 &#8211;  Assembl\u00e9e G\u00e9n\u00e9rale de l&rsquo;Association AMITIE-BRIE-BENIN \u00e0 la salle Altmann  \u00e0 Cr\u00e9cy.<font><\/td>\n<\/tr>\n<tr>\n<td><font color=\"802020\">Vendredi 25 mars<br \/><i>Solennit\u00e9 de l&rsquo;Annonciation<\/i><\/font><\/td>\n<td><font color=\"802020\">18 h &#8211; Messe \u00e0 Cr\u00e9cy pour les Ames du Purgatoire.<font><\/td>\n<td><font color=\"802020\">19 h &#8211; R\u00e9union de Pr\u00e9paration au Mariage \u00e0 la salle paroissiale.<font><\/td>\n<\/tr>\n<tr>\n<td><font color=\"0020FF\">Samedi 26 mars<\/font><\/td>\n<td><font color=\"0020FF\">Ce soir de la soir\u00e9e de l&rsquo;Amiti\u00e9,  la Messe \u00e0 Voulangis sera c\u00e9l\u00e9br\u00e9e \u00e0 18 heures au lieu de 18 h 30. Elle sera c\u00e9l\u00e9br\u00e9e pour Georges PAQUET et  Daniel BROUILLIER.<br \/>\nEt nous nous retrouvons \u00e0 la salle Altmann, \u00e0 Cr\u00e9cy pour le repas de l&rsquo;Amiti\u00e9.<font><\/td>\n<td><font color=\"0020FF\"><\/p>\n<div align=\"center\"><img decoding=\"async\" src=\"\/IMG\/lieux\/altmann.jpg\" width=150><\/div>\n<p><font><\/td>\n<\/tr>\n<tr>\n<td><font color=\"00CC00\">Dimanche 27 mars<br \/><i>3\u00e8me dimanche de Car\u00eame<\/i><\/font><\/td>\n<td><font color=\"00CC00\"><\/p>\n<div align=\"center\"><img decoding=\"async\" src=\"\/IMG\/lieux\/stgeorges09.jpg\"  width=150>\n<\/div>\n<p><\/font><\/td>\n<td><font color=\"00CC00\">10 h 30 &#8211; Messe \u00e0 Cr\u00e9cy pour Michel et S\u00e9raphine  BORELLI.<\/font><\/td>\n<\/tr>\n<\/tbody>\n<\/table>\n","protected":false},"excerpt":{"rendered":"<p>Voici les annonces de la semaine du lundi 21 au dimanche 27 mars 2011 pour la paroisse des 3 clochers Cr\u00e9cy-la-Chapelle, Villiers-sur-Morin, Voulangis. Samedi 26 \u00e0\u00a0 18 h : Messe \u00e0\u00a0 Voulangis, 20h :&#46;&#46;&#46;<\/p>\n","protected":false},"author":2,"featured_media":0,"comment_status":"open","ping_status":"open","sticky":false,"template":"","format":"standard","meta":{"footnotes":""},"categories":[],"tags":[],"class_list":["post-346","post","type-post","status-publish","format-standard","hentry"],"_links":{"self":[{"href":"http:\/\/www.chapelle-crecy.com\/index.php?rest_route=\/wp\/v2\/posts\/346","targetHints":{"allow":["GET"]}}],"collection":[{"href":"http:\/\/www.chapelle-crecy.com\/index.php?rest_route=\/wp\/v2\/posts"}],"about":[{"href":"http:\/\/www.chapelle-crecy.com\/index.php?rest_route=\/wp\/v2\/types\/post"}],"author":[{"embeddable":true,"href":"http:\/\/www.chapelle-crecy.com\/index.php?rest_route=\/wp\/v2\/users\/2"}],"replies":[{"embeddable":true,"href":"http:\/\/www.chapelle-crecy.com\/index.php?rest_route=%2Fwp%2Fv2%2Fcomments&post=346"}],"version-history":[{"count":0,"href":"http:\/\/www.chapelle-crecy.com\/index.php?rest_route=\/wp\/v2\/posts\/346\/revisions"}],"wp:attachment":[{"href":"http:\/\/www.chapelle-crecy.com\/index.php?rest_route=%2Fwp%2Fv2%2Fmedia&parent=346"}],"wp:term":[{"taxonomy":"category","embeddable":true,"href":"http:\/\/www.chapelle-crecy.com\/index.php?rest_route=%2Fwp%2Fv2%2Fcategories&post=346"},{"taxonomy":"post_tag","embeddable":true,"href":"http:\/\/www.chapelle-crecy.com\/index.php?rest_route=%2Fwp%2Fv2%2Ftags&post=346"}],"curies":[{"name":"wp","href":"https:\/\/api.w.org\/{rel}","templated":true}]}}