{"id":350,"date":"2011-04-14T08:22:00","date_gmt":"2011-04-14T08:22:00","guid":{"rendered":""},"modified":"-0001-11-30T00:00:00","modified_gmt":"-0001-11-29T22:00:00","slug":"","status":"publish","type":"post","link":"http:\/\/www.chapelle-crecy.com\/?p=350","title":{"rendered":"En marche vers P\u00e2ques \u00e0\u00a0 2011"},"content":{"rendered":"<div align=\"justify\">La grande semaine des Chr\u00e9tiens approche<br \/>\nDes \u00e9v\u00e9nements qui ont marqu\u00e9 l&rsquo;histoire des hommes depuis 20 si\u00e8cles ! Cette ann\u00e9e encore nous allons revivre la Semaine Sainte dans la paroisse avec toutes celles et ceux qui croient au pouvoir de l&rsquo;amour de Dieu que J\u00e9sus nous a communiqu\u00e9. <br \/>\nEt nous allons le suivre pas \u00e0\u00a0 pas depuis son entr\u00e9e \u00e0\u00a0 J\u00e9rusalem, acclam\u00e9 par la foule, jusqu&rsquo;au jour glorieux de P\u00e2ques. J\u00e9sus nous donne l&rsquo;Eucharistie, il souffre la passion, la croix et passe par la nuit du tombeau. Nous souvenir ! nous le ferons au cours des c\u00e9l\u00e9brations de ces jours Saints pour que la vie de J\u00e9sus change nos coeurs et nous envoie davantage au service de nos fr\u00e8res. <\/div>\n<p> <\/p>\n<table border=1>\n<tbody>\n<tr>\n<td>Messe anticip\u00e9e des Rameaux<\/td>\n<td>samedi 16 avril \u00e0 18h30 \u00e0 Villiers<\/td>\n<\/tr>\n<tr>\n<td>Messe des Rameaux<\/td>\n<td>dimanche 17 avril \u00e0 10h30 \u00e0 Cr\u00e9cy<\/td>\n<\/tr>\n<tr>\n<td>C\u00e9l\u00e9bration p\u00e9nitentielle<\/td>\n<td>lundi 18 avril \u00e0 20h \u00e0 Cr\u00e9cy<\/td>\n<\/tr>\n<tr>\n<td>Mercredi Saint (messe chrismale)<\/td>\n<td>mercredi 20 avril \u00e0 20h \u00e0 la cath\u00e9drale de Meaux<\/td>\n<\/tr>\n<tr>\n<td>Jeudi Saint (c\u00e9l\u00e9bration de la Sainte C\u00e8ne)<\/td>\n<td>jeudi  21 avril \u00e0 20h \u00e0 Cr\u00e9cy<\/td>\n<\/tr>\n<tr>\n<td>Chemin de croix<\/td>\n<td>vendredi 22 avril :<br \/>\n&#8211; Voulangis \u00e0 11h<br \/>\n&#8211; Villiers \u00e0 15h<br \/>\n&#8211; Cr\u00e9cy \u00e0 17h<\/td>\n<\/tr>\n<tr>\n<td>Vendredi Saint (c\u00e9l\u00e9bration de la Passion)<\/td>\n<td>vendredi 22 avril \u00e0 20h30 \u00e0 Cr\u00e9cy<\/td>\n<\/tr>\n<tr>\n<td>Samedi Saint (veill\u00e9e Pascale)<\/td>\n<td>samedi 23 avril \u00e0 21h \u00e0 Cr\u00e9cy<\/td>\n<\/tr>\n<tr>\n<td>Messe de P\u00e2ques<\/td>\n<td>dimanche 24 avril \u00e0 10h30 \u00e0 Villiers.<\/td>\n<\/tr>\n<\/tbody>\n<\/table>\n<div align=\"center\">\n <img decoding=\"async\" src=\"\/IMG\/jpg\/RAMEXT11-1.jpg\" width=550><br \/>\n <img decoding=\"async\" src=\"\/IMG\/jpg\/horaires_pole_paques2011.jpg\" width=550><br \/>\n Le document imprimable, joint en bas de cette page, reprend tous ces horaires de la Semaine Sainte sur le p\u00f4le missionnaire de Meaux.<br \/>\n <img decoding=\"async\" src=\"\/IMG\/jpg\/SEMSAINTEXT_11.jpg\" width=550><\/p>\n<p> <img decoding=\"async\" src=\"\/IMG\/jpg\/PAQEXT11.jpg\" width=550>\n<\/div>\n","protected":false},"excerpt":{"rendered":"<p>La grande semaine des Chr\u00e9tiens approche Des \u00e9v\u00e9nements qui ont marqu\u00e9 l&rsquo;histoire des hommes depuis 20 si\u00e8cles ! Cette ann\u00e9e encore nous allons revivre la Semaine Sainte dans la paroisse avec toutes celles et&#46;&#46;&#46;<\/p>\n","protected":false},"author":2,"featured_media":0,"comment_status":"open","ping_status":"open","sticky":false,"template":"","format":"standard","meta":{"footnotes":""},"categories":[],"tags":[],"class_list":["post-350","post","type-post","status-publish","format-standard","hentry"],"_links":{"self":[{"href":"http:\/\/www.chapelle-crecy.com\/index.php?rest_route=\/wp\/v2\/posts\/350","targetHints":{"allow":["GET"]}}],"collection":[{"href":"http:\/\/www.chapelle-crecy.com\/index.php?rest_route=\/wp\/v2\/posts"}],"about":[{"href":"http:\/\/www.chapelle-crecy.com\/index.php?rest_route=\/wp\/v2\/types\/post"}],"author":[{"embeddable":true,"href":"http:\/\/www.chapelle-crecy.com\/index.php?rest_route=\/wp\/v2\/users\/2"}],"replies":[{"embeddable":true,"href":"http:\/\/www.chapelle-crecy.com\/index.php?rest_route=%2Fwp%2Fv2%2Fcomments&post=350"}],"version-history":[{"count":0,"href":"http:\/\/www.chapelle-crecy.com\/index.php?rest_route=\/wp\/v2\/posts\/350\/revisions"}],"wp:attachment":[{"href":"http:\/\/www.chapelle-crecy.com\/index.php?rest_route=%2Fwp%2Fv2%2Fmedia&parent=350"}],"wp:term":[{"taxonomy":"category","embeddable":true,"href":"http:\/\/www.chapelle-crecy.com\/index.php?rest_route=%2Fwp%2Fv2%2Fcategories&post=350"},{"taxonomy":"post_tag","embeddable":true,"href":"http:\/\/www.chapelle-crecy.com\/index.php?rest_route=%2Fwp%2Fv2%2Ftags&post=350"}],"curies":[{"name":"wp","href":"https:\/\/api.w.org\/{rel}","templated":true}]}}