{"id":352,"date":"2011-04-08T14:11:13","date_gmt":"2011-04-08T14:11:13","guid":{"rendered":""},"modified":"-0001-11-30T00:00:00","modified_gmt":"-0001-11-29T22:00:00","slug":"","status":"publish","type":"post","link":"http:\/\/www.chapelle-crecy.com\/?p=352","title":{"rendered":"La soir\u00e9e de l&rsquo;amiti\u00e9 2011"},"content":{"rendered":"<div align=\"justify\">Quelle joie fut cette soir\u00e9e du 26 mars ! La joie de se retrouver autour d&rsquo;un bon repas, le plaisir aussi pour ceux qui ont contribu\u00e9 \u00e0\u00a0 la pr\u00e9paration de ce moment de convivialit\u00e9.<br \/>\nPetite r\u00e9trospective de cet \u00e9v\u00e9nement de la vie paroissiale de Cr\u00e9cy, Voulangis et Villiers.<\/div>\n<p>La salle Altmann \u00e9tait fin pr\u00eate avant 20h pour accueillir les convives.<\/p>\n<div align=\"center\">\n<img decoding=\"async\" src=\"\/IMG\/jpg\/sa\/sa201101.jpg\" height=180>&nbsp;<br \/>\n<img decoding=\"async\" src=\"\/IMG\/jpg\/sa\/sa201102.jpg\" height=180><\/div>\n<p> Il \u00e9tait l&rsquo;heure de servir l&rsquo;ap\u00e9ritif.<\/p>\n<div align=\"center\"><img decoding=\"async\" src=\"\/IMG\/jpg\/sa\/sa201103.jpg\" width=450><\/div>\n<div align=\"center\"><img decoding=\"async\" src=\"\/IMG\/jpg\/sa\/sa201104.jpg\" height=200>&nbsp;<img decoding=\"async\" src=\"\/IMG\/jpg\/sa\/sa201105.jpg\" height=200><\/div>\n<p>Passons \u00e0 table pour savourer un d\u00e9licieux coq au vin.<\/p>\n<div align=\"center\"><img decoding=\"async\" src=\"\/IMG\/jpg\/sa\/sa201106.jpg\" width=350><br \/>\n<br \/><img decoding=\"async\" src=\"\/IMG\/jpg\/sa\/sa201107.jpg\" width=350><br \/>\n<br \/><img decoding=\"async\" src=\"\/IMG\/jpg\/sa\/sa201108.jpg\" width=350><\/div>\n<p> Petit interm\u00e8de musical en forme de jeu.<\/p>\n<div align=\"center\"><img decoding=\"async\" src=\"\/IMG\/jpg\/sa\/sa201109.jpg\" width=350><\/div>\n<p> Thierry nous conte les obs\u00e8ques de l&rsquo;abb\u00e9 Quille.<br \/>\n Le plus dur n&rsquo;\u00e9tait-il pas de conserver son s\u00e9rieux &#8230;<\/p>\n<div align=\"center\"><img decoding=\"async\" src=\"\/IMG\/jpg\/sa\/sa201110.jpg\" width=350><\/div>\n<p>&#8230; devant une salle hilare <\/p>\n<div align=\"center\"><img decoding=\"async\" height=150 src=\"\/IMG\/jpg\/sa\/sa201111.jpg\" width=250><br \/>\n<img decoding=\"async\" height=150  src=\"\/IMG\/jpg\/sa\/sa201114.jpg\" width=250><br \/>\n <img decoding=\"async\" height=120 src=\"\/IMG\/jpg\/sa\/sa201113.jpg\" width=250><br \/>\n<img decoding=\"async\" height=120 src=\"\/IMG\/jpg\/sa\/sa201112.jpg\" width=250><\/div>\n<p>Apr\u00e8s une histoire de toto<\/p>\n<div align=\"center\"><img decoding=\"async\" src=\"\/IMG\/jpg\/sa\/sa201115.jpg\" width=450><\/div>\n<p>Place aux r\u00e9bus !<\/p>\n<div align=\"center\"><img decoding=\"async\" src=\"\/IMG\/jpg\/sa\/sa201116.jpg\" width=450><\/div>\n<p>Le sermon de l&rsquo;\u00e9piphanie, lui-aussi un grand moment de la soir\u00e9e !<\/p>\n<div align=\"center\"><img decoding=\"async\" src=\"\/IMG\/jpg\/sa\/sa201117.jpg\" width=300><\/p>\n<p><img decoding=\"async\" src=\"\/IMG\/jpg\/sa\/sa201118.jpg\" width=450><\/div>\n<p>Apr\u00e8s le fromage, de Brie il s&rsquo;entend, tradition oblige, nous e\u00fbmes la visite exceptionnelle de Miss Cr\u00e9cy :<\/p>\n<div align=\"center\"><img decoding=\"async\" src=\"\/IMG\/jpg\/sa\/sa201119.jpg\" height=220><br \/>\n<img decoding=\"async\" src=\"\/IMG\/jpg\/sa\/sa201121.jpg\" height=220><\/p>\n<p><img decoding=\"async\" src=\"\/IMG\/jpg\/sa\/sa201120.jpg\" width=450><\/div>\n<p> Le sketch \u00ab\u00a0la facture de travaux\u00a0\u00bb par Christian :<\/p>\n<div align=\"center\"><img decoding=\"async\" src=\"\/IMG\/jpg\/sa\/sa201122.jpg\" width=300><br \/>\n <img decoding=\"async\" src=\"\/IMG\/jpg\/sa\/sa201123.jpg\" width=450><\/div>\n<p>Apr\u00e8s le dessert, il fut question de la ferme de Tori. Tour d&rsquo;abord au travers d&rsquo;un rappel des missions de l&rsquo;association Amiti\u00e9-Brie-B\u00e9nin pour venir en aide aux projets du P\u00e8re Guillaume Chogolou, puis vint un petit jeu sur le th\u00e8me de la ferme de Tori, o\u00f9 toute la salle participa.<\/p>\n<div align=\"center\"><img decoding=\"async\" src=\"\/IMG\/jpg\/sa\/sa201125.jpg\" height=200><img decoding=\"async\" src=\"\/IMG\/jpg\/sa\/jeu_tori.jpg\" height=200><\/div>\n<p>Un petit discours plein de lyrisme et de joie communicante lors du d\u00e9part du p\u00e8re Legrand qui nous fit honneur de sa pr\u00e9sence, ainsi que de celle du P\u00e8re Marjou.<\/p>\n<div align=\"center\"><img decoding=\"async\" src=\"\/IMG\/jpg\/sa\/sa201126.jpg\" width=450><\/div>\n<p> Voila l&rsquo;heure de la plonge, ces dames sont \u00e0 t\u00e2che<\/p>\n<div align=\"center\"><img decoding=\"async\" src=\"\/IMG\/jpg\/sa\/sa201127.jpg\" width=450><\/div>\n","protected":false},"excerpt":{"rendered":"<p>Quelle joie fut cette soir\u00e9e du 26 mars ! La joie de se retrouver autour d&rsquo;un bon repas, le plaisir aussi pour ceux qui ont contribu\u00e9 \u00e0\u00a0 la pr\u00e9paration de ce moment de convivialit\u00e9.&#46;&#46;&#46;<\/p>\n","protected":false},"author":2,"featured_media":0,"comment_status":"open","ping_status":"open","sticky":false,"template":"","format":"standard","meta":{"footnotes":""},"categories":[],"tags":[],"class_list":["post-352","post","type-post","status-publish","format-standard","hentry"],"_links":{"self":[{"href":"http:\/\/www.chapelle-crecy.com\/index.php?rest_route=\/wp\/v2\/posts\/352","targetHints":{"allow":["GET"]}}],"collection":[{"href":"http:\/\/www.chapelle-crecy.com\/index.php?rest_route=\/wp\/v2\/posts"}],"about":[{"href":"http:\/\/www.chapelle-crecy.com\/index.php?rest_route=\/wp\/v2\/types\/post"}],"author":[{"embeddable":true,"href":"http:\/\/www.chapelle-crecy.com\/index.php?rest_route=\/wp\/v2\/users\/2"}],"replies":[{"embeddable":true,"href":"http:\/\/www.chapelle-crecy.com\/index.php?rest_route=%2Fwp%2Fv2%2Fcomments&post=352"}],"version-history":[{"count":0,"href":"http:\/\/www.chapelle-crecy.com\/index.php?rest_route=\/wp\/v2\/posts\/352\/revisions"}],"wp:attachment":[{"href":"http:\/\/www.chapelle-crecy.com\/index.php?rest_route=%2Fwp%2Fv2%2Fmedia&parent=352"}],"wp:term":[{"taxonomy":"category","embeddable":true,"href":"http:\/\/www.chapelle-crecy.com\/index.php?rest_route=%2Fwp%2Fv2%2Fcategories&post=352"},{"taxonomy":"post_tag","embeddable":true,"href":"http:\/\/www.chapelle-crecy.com\/index.php?rest_route=%2Fwp%2Fv2%2Ftags&post=352"}],"curies":[{"name":"wp","href":"https:\/\/api.w.org\/{rel}","templated":true}]}}