{"id":353,"date":"2011-06-06T07:42:00","date_gmt":"2011-06-06T07:42:00","guid":{"rendered":""},"modified":"-0001-11-30T00:00:00","modified_gmt":"-0001-11-29T22:00:00","slug":"","status":"publish","type":"post","link":"http:\/\/www.chapelle-crecy.com\/?p=353","title":{"rendered":"Les journaux paroissiaux \u00e0\u00a0 l&rsquo;honneur sur France 2"},"content":{"rendered":"<div align=\"justify\">Chers amis diffuseurs et r\u00e9dacteurs de l&rsquo;Echo de la Vall\u00e9e,<\/p>\n<p>en distribuant le journal paroissial cr\u00e9\u00e7ois \u00e0\u00a0 vos voisins et amis, en le faisant conna\u00eetre autour de vous, en participant financi\u00e8rement \u00e0\u00a0 son \u00e9dition, en acceptant d&rsquo;avoir un encart publicitaire, en \u00e9crivant dans le journal, en apportant votre simple t\u00e9moignage, vous faites partie de la longue cha\u00eene humaine des quelques 150 000 r\u00e9dacteurs et diffuseurs<br \/>\ndes journaux paroissiaux de France !<br \/>\nDimanche dernier 5 juin, \u00e0\u00a0 l&rsquo;occasion de la 45\u00e8me JOURN\u00e9E MONDIALE<br \/>\nDES COMMUNICATIONS SOCIALES, le Jour du Seigneur diffusait la messe t\u00e9l\u00e9vis\u00e9e en direct de la Conf\u00e9rence des Ev\u00eaques de France. Au cours de cette messe et de la table ronde qui a suivi, la part belle a \u00e9t\u00e9 faite \u00e0\u00a0 la presse paroissiale rappelant le r\u00f4e essentiel de proximit\u00e9 qu&rsquo;elle joue dans la vie locale.<\/p><\/div>\n<p>Presse catholique : quelle diff\u00e9rence ?<\/p>\n<div align=\"center\"><img decoding=\"async\" src=\"\/IMG\/jpg\/pub_presse_paroissiale-1.jpg\" width=550><\/div>\n<div align=\"justify\">\n Ce dimanche 5 juin, \u00e0 10 h 45, pour la Journ\u00e9e chr\u00e9tienne de la communication, Le Jour du Seigneur (France 2) a consacr\u00e9 sa matin\u00e9e tout en direct aux acteurs de la presse catholique, selon le th\u00e8me donn\u00e9 par Rome :<br \/>\n \u00abV\u00e9rit\u00e9, annonce et authenticit\u00e9 \u00e0 l&rsquo;\u00e8re num\u00e9rique\u00bb. <\/p>\n<div align=\"center\"><img decoding=\"async\" src=\"\/IMG\/jpg\/Bernard_Podvin-1.jpg\" width=350><\/div>\n<p> Mgr Bernard Podvin a pr\u00e9sid\u00e9, de mani\u00e8re remarquable, comme \u00e0 son habitude, la messe c\u00e9l\u00e9br\u00e9e dans la chapelle Saint-Fran\u00e7ois-de-Sales \u00e0 la Maison de la Conf\u00e9rence des Ev\u00eaques de France.<\/p>\n<div align=\"center\"><img decoding=\"async\" src=\"\/IMG\/jpg\/CEF-1\" width=350><\/div>\n<p> L&rsquo;\u00e9mission s&rsquo;est poursuivi avec Bernard Bienvenu, pr\u00e9sident de la FFPC (F\u00e9d\u00e9ration Fran\u00e7aise de la Presse Catholique) et Thomas Grimont, vice-pr\u00e9sident du CNPC (Centre National de la Presse Catholique).<\/p>\n<div align=\"center\"><img decoding=\"async\" src=\"\/IMG\/jpg\/Bernard_et_Etienne-1.jpg\" width=550><\/div>\n<p>Les questions suivantes qui ont anim\u00e9 le d\u00e9bat furent:<br \/>\n &#8211; Quels sont les particularit\u00e9s, les d\u00e9fis et l&rsquo;avenir de la presse catholique dans le paysage m\u00e9diatique ?<br \/>\n &#8211; La voix catholique passe-t-elle encore par les ondes ?<br \/>\n &#8211; Comment assurer une communication fid\u00e8le \u00e0 l&rsquo;enseignement de l&rsquo;\u00e9glise dans un monde num\u00e9rique ?<\/p>\n<div align=\"center\"><img decoding=\"async\" src=\"\/IMG\/jpg\/les_journaux_paroissiaux.jpg\" width=250><\/div>\n<p> Retrouvez toutes les r\u00e9ponses qui ont \u00e9t\u00e9 donn\u00e9es au cours de cette table ronde qui a suivi la messe t\u00e9l\u00e9vis\u00e9e anim\u00e9e par le fr\u00e8re Philippe Jeannin, producteur du Jour du Seigneur, et le journaliste Etienne Jacquemard sur le nouveau site du Jour du Seigneur:<br \/>\n [http:\/\/www.lejourduseigneur.com\/Replay\/Dimanche-dernier\/Messe-a-la-CEF->http:\/\/www.lejourduseigneur.com\/Replay\/Dimanche-dernier\/Messe-a-la-CEF]<\/p>\n<div align=\"center\"><img decoding=\"async\" src=\"\/IMG\/jpg\/frere-1.jpg\" width=250><\/div>\n<p> [http:\/\/www.lejourduseigneur.com\/Replay\/Dimanche-dernier\/Presse-catholique-quelle-difference->http:\/\/www.lejourduseigneur.com\/Replay\/Dimanche-dernier\/Presse-catholique-quelle-difference]<\/p>\n<p> [http:\/\/www.lejourduseigneur.com\/Replay\/Dimanche-dernier\/Homelie-de-Mgr-Podvin->http:\/\/www.lejourduseigneur.com\/Replay\/Dimanche-dernier\/Homelie-de-Mgr-Podvin]<\/p>\n<div align=\"center\"><img decoding=\"async\" src=\"\/IMG\/jpg\/FFPC-logo-1.jpg\" width=450><\/div>\n<\/p><\/div>\n","protected":false},"excerpt":{"rendered":"<p>Chers amis diffuseurs et r\u00e9dacteurs de l&rsquo;Echo de la Vall\u00e9e, en distribuant le journal paroissial cr\u00e9\u00e7ois \u00e0\u00a0 vos voisins et amis, en le faisant conna\u00eetre autour de vous, en participant financi\u00e8rement \u00e0\u00a0 son \u00e9dition,&#46;&#46;&#46;<\/p>\n","protected":false},"author":2,"featured_media":0,"comment_status":"open","ping_status":"open","sticky":false,"template":"","format":"standard","meta":{"footnotes":""},"categories":[],"tags":[],"class_list":["post-353","post","type-post","status-publish","format-standard","hentry"],"_links":{"self":[{"href":"http:\/\/www.chapelle-crecy.com\/index.php?rest_route=\/wp\/v2\/posts\/353","targetHints":{"allow":["GET"]}}],"collection":[{"href":"http:\/\/www.chapelle-crecy.com\/index.php?rest_route=\/wp\/v2\/posts"}],"about":[{"href":"http:\/\/www.chapelle-crecy.com\/index.php?rest_route=\/wp\/v2\/types\/post"}],"author":[{"embeddable":true,"href":"http:\/\/www.chapelle-crecy.com\/index.php?rest_route=\/wp\/v2\/users\/2"}],"replies":[{"embeddable":true,"href":"http:\/\/www.chapelle-crecy.com\/index.php?rest_route=%2Fwp%2Fv2%2Fcomments&post=353"}],"version-history":[{"count":0,"href":"http:\/\/www.chapelle-crecy.com\/index.php?rest_route=\/wp\/v2\/posts\/353\/revisions"}],"wp:attachment":[{"href":"http:\/\/www.chapelle-crecy.com\/index.php?rest_route=%2Fwp%2Fv2%2Fmedia&parent=353"}],"wp:term":[{"taxonomy":"category","embeddable":true,"href":"http:\/\/www.chapelle-crecy.com\/index.php?rest_route=%2Fwp%2Fv2%2Fcategories&post=353"},{"taxonomy":"post_tag","embeddable":true,"href":"http:\/\/www.chapelle-crecy.com\/index.php?rest_route=%2Fwp%2Fv2%2Ftags&post=353"}],"curies":[{"name":"wp","href":"https:\/\/api.w.org\/{rel}","templated":true}]}}