{"id":357,"date":"2011-04-04T02:05:24","date_gmt":"2011-04-04T02:05:24","guid":{"rendered":""},"modified":"-0001-11-30T00:00:00","modified_gmt":"-0001-11-29T22:00:00","slug":"","status":"publish","type":"post","link":"http:\/\/www.chapelle-crecy.com\/?p=357","title":{"rendered":"Les conf\u00e9rences de car\u00eame sur le p\u00f4le de Meaux"},"content":{"rendered":"<div align=\"justify\"> \u00abChr\u00e9tiens engag\u00e9s dans la soci\u00e9t\u00e9\u00bb, c&rsquo;est le th\u00e8me de la troisi\u00e8me conf\u00e9rence de car\u00eame qui a eu lieu le lundi 28 mars \u00e0\u00a0 Chauconin-Neufmontiers. Quatre intervenants avaient \u00e9t\u00e9 convi\u00e9s par No\u00f6l Dubus et Maryvonne Potier (Equipe Missionnaire de P\u00f4le) pour se pencher sur le sujet: Marie-C\u00e9cile SCHMIT (politique), Fran\u00e7ois METIN ( \u00e9conomie), Christine DUFLOCQ ( syndicat), Pierre COATANEA (social). Pour animer cette table ronde, Bernard CASTAGNER (CCFD) avait \u00e9t\u00e9 d\u00e9sign\u00e9 comme animateur. Ce soir, c&rsquo;est notre ami Henri de Couilly et un psychologue en retraite qui vont nous parler de la relation avec l&rsquo;autre en l&rsquo;\u00e9glise St Nicolas de Meaux.<\/div>\n<div align=\"justify\">\n Mot d&rsquo;introduction par le P\u00e8re Philippe Legrand<br \/>\n L&rsquo;engagement des chr\u00e9tiens dans la soci\u00e9t\u00e9 s&rsquo;enracine dans le r\u00e9alisme de l&rsquo;Incarnation o\u00f9 le Christ a partag\u00e9 notre humanit\u00e9 dans ces diff\u00e9rentes r\u00e9alit\u00e9s qu&rsquo;il a rempli de sa pr\u00e9sence.<br \/>\nEn J\u00e9sus, Dieu s&rsquo;est fait homme et s&rsquo;est fait proche de tous les hommes. Il manifeste de fa\u00e7on visible par ses paroles et surtout par ses actes sauveurs la sollicitude et la tendresse de Dieu pour tous. \u00abIl est pass\u00e9 parmi nous en faisant le bien\u00bb (Actes des Ap\u00f4tres 10,38)<br \/>\n Il n&rsquo;y a plus de s\u00e9paration mais en J\u00e9sus, il y a une communication entre le monde de Dieu et le monde des hommes. C&rsquo;est pourquoi J\u00e9sus demande \u00e0 ses disciples de ne pas vivre s\u00e9par\u00e9s du monde mais dans le monde, \u00e0 la mani\u00e8re d&rsquo;un ferment, d&rsquo;\u00eatre le sel de la terre et lumi\u00e8re du monde, pour faire grandir le germe du Royaume dans l&rsquo;esprit des B\u00e9atitudes.<br \/>\n Cette mission est confi\u00e9e dans le grand commandement de la mission par J\u00e9sus en St Matthieu 28,16-20, les ap\u00f4tres sont envoy\u00e9s dans le monde pour annoncer l&rsquo;\u00e9vangile \u00e0 toutes les nations.<\/p>\n<p> Cet envoi en mission concerne toute l&rsquo;Eglise, tous les baptis\u00e9s et en particulier les fid\u00e8les la\u00efcs du Christ comme l&rsquo;a rappel\u00e9 le Concile Vatican II dans le d\u00e9cret sur l&rsquo;apostolat des la\u00efcs. Dans son num\u00e9ro 3, le d\u00e9cret redit que l&rsquo;apostolat des la\u00efcs dans la soci\u00e9t\u00e9 et l&rsquo;Eglise d\u00e9coule des sacrements de l&rsquo;initiation chr\u00e9tienne. Par son bapt\u00eame, tout baptis\u00e9 est pr\u00eatre, proph\u00e8te et roi :<br \/>\n Pr\u00eatre, pour offrir sa vie et sa pri\u00e8re \u00e0 Dieu (Romains12, 1-3),<br \/>\n Proph\u00e8te, pour vivre et annoncer l&rsquo;Evangile par sa Parole et surtout par ses actes,<br \/>\n Roi, en \u00e9tant serviteur de ses fr\u00e8res \u00e0 l&rsquo;image du Christ qui n&rsquo;est pas venu pour \u00eatre servi mais pour servir et donner sa vie (St Jean). <\/p>\n<p> Au num\u00e9ro 13, le d\u00e9cret du Concile souligne que si les fid\u00e8les la\u00efcs sont plus engag\u00e9s dans l&rsquo;Eglise (et c&rsquo;est plus heureux), leur mission sp\u00e9cifique, dans laquelle ils sont irrempla\u00e7ables, est \u00e0 vivre dans le milieu social o\u00f9 ils se trouvent et o\u00f9 Dieu les a plac\u00e9s. C&rsquo;est l&rsquo;importance du t\u00e9moignage de vie \u00e0 la mani\u00e8re d&rsquo;un ferment au milieu du monde et de faire p\u00e9n\u00e9trer de l&rsquo;esprit du Christ et de l&rsquo;\u00e9vangile l&rsquo;ordre temporel c&rsquo;est-\u00e0-dire toutes les dimensions familiales, professionnelles, politiques, \u00e9conomiques, associatifs&#8230; Rien de ce qui est humain n&rsquo;est \u00e9tranger \u00e0 l&rsquo;Eglise, ainsi par leur engagement les chr\u00e9tiens apportent leur contribution \u00e0 la construction d&rsquo;une civilisation de l&rsquo;amour (Paul VI).<\/p>\n<p> Au num\u00e9ro 14, le d\u00e9cret appelle \u00e0 prendre en compte dans l&rsquo;engagement des la\u00efcs non seulement le plan local mais aussi les dimensions nationales et internationales de plus en plus pr\u00e9sentes dans les temps o\u00f9 nous sommes. Ainsi l&rsquo;Eglise encourage les la\u00efcs \u00e0 exercer des responsabilit\u00e9s politiques pour mettre dans ce monde plus de solidarit\u00e9, de justice, d&rsquo;amour et de paix selon le mot du Pape Pie XI qui parlait de la politique comme le plus bel exercice de la charit\u00e9 chr\u00e9tienne.<\/p>\n<p> Saint Paul exhorte les assembl\u00e9es \u00e0 prier pour celles et ceux qui exercent des responsabilit\u00e9s dans la soci\u00e9t\u00e9, faisons n\u00f4tre ce soir cet appel :<br \/>\n \u00ab J&rsquo;insiste avant tout pour qu&rsquo;on fasse des pri\u00e8res de demande, d&rsquo;intercession et d&rsquo;action de gr\u00e2ce pour tous les hommes, pour les chefs d&rsquo;\u00e9tat et tous ceux qui ont des responsabilit\u00e9s, afin que nous puissions mener notre vie dans le calme et la s\u00e9curit\u00e9, en hommes religieux et s\u00e9rieux. Voil\u00e0 une pri\u00e8re que Dieu notre Sauveur peut accepter car il veut que tous les hommes soient sauv\u00e9s et parviennent \u00e0 la v\u00e9rit\u00e9 \u00bb. (1\u00e8re lettre \u00e0 Timoth\u00e9e 2, 1-4)<\/p>\n<p> <img479|center><br \/>\n Tr\u00e8s belle pri\u00e8re propos\u00e9e par Bernard Castagner<\/p>\n<p> O\u00f9 donc verra-t-on le Christ,<br \/>\n sinon \u00e0 travers des communaut\u00e9s rassembl\u00e9es<br \/>\n pour c\u00e9l\u00e9brer sa mort et sa R\u00e9surrection<br \/>\n et la joie qui en jaillit pour le monde ?<br \/>\n O\u00f9 donc entendra-t-on le Christ,<br \/>\n sinon \u00e0 travers des actes de pardon et de paix ?<br \/>\n O\u00f9 donc brillera le visage du Christ,<br \/>\n sinon \u00e0 travers des communaut\u00e9s<br \/>\n vivant concr\u00e8tement selon son Esprit<br \/>\n et pratiquant chaque jour son Evangile ?<\/p>\n<p> Seigneur J\u00e9sus,<br \/>\n envoie-nous sur les chemins quotidiens !<br \/>\n Oui, envoie-nous donner notre bienveillance,<br \/>\n accorder notre attention,<br \/>\n engager note solidarit\u00e9,<br \/>\n travailler pour la dignit\u00e9,<br \/>\n prendre du temps pour la pri\u00e8re.<br \/>\n Et qu&rsquo;ainsi, \u00e0 travers notre existence<br \/>\n men\u00e9e selon l&rsquo;Evangile,<br \/>\n apparaisse le Visage du Christ Ressuscit\u00e9<br \/>\n pour nos fr\u00e8res de ce temps !<\/p>\n<p> Vous trouverez en pi\u00e8ce-jointe l&rsquo;int\u00e9gralit\u00e9 des interventions\n<\/p><\/div>\n","protected":false},"excerpt":{"rendered":"<p>\u00abChr\u00e9tiens engag\u00e9s dans la soci\u00e9t\u00e9\u00bb, c&rsquo;est le th\u00e8me de la troisi\u00e8me conf\u00e9rence de car\u00eame qui a eu lieu le lundi 28 mars \u00e0\u00a0 Chauconin-Neufmontiers. Quatre intervenants avaient \u00e9t\u00e9 convi\u00e9s par No\u00f6l Dubus et Maryvonne&#46;&#46;&#46;<\/p>\n","protected":false},"author":2,"featured_media":0,"comment_status":"open","ping_status":"open","sticky":false,"template":"","format":"standard","meta":{"footnotes":""},"categories":[],"tags":[],"class_list":["post-357","post","type-post","status-publish","format-standard","hentry"],"_links":{"self":[{"href":"http:\/\/www.chapelle-crecy.com\/index.php?rest_route=\/wp\/v2\/posts\/357","targetHints":{"allow":["GET"]}}],"collection":[{"href":"http:\/\/www.chapelle-crecy.com\/index.php?rest_route=\/wp\/v2\/posts"}],"about":[{"href":"http:\/\/www.chapelle-crecy.com\/index.php?rest_route=\/wp\/v2\/types\/post"}],"author":[{"embeddable":true,"href":"http:\/\/www.chapelle-crecy.com\/index.php?rest_route=\/wp\/v2\/users\/2"}],"replies":[{"embeddable":true,"href":"http:\/\/www.chapelle-crecy.com\/index.php?rest_route=%2Fwp%2Fv2%2Fcomments&post=357"}],"version-history":[{"count":0,"href":"http:\/\/www.chapelle-crecy.com\/index.php?rest_route=\/wp\/v2\/posts\/357\/revisions"}],"wp:attachment":[{"href":"http:\/\/www.chapelle-crecy.com\/index.php?rest_route=%2Fwp%2Fv2%2Fmedia&parent=357"}],"wp:term":[{"taxonomy":"category","embeddable":true,"href":"http:\/\/www.chapelle-crecy.com\/index.php?rest_route=%2Fwp%2Fv2%2Fcategories&post=357"},{"taxonomy":"post_tag","embeddable":true,"href":"http:\/\/www.chapelle-crecy.com\/index.php?rest_route=%2Fwp%2Fv2%2Ftags&post=357"}],"curies":[{"name":"wp","href":"https:\/\/api.w.org\/{rel}","templated":true}]}}