{"id":359,"date":"2011-04-10T10:32:00","date_gmt":"2011-04-10T10:32:00","guid":{"rendered":""},"modified":"-0001-11-30T00:00:00","modified_gmt":"-0001-11-29T22:00:00","slug":"","status":"publish","type":"post","link":"http:\/\/www.chapelle-crecy.com\/?p=359","title":{"rendered":"Annonces de la semaine du 11 au 17 avril 2011"},"content":{"rendered":"<table bgcolor =\"F0FAFF\" border=0>\n<tbody>\n<tr>\n<td>\n<div align=\"justify\">\n<div \"281\">Voici les annonces de la semaine du lundi 11 au dimanche 17 avril 2011 pour la paroisse des 3 clochers Cr\u00e9cy-la-Chapelle, Villiers-sur-Morin, Voulangis.<br \/>\nSamedi 16 \u00e0\u00a0 18 h 30 : Messe \u00e0\u00a0 Viliers &#8211; Dimanche 17 \u00e0\u00a0 10 h 30, messe \u00e0\u00a0 Cr\u00e9cy &#8211; Tous les d\u00e9tails dans la suite &#8230;<\/div>\n<\/div>\n<\/td>\n<\/tr>\n<\/tbody>\n<\/table>\n<table bgcolor =\"F0F6FF\" border=0>\n<tbody>\n<tr>\n<td width=\"25%\"><font color=\"00CC00\">Lundi 11 avril<\/font><\/td>\n<td><font color=\"00CC00\">14 h 30 &#8211;  R\u00e9union de l&rsquo;\u00e9quipe du Rosaire chez Mme ADAM.<br \/>17 h &#8211; c\u00e9l\u00e9bration \u00e0 la Maison de Retraite.<\/font><\/td>\n<td><font color=\"00CC00\">20 h 30 &#8211; Soir\u00e9e de Car\u00eame, \u00e0 Trilport<\/font><\/td>\n<\/tr>\n<tr>\n<td><font color=\"802020\">Mardi 12 avril<font><\/td>\n<td><font color=\"802020\"><\/p>\n<div align=\"center\"><img decoding=\"async\" src=\"\/IMG\/gif\/bibles004.gif\"><\/div>\n<p><font><\/td>\n<td><font color=\"802020\">18 h  Messe \u00e0 Cr\u00e9cy pour Maurice MOTTET et Henri CAZENAVE.<\/font><\/td>\n<\/tr>\n<tr>\n<td><font color=\"0020FF\">Mercredi 13 avril<font><\/td>\n<td><font color=\"0020FF\">9 h  Messe \u00e0 Cr\u00e9cy pour Robert LORENTZ, Jacques GOLLIATH et les d\u00e9funts de la famille THION-MUNIER.<\/font><\/td>\n<td><font color=\"0020FF\"><\/p>\n<div align=\"center\"><img decoding=\"async\" src=\"\/IMG\/gif\/lumiere_65.gif\"><\/div>\n<p><font><\/td>\n<\/tr>\n<tr>\n<td><font color=\"00CC00\">Jeudi 14 avril<\/font><\/td>\n<td><font color=\"00CC00\"><\/p>\n<div align=\"center\"><img decoding=\"async\" src=\"\/IMG\/gif\/coupes004.gif\"><\/div>\n<p><font><\/td>\n<td><font color=\"00CC00\">18 h  Messe \u00e0 Cr\u00e9cy pour Philippe WAVRANT et Josiane MARTIN.<font><\/td>\n<\/tr>\n<tr>\n<td><font color=\"802020\">Vendredi 15 avril<\/font><\/td>\n<td><font color=\"802020\">18 h &#8211; Messe \u00e0 Cr\u00e9cy pour Michel DUSEVEL et Raymonde MARTEAUX.<font><\/td>\n<td><font color=\"802020\"><\/p>\n<div align=\"center\"><img decoding=\"async\" src=\"\/IMG\/gif\/cross.gif\"><\/div>\n<p><font><\/td>\n<\/tr>\n<tr>\n<td><font color=\"0020FF\">Samedi 16 avril<\/font><\/td>\n<td><font color=\"0020FF\">15 h &#8211;  A Cr\u00e9cy, mariage \u00e0 Cr\u00e9cy de Yannick LORGE et Barbara RALLI.<font><\/td>\n<td><font color=\"0020FF\">18 h 30 &#8211; <font color=\"FF0000\">Messe anticip\u00e9e des RAMEAUX<\/font> \u00e0 Villiers, elle sera c\u00e9l\u00e9br\u00e9e pour Ren\u00e9e LAURENT et Sarah MOURGUES.<font><\/td>\n<\/tr>\n<tr>\n<td><font color=\"00CC00\">Dimanche 17 avril<br \/><\/font><font color=\"FF0000\"><i>C\u00e9l\u00e9bration des RAMEAUX<\/i><\/font><\/td>\n<td><font color=\"00CC00\"><\/p>\n<div align=\"center\"><img decoding=\"async\" src=\"\/IMG\/lieux\/stgeorges11.jpg\"  width=150>\n<\/div>\n<p><\/font><\/td>\n<td><font color=\"00CC00\">10 h 30 &#8211; Messe \u00e0 Cr\u00e9cy pour Michel LEROUX et Ren\u00e9e MARLANT.<\/font><\/td>\n<\/tr>\n<\/tbody>\n<\/table>\n<p>Veuillez noter,  \u00e2\u20ac\u00a6 avec un peu d&rsquo;avance, que lundi 18, \u00e0 20 h aura lieu la CELEBRATION  PENITENTIELLE \u00e0 Cr\u00e9cy.<\/p>\n","protected":false},"excerpt":{"rendered":"<p>Voici les annonces de la semaine du lundi 11 au dimanche 17 avril 2011 pour la paroisse des 3 clochers Cr\u00e9cy-la-Chapelle, Villiers-sur-Morin, Voulangis. Samedi 16 \u00e0\u00a0 18 h 30 : Messe \u00e0\u00a0 Viliers &#8211;&#46;&#46;&#46;<\/p>\n","protected":false},"author":2,"featured_media":0,"comment_status":"open","ping_status":"open","sticky":false,"template":"","format":"standard","meta":{"footnotes":""},"categories":[],"tags":[],"class_list":["post-359","post","type-post","status-publish","format-standard","hentry"],"_links":{"self":[{"href":"http:\/\/www.chapelle-crecy.com\/index.php?rest_route=\/wp\/v2\/posts\/359","targetHints":{"allow":["GET"]}}],"collection":[{"href":"http:\/\/www.chapelle-crecy.com\/index.php?rest_route=\/wp\/v2\/posts"}],"about":[{"href":"http:\/\/www.chapelle-crecy.com\/index.php?rest_route=\/wp\/v2\/types\/post"}],"author":[{"embeddable":true,"href":"http:\/\/www.chapelle-crecy.com\/index.php?rest_route=\/wp\/v2\/users\/2"}],"replies":[{"embeddable":true,"href":"http:\/\/www.chapelle-crecy.com\/index.php?rest_route=%2Fwp%2Fv2%2Fcomments&post=359"}],"version-history":[{"count":0,"href":"http:\/\/www.chapelle-crecy.com\/index.php?rest_route=\/wp\/v2\/posts\/359\/revisions"}],"wp:attachment":[{"href":"http:\/\/www.chapelle-crecy.com\/index.php?rest_route=%2Fwp%2Fv2%2Fmedia&parent=359"}],"wp:term":[{"taxonomy":"category","embeddable":true,"href":"http:\/\/www.chapelle-crecy.com\/index.php?rest_route=%2Fwp%2Fv2%2Fcategories&post=359"},{"taxonomy":"post_tag","embeddable":true,"href":"http:\/\/www.chapelle-crecy.com\/index.php?rest_route=%2Fwp%2Fv2%2Ftags&post=359"}],"curies":[{"name":"wp","href":"https:\/\/api.w.org\/{rel}","templated":true}]}}