{"id":362,"date":"2012-04-06T08:43:14","date_gmt":"2012-04-06T08:43:14","guid":{"rendered":""},"modified":"-0001-11-30T00:00:00","modified_gmt":"-0001-11-29T22:00:00","slug":"","status":"publish","type":"post","link":"http:\/\/www.chapelle-crecy.com\/?p=362","title":{"rendered":"Grand Chemin de Croix \u00e0\u00a0 travers la ville de Meaux ce 6 avril \u00e0\u00a0 18h00"},"content":{"rendered":"<div align=\"justify\"> Nous venons de vivre 40 jours de car\u00eame dans le je\u00fbne, la pri\u00e8re et le partage pour nous rapprocher de Dieu. L&rsquo;\u00e9preuve de l&rsquo;asc\u00e8se ne suffit-elle pas alors que nous sommes tout proche des f\u00eates pascales? Pourquoi faut-il encore endurer la souffrance et la mort avant de f\u00eater la R\u00e9surrection au jour de P\u00e2ques? Fallait-il vraiment que le Christ souffr\u00eet ?<br \/>\nVendredi Saint, \u00e0\u00a0 18h00, au pied de l&rsquo;\u00e9glise St Jean Bosco \u00e0\u00a0 Meaux-Beauval, nous nous souviendrons de la mort de J\u00e9sus-Christ. Nous sommes tous invit\u00e9s \u00e0\u00a0 m\u00e9diter la Passion de notre Sauveur en faisant m\u00e9moire des 13 stations de son Chemin de Croix. Comme l&rsquo;an dernier, cette belle procession nous conduira sur les marches de la cath\u00e9drale, aux alentours de 20h00. Voici ci-apr\u00e8s un avant-go\u00fbt de cette \u00e9vocation de la Passion du Christ \u00e0\u00a0 Meaux en images&#8230; <\/div>\n<div align=\"center\">Un chemin de croix in\u00e9dit<\/div>\n<div align=\"center\"><img decoding=\"async\" src=\"\/IMG\/jpg\/Depart-1.jpg\" width=350><\/div>\n<div align=\"center\">C&rsquo;est la premi\u00e8re fois, en 2010, que le P\u00e8re Philippe Legrand d\u00e9cide d&rsquo;organiser un Chemin de Croix \u00e0 travers la ville de Meaux<\/div>\n<div align=\"center\"><img decoding=\"async\" src=\"\/IMG\/jpg\/foule-2.jpg\" width=350><\/div>\n<div align=\"center\">Le d\u00e9part a lieu devant l&rsquo;\u00e9glise St Jean Bosco \u00e0 Meaux-La Pierre Collinet<\/div>\n<div align=\"center\"><img decoding=\"async\" src=\"\/IMG\/jpg\/procession-3.jpg\" width=350><\/div>\n<div align=\"center\">Ce chemin de croix est une procession itin\u00e9rante ponctu\u00e9e de chants et de pri\u00e8res<\/div>\n<div align=\"center\"><img decoding=\"async\" src=\"\/IMG\/jpg\/pelerinage-4.jpg\" width=350><\/div>\n<div align=\"center\"> Au cours de cette marche, nous n&rsquo;oublions pas les souffrances atroces du Christ: injures, crachat, flagellation, couronne d&rsquo;\u00e9pines, bois de la croix<\/div>\n<div align=\"center\"><img decoding=\"async\" src=\"\/IMG\/jpg\/station-5.jpg\" width=350><\/div>\n<div align=\"center\">La foule est de plus en plus nombreuse pour v\u00e9n\u00e9rer la croix<\/div>\n<div align=\"center\"><img decoding=\"async\" src=\"\/IMG\/jpg\/traversee_de_Meaux-6.jpg\" width=350><\/div>\n<div align=\"center\">Travers\u00e9e de l&rsquo;avenue du Pr\u00e9sident Salvador Allende<\/div>\n<div align=\"center\"><img decoding=\"async\" src=\"\/IMG\/jpg\/eveque-7.jpg\" width=350><\/div>\n<div align=\"center\">Monseigneur Albert-Marie de Monl\u00e9on, fid\u00e8le serviteur du Christ fait partie du cort\u00e8ge<\/div>\n<div align=\"center\"><img decoding=\"async\" src=\"\/IMG\/jpg\/Place_Henri_IV-8.jpg\" width=350><\/div>\n<div align=\"center\">10\u00e8me station \u00e0 la Place Henri IV<\/div>\n<div align=\"center\"><img decoding=\"async\" src=\"\/IMG\/jpg\/rue_St_Etienne-9.jpg\" width=350><\/div>\n<div align=\"center\">Remont\u00e9e de la rue St Etienne au moment de la fermeture des magasins.<\/div>\n<div align=\"center\"><img decoding=\"async\" src=\"\/IMG\/jpg\/fin_procession-10.jpg\" width=350><\/div>\n<div align=\"center\">Fin de la procession avant la c\u00e9l\u00e9bration de la Passion dans la cath\u00e9drale de Meaux<\/div>\n","protected":false},"excerpt":{"rendered":"<p>Nous venons de vivre 40 jours de car\u00eame dans le je\u00fbne, la pri\u00e8re et le partage pour nous rapprocher de Dieu. L&rsquo;\u00e9preuve de l&rsquo;asc\u00e8se ne suffit-elle pas alors que nous sommes tout proche des&#46;&#46;&#46;<\/p>\n","protected":false},"author":2,"featured_media":0,"comment_status":"open","ping_status":"open","sticky":false,"template":"","format":"standard","meta":{"footnotes":""},"categories":[],"tags":[],"class_list":["post-362","post","type-post","status-publish","format-standard","hentry"],"_links":{"self":[{"href":"http:\/\/www.chapelle-crecy.com\/index.php?rest_route=\/wp\/v2\/posts\/362","targetHints":{"allow":["GET"]}}],"collection":[{"href":"http:\/\/www.chapelle-crecy.com\/index.php?rest_route=\/wp\/v2\/posts"}],"about":[{"href":"http:\/\/www.chapelle-crecy.com\/index.php?rest_route=\/wp\/v2\/types\/post"}],"author":[{"embeddable":true,"href":"http:\/\/www.chapelle-crecy.com\/index.php?rest_route=\/wp\/v2\/users\/2"}],"replies":[{"embeddable":true,"href":"http:\/\/www.chapelle-crecy.com\/index.php?rest_route=%2Fwp%2Fv2%2Fcomments&post=362"}],"version-history":[{"count":0,"href":"http:\/\/www.chapelle-crecy.com\/index.php?rest_route=\/wp\/v2\/posts\/362\/revisions"}],"wp:attachment":[{"href":"http:\/\/www.chapelle-crecy.com\/index.php?rest_route=%2Fwp%2Fv2%2Fmedia&parent=362"}],"wp:term":[{"taxonomy":"category","embeddable":true,"href":"http:\/\/www.chapelle-crecy.com\/index.php?rest_route=%2Fwp%2Fv2%2Fcategories&post=362"},{"taxonomy":"post_tag","embeddable":true,"href":"http:\/\/www.chapelle-crecy.com\/index.php?rest_route=%2Fwp%2Fv2%2Ftags&post=362"}],"curies":[{"name":"wp","href":"https:\/\/api.w.org\/{rel}","templated":true}]}}