{"id":364,"date":"2011-04-24T21:18:02","date_gmt":"2011-04-24T21:18:02","guid":{"rendered":""},"modified":"-0001-11-30T00:00:00","modified_gmt":"-0001-11-29T22:00:00","slug":"","status":"publish","type":"post","link":"http:\/\/www.chapelle-crecy.com\/?p=364","title":{"rendered":"Dimanche de P\u00e2ques: la R\u00e9surrection du Seigneur"},"content":{"rendered":"<div align=\"justify\">Chers amis,<\/p>\n<p>Tous nos pr\u00eatres de la paroisse de Cr\u00e9cy, le P\u00e8re Aim\u00e9 et le p\u00e8re Jean-Claude, ainsi que le P\u00e8re Philippe, cur\u00e9 du P\u00f4le de Meaux sont heureux de vous souhaiter de saintes f\u00eates de P\u00e2ques dans la joie du Christ ressuscit\u00e9 et vivant. Toute l&rsquo;Equipe d&rsquo;Animation Pastorale des 3 clochers est \u00e9galement heureuse de s&rsquo;associer \u00e0\u00a0 eux pour vous dire combien elle est heureuse de vous compter parmi nos fid\u00e8les lecteurs.<br \/>\nVous trouverez toutes les informations concernant la paroisse sur ce site. Contactez le service d&rsquo;accueil de la paroisse pour toute information ou \u00e9crivez-nous pour nous faire part de vos remarques.<br \/>\nFraternellement,<br \/>\nL&rsquo;\u00e9quipe communication de la paroisse<\/p><\/div>\n<p><img505|center><\/p>\n","protected":false},"excerpt":{"rendered":"<p>Chers amis, Tous nos pr\u00eatres de la paroisse de Cr\u00e9cy, le P\u00e8re Aim\u00e9 et le p\u00e8re Jean-Claude, ainsi que le P\u00e8re Philippe, cur\u00e9 du P\u00f4le de Meaux sont heureux de vous souhaiter de saintes&#46;&#46;&#46;<\/p>\n","protected":false},"author":2,"featured_media":0,"comment_status":"open","ping_status":"open","sticky":false,"template":"","format":"standard","meta":{"footnotes":""},"categories":[],"tags":[],"class_list":["post-364","post","type-post","status-publish","format-standard","hentry"],"_links":{"self":[{"href":"http:\/\/www.chapelle-crecy.com\/index.php?rest_route=\/wp\/v2\/posts\/364","targetHints":{"allow":["GET"]}}],"collection":[{"href":"http:\/\/www.chapelle-crecy.com\/index.php?rest_route=\/wp\/v2\/posts"}],"about":[{"href":"http:\/\/www.chapelle-crecy.com\/index.php?rest_route=\/wp\/v2\/types\/post"}],"author":[{"embeddable":true,"href":"http:\/\/www.chapelle-crecy.com\/index.php?rest_route=\/wp\/v2\/users\/2"}],"replies":[{"embeddable":true,"href":"http:\/\/www.chapelle-crecy.com\/index.php?rest_route=%2Fwp%2Fv2%2Fcomments&post=364"}],"version-history":[{"count":0,"href":"http:\/\/www.chapelle-crecy.com\/index.php?rest_route=\/wp\/v2\/posts\/364\/revisions"}],"wp:attachment":[{"href":"http:\/\/www.chapelle-crecy.com\/index.php?rest_route=%2Fwp%2Fv2%2Fmedia&parent=364"}],"wp:term":[{"taxonomy":"category","embeddable":true,"href":"http:\/\/www.chapelle-crecy.com\/index.php?rest_route=%2Fwp%2Fv2%2Fcategories&post=364"},{"taxonomy":"post_tag","embeddable":true,"href":"http:\/\/www.chapelle-crecy.com\/index.php?rest_route=%2Fwp%2Fv2%2Ftags&post=364"}],"curies":[{"name":"wp","href":"https:\/\/api.w.org\/{rel}","templated":true}]}}