{"id":365,"date":"2011-05-01T10:15:00","date_gmt":"2011-05-01T10:15:00","guid":{"rendered":""},"modified":"-0001-11-30T00:00:00","modified_gmt":"-0001-11-29T22:00:00","slug":"","status":"publish","type":"post","link":"http:\/\/www.chapelle-crecy.com\/?p=365","title":{"rendered":"Annonces de la semaine du 2 au 8 mai 2011"},"content":{"rendered":"<table bgcolor =\"F0FAFF\" border=0>\n<tbody>\n<tr>\n<td>\n<div align=\"justify\">\n<div \"287\">Voici les annonces de la semaine du lundi 2 au dimanche 8 mai 2011 pour la paroisse des 3 clochers Cr\u00e9cy-la-Chapelle, Villiers-sur-Morin, Voulangis.<br \/>Samedi 7 \u00e0\u00a0 18 h 30 : messe \u00e0\u00a0 Villiers, Dimanche 8 \u00e0\u00a0 11h , messe \u00e0\u00a0 Cr\u00e9cy &#8211; Tous les d\u00e9tails dans la suite &#8230;<\/div>\n<\/div>\n<\/td>\n<\/tr>\n<\/tbody>\n<\/table>\n<table bgcolor =\"F0F6FF\" border=0>\n<tbody>\n<tr>\n<td width=\"20%\"><font color=\"00CC00\">Lundi 2 mai<\/font><\/td>\n<td><font color=\"00CC00\">14 h 30 &#8211; R\u00e9union de l&rsquo;Equipe du Rosaire chez Mme LOUIS.<\/font><\/td>\n<td><font color=\"00CC00\">17 h &#8211; c\u00e9l\u00e9bration \u00e0 la maison de retraite.<br \/>20 h30 &#8211; R\u00e9union de l&rsquo;Equipe d&rsquo;Accueil.<\/font><\/td>\n<\/tr>\n<tr>\n<td><font color=\"802020\">Mardi 3 mai<font><\/td>\n<td><font color=\"802020\">9 h  messe pour Jean et Marcelle MERILLON.<font><\/td>\n<td><font color=\"802020\"><\/p>\n<div align=\"center\"><img decoding=\"async\" src=\"\/IMG\/gif\/coupes002.gif\" ><\/div>\n<p><\/font><\/td>\n<\/tr>\n<tr>\n<td><font color=\"0020FF\">Mercredi 4 mai<font><\/td>\n<td><font color=\"0020FF\"><\/p>\n<div align=\"center\"><img decoding=\"async\" src=\"\/IMG\/gif\/bibles004.gif\"><\/div>\n<p><font><\/td>\n<td><font color=\"0020FF\">18 h  messe pour Ren\u00e9 CORDIER et Jean Pierre LEBLAND.<\/font><\/td>\n<\/tr>\n<tr>\n<td><font color=\"00CC00\">Jeudi 5 mai<\/font><\/td>\n<td><font color=\"00CC00\">9 h  Messe pour Colette GOIN et Louise DELABRUYERE.<font><\/td>\n<td><font color=\"00CC00\"><\/p>\n<div align=\"center\"><img decoding=\"async\" src=\"\/IMG\/gif\/cross.gif\"><\/div>\n<p><font><\/td>\n<\/tr>\n<tr>\n<td><font color=\"802020\">Vendredi 6 mai<\/font><\/td>\n<td><font color=\"802020\"><\/p>\n<div align=\"center\"><img decoding=\"async\" src=\"\/IMG\/gif\/lumiere_65.gif\" ><\/div>\n<p><font><\/td>\n<td><font color=\"802020\">18 h &#8211; messe pour Georges PICARD et Robert VALLEE.<font><\/td>\n<\/tr>\n<tr>\n<td><font color=\"0020FF\">Samedi 7 mai<\/font><\/td>\n<td><font color=\"0020FF\">18 h 30 &#8211; messe \u00e0 VILLIERS pour Jeanine RICHOMME  et Germaine BASCHET.<\/font><\/td>\n<td><font color=\"0020FF\"><\/p>\n<div align=\"center\"><img decoding=\"async\" src=\"\/IMG\/lieux\/villiers_eglise2.jpg\"  width=150><br \/>\n<font><\/td>\n<\/tr>\n<tr>\n<td><font color=\"00CC00\">Dimanche 8 mai<br \/><\/font><\/td>\n<td><font color=\"00CC00\"><\/p>\n<div align=\"center\"><img decoding=\"async\" src=\"\/IMG\/lieux\/stgeorges06.jpg\"  width=150>\n<\/div>\n<p><\/font><\/td>\n<td><font color=\"00CC00\"><b>11 h  et non 10 h30<\/b> &#8211; A Cr\u00e9cy, anniversaire de la victoire de 1945. <br \/>Messe pour Th\u00e9ophile PHILIPPON.<\/p>\n<p>Bapt\u00eame de Benjamin KRIVENAC.<\/p>\n<p>En pr\u00e9vision  de la collecte du Secours Catholique le 14 MAI, les volontaires pour ce service peuvent s&rsquo;inscrire au fond de l&rsquo;\u00e9glise.<\/font><\/td>\n<\/tr>\n<\/tbody>\n<\/table>\n","protected":false},"excerpt":{"rendered":"<p>Voici les annonces de la semaine du lundi 2 au dimanche 8 mai 2011 pour la paroisse des 3 clochers Cr\u00e9cy-la-Chapelle, Villiers-sur-Morin, Voulangis.Samedi 7 \u00e0\u00a0 18 h 30 : messe \u00e0\u00a0 Villiers, Dimanche 8&#46;&#46;&#46;<\/p>\n","protected":false},"author":2,"featured_media":0,"comment_status":"open","ping_status":"open","sticky":false,"template":"","format":"standard","meta":{"footnotes":""},"categories":[],"tags":[],"class_list":["post-365","post","type-post","status-publish","format-standard","hentry"],"_links":{"self":[{"href":"http:\/\/www.chapelle-crecy.com\/index.php?rest_route=\/wp\/v2\/posts\/365","targetHints":{"allow":["GET"]}}],"collection":[{"href":"http:\/\/www.chapelle-crecy.com\/index.php?rest_route=\/wp\/v2\/posts"}],"about":[{"href":"http:\/\/www.chapelle-crecy.com\/index.php?rest_route=\/wp\/v2\/types\/post"}],"author":[{"embeddable":true,"href":"http:\/\/www.chapelle-crecy.com\/index.php?rest_route=\/wp\/v2\/users\/2"}],"replies":[{"embeddable":true,"href":"http:\/\/www.chapelle-crecy.com\/index.php?rest_route=%2Fwp%2Fv2%2Fcomments&post=365"}],"version-history":[{"count":0,"href":"http:\/\/www.chapelle-crecy.com\/index.php?rest_route=\/wp\/v2\/posts\/365\/revisions"}],"wp:attachment":[{"href":"http:\/\/www.chapelle-crecy.com\/index.php?rest_route=%2Fwp%2Fv2%2Fmedia&parent=365"}],"wp:term":[{"taxonomy":"category","embeddable":true,"href":"http:\/\/www.chapelle-crecy.com\/index.php?rest_route=%2Fwp%2Fv2%2Fcategories&post=365"},{"taxonomy":"post_tag","embeddable":true,"href":"http:\/\/www.chapelle-crecy.com\/index.php?rest_route=%2Fwp%2Fv2%2Ftags&post=365"}],"curies":[{"name":"wp","href":"https:\/\/api.w.org\/{rel}","templated":true}]}}