{"id":366,"date":"2011-04-30T16:18:09","date_gmt":"2011-04-30T16:18:09","guid":{"rendered":""},"modified":"-0001-11-30T00:00:00","modified_gmt":"-0001-11-29T22:00:00","slug":"","status":"publish","type":"post","link":"http:\/\/www.chapelle-crecy.com\/?p=366","title":{"rendered":"N&rsquo;ayez pas peur !"},"content":{"rendered":"<div align=\"justify\"> Une d\u00e9l\u00e9gation d&rsquo;une quarantaine de p\u00e8lerins de notre dioc\u00e8se est partie le  vendredi 29 avril 2011 \u00e0\u00a0 Rome pour assister \u00e0\u00a0 la b\u00e9atification par le Pape Beno\u00eet XVI de son \u00e9minent pr\u00e9d\u00e9cesseur. L&rsquo;\u00e9v\u00e8nement aura donc lieu, demain, 1er mai 2011\u00e0\u00a0 10h00, Dimanche de la Mis\u00e9ricorde, institu\u00e9 par Jean\u0090Paul II lui\u0090m\u00eame. Mais qu&rsquo;est\u0090ce la Mis\u00e9ricorde Divine ? Pour nous faire d\u00e9couvrir ou pr\u00e9ciser cette notion, le P\u00e8re \u00e9v\u00eaque, qui est coordinateur national du Congr\u00e8s de la Mis\u00e9ricorde, l&rsquo;explique sur la page Cheminer vers P\u00e2ques avec Jean\u0090Paul II du site de la Conf\u00e9rence des \u00e9v\u00eaques de France. Voici le lien :<a href=\"http:\/\/www.eglise.catholique.fr\/jean-paul-ii\/cheminer-vers-paques-avec-jean-paul-ii\/\" target=\"_blank\"><b> www.eglise.catholique.fr\/jean-paul-ii\/cheminer-vers-paques-avec-jean-paul-ii\/<\/div>\n<p><\/b><\/div>\n<div align=\"justify\">\nNous vous informons ci-apr\u00e8s de l&rsquo;ensemble des propositions de pri\u00e8res et de c\u00e9l\u00e9brations qui sont faites dans notre secteur pour nous unir aux p\u00e8lerins qui sont \u00e0 Rome pour la b\u00e9atification de Jean-Paul:<\/p>\n<p> dans le secteur de Lagny, veill\u00e9e de pri\u00e8re et \u00e0 la nuit d&rsquo;adoration \u00e0 l&rsquo;occasion de la b\u00e9atification de Jean-Paul II, organis\u00e9e ce samedi 30 avril \u00e0 20h30 \u00e0 l&rsquo;\u00e9glise St Martin de Thorigny. <\/p>\n<p>Plusieurs groupes vont se relayer pour la nuit d&rsquo;adoration, et les Equipes notre-Dame veilleront de 5h \u00e0 6h. Tous les \u00e9quipiers qui souhaitent venir prier pendant ce cr\u00e9neau horaire sont les bienvenus.<br \/>\nMessage de Laurence et Pascal Ozouf, responsables du secteur Nord-Seine-et-Marne Nord des Equipes Notre-Dame.<\/p>\n<div align=\"center\"><img decoding=\"async\" src=\"\/IMG\/jpg\/St_JPII.jpg\" width=500><\/div>\n<p> \u00ab\u00a0Ouvrons nos coeurs , Ouvrons les portes au R\u00e9dempteur\u00a0\u00bb, aimait-il aussi dire pour \u00eatre des ap\u00f4tres z\u00e9l\u00e9s dans notre monde en mutation. R\u00e9chauffons notre foi et notre esp\u00e9rance aupr\u00e8s de ce grand ap\u00f4tre du XX\u00e8me si\u00e8cle. Menons le bon combat de le foi. Prions ardemment pour la paix dans le monde et soyons \u00e9galement des artisans de paix chacun o\u00f9 nous sommes.<\/p>\n<p> A l&rsquo;initiative du P. Tadeusz et de la communaut\u00e9 polonaise du p\u00f4le de Meaux, une messe sera c\u00e9l\u00e9br\u00e9e \u00e0 16h30 \u00e0 Quincy-Voisins le dimanche 1er mai, en l&rsquo;honneur de la b\u00e9atification de ce cher Pape polonais.<\/p>\n<p>  Sainte Faustine Kowalska avait re\u00e7u ce message: \u00ab\u00a0Toute \u00e2me qui se confessera (dans les huit jours qui pr\u00e9c\u00e8dent ou suivent ce Dimanche de la Mis\u00e9ricorde) et communiera, recevra le pardon complet de ses p\u00e9ch\u00e9s et la remise de leurs peines. ($ 1109)<br \/>\n Dans le cadre de cette f\u00eate de la Divine Mis\u00e9ricorde, nous sommes donc tous invit\u00e9s en compagnie du groupe Ephata \u00e0 vivre une soir\u00e9e de louange et de pardon, le samedi 7 mai \u00e0 20h30 en l&rsquo;\u00e9glise Saint Nicolas de Meaux. <\/p>\n<div align=\"center\"><img decoding=\"async\" src=\"\/IMG\/jpg\/ephata-3.jpg\" width=500><\/div>\n<\/div>\n","protected":false},"excerpt":{"rendered":"<p>Une d\u00e9l\u00e9gation d&rsquo;une quarantaine de p\u00e8lerins de notre dioc\u00e8se est partie le vendredi 29 avril 2011 \u00e0\u00a0 Rome pour assister \u00e0\u00a0 la b\u00e9atification par le Pape Beno\u00eet XVI de son \u00e9minent pr\u00e9d\u00e9cesseur. L&rsquo;\u00e9v\u00e8nement aura&#46;&#46;&#46;<\/p>\n","protected":false},"author":2,"featured_media":0,"comment_status":"open","ping_status":"open","sticky":false,"template":"","format":"standard","meta":{"footnotes":""},"categories":[],"tags":[],"class_list":["post-366","post","type-post","status-publish","format-standard","hentry"],"_links":{"self":[{"href":"http:\/\/www.chapelle-crecy.com\/index.php?rest_route=\/wp\/v2\/posts\/366","targetHints":{"allow":["GET"]}}],"collection":[{"href":"http:\/\/www.chapelle-crecy.com\/index.php?rest_route=\/wp\/v2\/posts"}],"about":[{"href":"http:\/\/www.chapelle-crecy.com\/index.php?rest_route=\/wp\/v2\/types\/post"}],"author":[{"embeddable":true,"href":"http:\/\/www.chapelle-crecy.com\/index.php?rest_route=\/wp\/v2\/users\/2"}],"replies":[{"embeddable":true,"href":"http:\/\/www.chapelle-crecy.com\/index.php?rest_route=%2Fwp%2Fv2%2Fcomments&post=366"}],"version-history":[{"count":0,"href":"http:\/\/www.chapelle-crecy.com\/index.php?rest_route=\/wp\/v2\/posts\/366\/revisions"}],"wp:attachment":[{"href":"http:\/\/www.chapelle-crecy.com\/index.php?rest_route=%2Fwp%2Fv2%2Fmedia&parent=366"}],"wp:term":[{"taxonomy":"category","embeddable":true,"href":"http:\/\/www.chapelle-crecy.com\/index.php?rest_route=%2Fwp%2Fv2%2Fcategories&post=366"},{"taxonomy":"post_tag","embeddable":true,"href":"http:\/\/www.chapelle-crecy.com\/index.php?rest_route=%2Fwp%2Fv2%2Ftags&post=366"}],"curies":[{"name":"wp","href":"https:\/\/api.w.org\/{rel}","templated":true}]}}