{"id":367,"date":"2011-05-03T23:26:57","date_gmt":"2011-05-03T23:26:57","guid":{"rendered":""},"modified":"-0001-11-30T00:00:00","modified_gmt":"-0001-11-29T22:00:00","slug":"","status":"publish","type":"post","link":"http:\/\/www.chapelle-crecy.com\/?p=367","title":{"rendered":"Une belle Communion fraternelle Franco-Polonaise"},"content":{"rendered":"<div align=\"justify\">\nIl n&rsquo;y avait pas qu&rsquo;\u00e0\u00a0 Rome que les Polonais et les Fran\u00e7ais, r\u00e9unis dans la Communion Fraternelle, f\u00eataient la B\u00e9atification du Pape Jean-Paul II. C&rsquo;\u00e9tait le cas aussi \u00e0\u00a0 Quincy-Voisins ! En effet, \u00e0\u00a0 16h30, une messe d&rsquo;actions de gr ce \u00e9tait conc\u00e9l\u00e9br\u00e9e autour du P\u00e8re Tadeusz, pr\u00eatre Polonais de la Mission Polonaise, au service du secteur de Quincy-Voisins, Couilly-Pont-aux-Dames et Saint Germain-sur-Morin par les chanoines Michel Henrie, Vicaire G\u00e9n\u00e9ral du Dioc\u00e8se et Philippe Legrand, Cur\u00e9 du P\u00f4le de Meaux ainsi que par le Recteur de la Mission Polonaise en France. L&rsquo;Eglise \u00e9tait pleine &#8230;<\/div>\n<div align=\"justify\">&#8230;avec une proportion presque \u00e9gale de fid\u00e8les Polonais et Fran\u00e7ais. C&rsquo;est le coeur plein de joie pour accompagner le nouveau Bienheureux que les Fran\u00e7ais se sont essay\u00e9s avec quelque r\u00e9ussite \u00e0 accompagner les chants Polonais que le P\u00e8re Tadeusz avait pris la pr\u00e9caution de polycopier avec le d\u00e9roul\u00e9 de la c\u00e9l\u00e9bration pour l&rsquo;ensemble des fid\u00e8les. Nous avons appr\u00e9ci\u00e9 l&rsquo;hom\u00e9lie prononc\u00e9e par le Recteur de la Mission Polonaise et le partage d&rsquo;action de gr\u00e2ce donn\u00e9 par notre Vicaire G\u00e9n\u00e9ral apr\u00e8s la communion.<\/p>\n<p> A la sortie de la c\u00e9l\u00e9bration, tous les pr\u00e9sents se sont r\u00e9unis au presbyt\u00e8re de Quincy qui vient d&rsquo;\u00eatre r\u00e9habilit\u00e9 et peut d\u00e9sormais voir le P\u00e8re Tadeusz s&rsquo;installer. L\u00e0 encore, l&rsquo;ambiance \u00e9tait tr\u00e8s chaleureuse et nous avons pu d\u00e9guster les diff\u00e9rents plats pr\u00e9par\u00e9s par les participants Polonais et Fran\u00e7ais, un verre de Champagne \u00e0 la main.<\/p>\n<div align=\"center\"><img decoding=\"async\" src=\"\/IMG\/jpg\/JPII.jpg\" width=500><\/div>\n<p> Merci au P\u00e8re Tadeusz et \u00e0 l&rsquo;Equipe d&rsquo;Animation Pastorale du secteur de Quincy-Voisins, Couilly-Pont-aux-Dames et Saint Germain-sur-Morin pour cette belle initiative et merci aussi au P\u00e8re Tadeusz de nous avoir donn\u00e9, pour notre \u00e9glise Saint Georges de Cr\u00e9cy-la-Chapelle,  une banderole o\u00f9 le Bienheureux Jean-Paul II nous engage sur le chemin de la confiance en J\u00e9sus-Christ.<\/p>\n<p> Une belle fin de F\u00eate de la Divine Mis\u00e9ricorde et de l&rsquo;Octave de P\u00e2ques !<\/p>\n<p> Christian Latieule<br \/>\n Coordinateur de l&rsquo;E.A.P. des Trois Clochers\n<\/p><\/div>\n","protected":false},"excerpt":{"rendered":"<p>Il n&rsquo;y avait pas qu&rsquo;\u00e0\u00a0 Rome que les Polonais et les Fran\u00e7ais, r\u00e9unis dans la Communion Fraternelle, f\u00eataient la B\u00e9atification du Pape Jean-Paul II. C&rsquo;\u00e9tait le cas aussi \u00e0\u00a0 Quincy-Voisins ! En effet, \u00e0\u00a0&#46;&#46;&#46;<\/p>\n","protected":false},"author":2,"featured_media":0,"comment_status":"open","ping_status":"open","sticky":false,"template":"","format":"standard","meta":{"footnotes":""},"categories":[],"tags":[],"class_list":["post-367","post","type-post","status-publish","format-standard","hentry"],"_links":{"self":[{"href":"http:\/\/www.chapelle-crecy.com\/index.php?rest_route=\/wp\/v2\/posts\/367","targetHints":{"allow":["GET"]}}],"collection":[{"href":"http:\/\/www.chapelle-crecy.com\/index.php?rest_route=\/wp\/v2\/posts"}],"about":[{"href":"http:\/\/www.chapelle-crecy.com\/index.php?rest_route=\/wp\/v2\/types\/post"}],"author":[{"embeddable":true,"href":"http:\/\/www.chapelle-crecy.com\/index.php?rest_route=\/wp\/v2\/users\/2"}],"replies":[{"embeddable":true,"href":"http:\/\/www.chapelle-crecy.com\/index.php?rest_route=%2Fwp%2Fv2%2Fcomments&post=367"}],"version-history":[{"count":0,"href":"http:\/\/www.chapelle-crecy.com\/index.php?rest_route=\/wp\/v2\/posts\/367\/revisions"}],"wp:attachment":[{"href":"http:\/\/www.chapelle-crecy.com\/index.php?rest_route=%2Fwp%2Fv2%2Fmedia&parent=367"}],"wp:term":[{"taxonomy":"category","embeddable":true,"href":"http:\/\/www.chapelle-crecy.com\/index.php?rest_route=%2Fwp%2Fv2%2Fcategories&post=367"},{"taxonomy":"post_tag","embeddable":true,"href":"http:\/\/www.chapelle-crecy.com\/index.php?rest_route=%2Fwp%2Fv2%2Ftags&post=367"}],"curies":[{"name":"wp","href":"https:\/\/api.w.org\/{rel}","templated":true}]}}