{"id":368,"date":"2011-05-05T00:00:00","date_gmt":"2011-05-05T00:00:00","guid":{"rendered":""},"modified":"-0001-11-30T00:00:00","modified_gmt":"-0001-11-29T22:00:00","slug":"","status":"publish","type":"post","link":"http:\/\/www.chapelle-crecy.com\/?p=368","title":{"rendered":"\u00ab\u00a0FOUILL&rsquo; V\u00e0\u0160TEMENTS\u00a0\u00bb  dimanche 8 mai de 9h \u00e0\u00a0 17h \u00e0\u00a0 Villeneuve-le-Comte"},"content":{"rendered":"<div align=\"justify\">Venez participer \u00e0\u00a0 la plus grande friperie de la r\u00e9gion sur la place de l&rsquo;\u00e9glise ensoleill\u00e9e de Villeneuve-le-Comte ! 4000 \u00e0\u00a0 5000 v\u00eatements sont vendus \u00e0\u00a0 chaque vente de printemps, mais environ 10.000 v\u00eatements attendent encore un acqu\u00e9reur. Vous trouverez tout type de v\u00eatements, b\u00e9b\u00e9s, enfants, femmes, hommes, linge de maison, d\u00e9guisements, chaussures, sacs, etc. \u00e0\u00a0 partir de 1 \u201a\u00ac. Il faut savoir que le produit de cette vente est enti\u00e8rement revers\u00e9 aux plus d\u00e9munis. Les organisateurs sont tous b\u00e9n\u00e9voles. D&rsquo;avance merci pour votre visite. La prochaine vente d&rsquo;automne aura lieu le 2 octobre 2011.<\/div>\n<p><img515|center><br \/>\n<img516|center><br \/>\n<img517|center><br \/>\n<img518|center><\/p>\n","protected":false},"excerpt":{"rendered":"<p>Venez participer \u00e0\u00a0 la plus grande friperie de la r\u00e9gion sur la place de l&rsquo;\u00e9glise ensoleill\u00e9e de Villeneuve-le-Comte ! 4000 \u00e0\u00a0 5000 v\u00eatements sont vendus \u00e0\u00a0 chaque vente de printemps, mais environ 10.000 v\u00eatements&#46;&#46;&#46;<\/p>\n","protected":false},"author":2,"featured_media":0,"comment_status":"open","ping_status":"open","sticky":false,"template":"","format":"standard","meta":{"footnotes":""},"categories":[],"tags":[],"class_list":["post-368","post","type-post","status-publish","format-standard","hentry"],"_links":{"self":[{"href":"http:\/\/www.chapelle-crecy.com\/index.php?rest_route=\/wp\/v2\/posts\/368","targetHints":{"allow":["GET"]}}],"collection":[{"href":"http:\/\/www.chapelle-crecy.com\/index.php?rest_route=\/wp\/v2\/posts"}],"about":[{"href":"http:\/\/www.chapelle-crecy.com\/index.php?rest_route=\/wp\/v2\/types\/post"}],"author":[{"embeddable":true,"href":"http:\/\/www.chapelle-crecy.com\/index.php?rest_route=\/wp\/v2\/users\/2"}],"replies":[{"embeddable":true,"href":"http:\/\/www.chapelle-crecy.com\/index.php?rest_route=%2Fwp%2Fv2%2Fcomments&post=368"}],"version-history":[{"count":0,"href":"http:\/\/www.chapelle-crecy.com\/index.php?rest_route=\/wp\/v2\/posts\/368\/revisions"}],"wp:attachment":[{"href":"http:\/\/www.chapelle-crecy.com\/index.php?rest_route=%2Fwp%2Fv2%2Fmedia&parent=368"}],"wp:term":[{"taxonomy":"category","embeddable":true,"href":"http:\/\/www.chapelle-crecy.com\/index.php?rest_route=%2Fwp%2Fv2%2Fcategories&post=368"},{"taxonomy":"post_tag","embeddable":true,"href":"http:\/\/www.chapelle-crecy.com\/index.php?rest_route=%2Fwp%2Fv2%2Ftags&post=368"}],"curies":[{"name":"wp","href":"https:\/\/api.w.org\/{rel}","templated":true}]}}