{"id":369,"date":"2011-05-08T16:20:00","date_gmt":"2011-05-08T16:20:00","guid":{"rendered":""},"modified":"-0001-11-30T00:00:00","modified_gmt":"-0001-11-29T22:00:00","slug":"","status":"publish","type":"post","link":"http:\/\/www.chapelle-crecy.com\/?p=369","title":{"rendered":"L&rsquo;\u00e9v\u00e8nement en Seine-et-Marne: 1\u00e8re NUIT des CATHEDRALES \u00e0\u00a0 Meaux"},"content":{"rendered":"<div align=\"justify\">La nuit des cath\u00e9drales est un \u00e9v\u00e9nement qui a vu le jour en 2008 \u00e0\u00a0 l&rsquo;initiative du dioc\u00e8se du Luxembourg. L&rsquo;objectif est de proposer aux Cath\u00e9drales des pays de l&rsquo;Union Europ\u00e9enne une manifestation commune : ouvrir les Cath\u00e9drales jusque tard dans la soir\u00e9e ou dans la nuit et proposer un programme d&rsquo;animations diverses, spirituelles et culturelles, afin de permettre au plus grand nombre de personnes de participer \u00e0\u00a0 cette soir\u00e9e \u00e0\u00a0 dimension europ\u00e9enne. Pour la premi\u00e8re fois cette ann\u00e9e, notre Cath\u00e9drale Saint Etienne participera \u00e0\u00a0 cette manifestation. Elle rejoint ainsi les Cath\u00e9drales de Li\u00e8ge, Luxembourg, Saint Die, Metz, Monaco, Nancy, Reims, Strasbourg et Tr\u00e8ves. Cette manifestation se d\u00e9roulera le soir du samedi 14 mai. La Cath\u00e9drale de Meaux proposera un programme exceptionnel. Jugez vous -m\u00eames&#8230;<\/div>\n<div align=\"justify\">PROGRAMME DE LA NUIT DES CATHEDRALES MEAUX LE 14 MAI 2011 DE 18H A 24H<\/p>\n<p>Organis\u00e9e par le Dioc\u00e8se de Meaux, la Paroisse de Meaux-Centre , en collaboration avec Meaux Ville d&rsquo;Art et d&rsquo;Histoire<\/p>\n<div align=\"center\"><img decoding=\"async\" src=\"\/IMG\/jpg\/Musees_et_Cathedrale.jpg\" width=400><\/div>\n<p><span style=\"color: rgb(51, 51, 255); font-weight:bold;\"><br \/>\n18h00<\/span>&nbsp;&nbsp; &nbsp;<br \/>\nAccueil par Mgr Albert-Marie de MONLEON, \u00e9v\u00eaque de Meaux, dans sa Cath\u00e9drale<\/p>\n<div align=\"center\"><img decoding=\"async\" src=\"\/IMG\/jpg\/eveque.jpg\" width=200><\/div>\n<p><span style=\"color: rgb(51, 51, 255); font-weight: bold;\"><br \/>\n18h15<\/span>&nbsp;&nbsp; &nbsp;<br \/>\nConcert d&rsquo;orgue inaugural par les organistes titulaires<\/p>\n<div align=\"center\"><img decoding=\"async\" src=\"\/IMG\/jpg\/orgues.jpg\" width=450><\/div>\n<p><span style=\"color: rgb(51, 51, 255); font-weight: bold;\"><br \/>\n18h30<\/span>&nbsp;&nbsp; &nbsp;<br \/>\nConf\u00e9rence : le message de foi de la Cath\u00e9drale par le Chanoine Philippe LEGRAND<br \/>\nDur\u00e9e : 45mn , rdv \u00e0 l&rsquo;entr\u00e9e du choeur<\/p>\n<div align=\"center\"><img decoding=\"async\" src=\"\/IMG\/jpg\/perephilippe-2.jpg\" width=200><\/div>\n<p><span style=\"color: rgb(51, 51, 255); font-weight: bold;\"><br \/>\n18h30<\/span>&nbsp;&nbsp; &nbsp;<br \/>\nVisite-conf\u00e9rence : architecture de la Cath\u00e9drale avec des guides du service patrimoine-art et histoire , dur\u00e9e : 45mn , rdv devant le point accueil de la Cath\u00e9drale, visite gratuite.<\/p>\n<p><span style=\"color: rgb(51, 51, 255); font-weight: bold;\"><br \/>\n18h30-20h00<\/span>&nbsp;&nbsp; &nbsp;<br \/>\n(pour jeune public)<br \/>\nJeu de piste sur les sc\u00e8nes de la Bible et de la vie des saints repr\u00e9sent\u00e9s dans la Cath\u00e9drale<br \/>\net concours de dessin \u00ab dessine-moi la Cath\u00e9drale \u00bb<br \/>\nPar le service cat\u00e9ch\u00e8se de la paroisse (rdv chapelle du Sacr\u00e9-Coeur)<\/p>\n<div align=\"center\"><img decoding=\"async\" src=\"\/IMG\/jpg\/DESSIN_CATHE_ST-ETIENNE.jpg\" width=400><\/div>\n<p> <a href=\"http:\/\/www.ville-meaux.fr\/Visites-guidees.html?id_evenement=1898&#038;retour=-Agenda-general-.html\" target=\"_blank\"><b> http:\/\/www.ville-meaux.fr\/Visites-guidees.html?id_evenement=1898&#038;retour=-Agenda-general-.html<\/a><\/b><\/p>\n<div align=\"center\"><img decoding=\"async\" src=\"\/IMG\/png\/decouverte-eglise.png\" width=200><\/div>\n<p> Atelier pour jeune public (7-12 ans) : activit\u00e9 vitrail et construction de cath\u00e9drale (maquette) avec des guides du service patrimoine-art et histoire, dur\u00e9e : 45mn , rdv : Posterie (aile de Br\u00e9z\u00e9 de l&rsquo;ancien Palais \u00e9piscopal), activit\u00e9 gratuite selon les places disponibles.<\/p>\n<p><span style=\"color: rgb(51, 51, 255); font-weight: bold;\"><br \/>\n18h30-22h30<\/span>&nbsp;&nbsp; &nbsp;<br \/>\n(tout public)<br \/>\n Exposition au Vieux-Chap \u00eetre : livres, ornements et objets liturgiques avec Vincent RICHOUX,<br \/>\nsacristain, Chantal MAURICE, \u00e9quipe sacristie et Nathalie ENSERGUEIX, commission dioc\u00e9saine d&rsquo;art sacr\u00e9.<br \/>\n Exposition gratuite, entr\u00e9e par le passage cath\u00e9drale-chap \u00eetre.<\/p>\n<div align=\"center\"><img decoding=\"async\" src=\"\/IMG\/jpg\/objets_sacres-1.jpg\" width=400><\/div>\n<div align=\"center\"><img decoding=\"async\" src=\"\/IMG\/jpg\/bible-1.jpg\" width=400><\/div>\n<p> En d\u00e9but de soir\u00e9e, projection et conf\u00e9rence : \u00ab le Vieux Chap \u00eetre et ses tr\u00e9sors \u00bb par Judith FORSTELL , conservateur du patrimoine, Service r\u00e9gional de l&rsquo;Inventaire.<\/p>\n<p> Projection en continu du film de Juan Jos\u00e9 ALVA sur la Cath\u00e9drale de Meaux (chapelle St Eloi)<\/p>\n<div align=\"center\"><img decoding=\"async\" src=\"\/IMG\/jpg\/chapiteaux.jpg\" width=200><\/div>\n<p> Visite guid\u00e9e de la crypte de la Cath\u00e9drale avec des guides du service patrimoine-art- histoire en continu, par groupes de 10 personnes, dur\u00e9e : 15mn, rdv devant le choeur de la cath\u00e9drale.<br \/>\nVisite gratuite <\/p>\n<p><span style=\"color: rgb(51, 51, 255); font-weight: bold;\"><br \/>\n20h00<\/span>&nbsp;&nbsp; &nbsp;<br \/>\nChorale Ma \u00eetrisienne Sainte-Marie de la Cath\u00e9drale de Meaux<br \/>\nPi\u00e8ce d&rsquo;orgue<\/p>\n<div align=\"center\"><img decoding=\"async\" src=\"\/IMG\/jpg\/maitrise.jpg\" width=400><\/div>\n<p><span style=\"color: rgb(51, 51, 255); font-weight: bold;\"><br \/>\n20h45<\/span>&nbsp;&nbsp; &nbsp;<br \/>\nPetit Choeur du Grand Morin<br \/>\nPi\u00e8ce d&rsquo;orgue<\/p>\n<div align=\"center\"><img decoding=\"async\" src=\"\/IMG\/jpg\/pcgm2.jpg\" width=400><\/div>\n<p><span style=\"color: rgb(51, 51, 255); font-weight: bold;\"><br \/>\n21h30<\/span>&nbsp;&nbsp; &nbsp;<br \/>\nChorale Gospell la cl\u00e9 des chants<\/p>\n<div align=\"center\"><img decoding=\"async\" src=\"\/IMG\/jpg\/gospel-2.jpg\" width=400><\/div>\n<p><span style=\"color: rgb(51, 51, 255); font-weight: bold;\"><br \/>\n22h00<\/span>&nbsp;&nbsp; &nbsp;<br \/>\nCat\u00e9ch\u00e8se des vitraux de la Vierge Marie par le P\u00e8re Henri IMBERT (chapelle du chevet)<\/p>\n<div align=\"center\"><img decoding=\"async\" src=\"\/IMG\/jpg\/vitrail0-2.jpg\" width=200><\/div>\n<p> Reprise des conf\u00e9rences message de foi et architecture de la Cath\u00e9drale<\/p>\n<p><span style=\"color: rgb(51, 51, 255); font-weight: bold;\"><br \/>\n23h00<\/span>&nbsp;&nbsp; &nbsp;<br \/>\nImprovisation \u00e0 l&rsquo;orgue sur un texte de St Bernard par Domenico SEVERIN, organiste titulaire, le Chanoine Philippe LEGRAND et Nathalie ENSERGUEIX.<\/p>\n<p><span style=\"color: rgb(51, 51, 255); font-weight: bold;\"><br \/>\n23h30<\/span>&nbsp;&nbsp; &nbsp;<br \/>\nOffice liturgique des Vigiles<\/p>\n<div align=\"center\"><img decoding=\"async\" src=\"\/IMG\/jpg\/Benoit.jpg\" width=200><\/div>\n<p><span style=\"color: rgb(51, 51, 255); font-weight: bold;\"><br \/>\n24h00<\/span>&nbsp;&nbsp; &nbsp;<br \/>\nFin de la soir\u00e9e <\/div>\n<div align=\"center\"><img decoding=\"async\" src=\"\/IMG\/jpg\/priere.jpg\" width=600><\/div>\n","protected":false},"excerpt":{"rendered":"<p>La nuit des cath\u00e9drales est un \u00e9v\u00e9nement qui a vu le jour en 2008 \u00e0\u00a0 l&rsquo;initiative du dioc\u00e8se du Luxembourg. L&rsquo;objectif est de proposer aux Cath\u00e9drales des pays de l&rsquo;Union Europ\u00e9enne une manifestation commune&#46;&#46;&#46;<\/p>\n","protected":false},"author":2,"featured_media":0,"comment_status":"open","ping_status":"open","sticky":false,"template":"","format":"standard","meta":{"footnotes":""},"categories":[],"tags":[],"class_list":["post-369","post","type-post","status-publish","format-standard","hentry"],"_links":{"self":[{"href":"http:\/\/www.chapelle-crecy.com\/index.php?rest_route=\/wp\/v2\/posts\/369","targetHints":{"allow":["GET"]}}],"collection":[{"href":"http:\/\/www.chapelle-crecy.com\/index.php?rest_route=\/wp\/v2\/posts"}],"about":[{"href":"http:\/\/www.chapelle-crecy.com\/index.php?rest_route=\/wp\/v2\/types\/post"}],"author":[{"embeddable":true,"href":"http:\/\/www.chapelle-crecy.com\/index.php?rest_route=\/wp\/v2\/users\/2"}],"replies":[{"embeddable":true,"href":"http:\/\/www.chapelle-crecy.com\/index.php?rest_route=%2Fwp%2Fv2%2Fcomments&post=369"}],"version-history":[{"count":0,"href":"http:\/\/www.chapelle-crecy.com\/index.php?rest_route=\/wp\/v2\/posts\/369\/revisions"}],"wp:attachment":[{"href":"http:\/\/www.chapelle-crecy.com\/index.php?rest_route=%2Fwp%2Fv2%2Fmedia&parent=369"}],"wp:term":[{"taxonomy":"category","embeddable":true,"href":"http:\/\/www.chapelle-crecy.com\/index.php?rest_route=%2Fwp%2Fv2%2Fcategories&post=369"},{"taxonomy":"post_tag","embeddable":true,"href":"http:\/\/www.chapelle-crecy.com\/index.php?rest_route=%2Fwp%2Fv2%2Ftags&post=369"}],"curies":[{"name":"wp","href":"https:\/\/api.w.org\/{rel}","templated":true}]}}