{"id":371,"date":"2011-05-13T01:42:15","date_gmt":"2011-05-13T01:42:15","guid":{"rendered":""},"modified":"-0001-11-30T00:00:00","modified_gmt":"-0001-11-29T22:00:00","slug":"","status":"publish","type":"post","link":"http:\/\/www.chapelle-crecy.com\/?p=371","title":{"rendered":"Le printemps et la dignit\u00e9 humaine"},"content":{"rendered":"<div align=\"justify\">Giovanna BRUNET est pr\u00e9sidente de la D\u00e9l\u00e9gation d\u00e9partementale du Secours Catholique. Depuis pas mal d&rsquo;ann\u00e9es d\u00e9j\u00e0\u00a0, Cr\u00e9cy-la-Chapelle a son antenne locale du Secours Catholique. Une \u00e9quipe de b\u00e9n\u00e9voles accueille, \u00e9coute, aide les personnes en difficult\u00e9, propose des cours de cuisine, accompagne des personnes sans-emploi dans les d\u00e9marches administratives, anime des ateliers cr\u00e9atifs enfants\/parents, etc.. Aujourd&rsquo;hui, c&rsquo;est une pr\u00e9sidente du 77, radieuse comme le soleil printanier, Giovanna, qui encourage les b\u00e9n\u00e9voles cr\u00e9\u00e7ois \u00e0\u00a0 collecter de la nourriture pour les plus d\u00e9munis de notre secteur. Les besoins sont immenses. Ouvrons grands nos yeux, nos oreilles et notre coeur ! Regardons autour de nous et r\u00e9pondons nombreux \u00e0\u00a0 cet appel.<\/div>\n<div align=\"center\"><img decoding=\"async\" src=\"\/IMG\/png\/Boite_a_partager.png \" width=450><\/div>\n<div align=\"center\"><var><big><big><big><span style=\"font-family: Comic Sans MS;\"><span style=\"color: rgb(51, 51, 255);\">Message de Giovanna, marraine de la collecte du 14 mai \u00e0 Cr\u00e9cy<\/span><\/span><\/big><\/big><\/big><\/var><\/div>\n<div align=\"center\"><img decoding=\"async\" src=\"\/IMG\/jpg\/printemps.jpg \" width=250><\/div>\n<p> Le printemps est arriv\u00e9 un beau matin. Comment puis-je d\u00e9crire cette all\u00e9e o\u00f9 j&rsquo;avance, cette all\u00e9e dess\u00e9ch\u00e9e apr\u00e8s la neige de l&rsquo;hiver rigoureux et avant l&rsquo;\u00e9closion de la f\u00e9\u00e9rie du printemps ? Tout est si sec et si aride et pourtant, en si peu de temps, tout refleurit et tout devient une merveille de couleur et de vie, les fleurs, les arbres, les oiseaux \u00e2\u20ac\u00a6<br \/>\n Tout cela n&rsquo;est-ce pas aussi l&rsquo;histoire de nos vies? N&rsquo;est-ce pas l&rsquo;histoire de ce fr\u00e8re si diff\u00e9rent ? Mais pour les \u00eatres humains, il n&rsquo;y a que l&rsquo;amour fraternel, oui seulement l&rsquo;amour qui permettra \u00e0 nos fr\u00e8res malheureux de sortir de l&rsquo;aridit\u00e9 de la solitude, du manque de confiance en soi, de l&rsquo;agressivit\u00e9 vis-\u00e0-vis des autres.<\/p>\n<div align=\"center\"><img decoding=\"async\" src=\"\/IMG\/png\/boite.png \" width=450><\/div>\n<p> La solidarit\u00e9 se d\u00e9cline avec beaucoup de tendresse sinc\u00e8re et aussi avec un geste de partage mat\u00e9riel et\/ou financier. Alors, si nous sommes nombreux \u00e0 le faire, c&rsquo;est si peu pour chacun et c&rsquo;est si immense pour celui qui n&rsquo;a rien \u00e2\u20ac\u00a6\u00e2\u20ac\u00a6<\/p>\n<p>Tout homme est \u00e0 l&rsquo;image de Dieu, aidons nos fr\u00e8res \u00e0 d\u00e9couvrir les tr\u00e9sors qui sont en eux et que les \u00e9preuves ou les erreurs cachent un peu ou beaucoup.<\/p>\n<div align=\"center\"><img decoding=\"async\" src=\"\/IMG\/jpg\/giovanna.jpg \" width=450><\/div>\n<p>Giovanna BRUNET, pr\u00e9sidente de la D\u00e9l\u00e9gation d\u00e9partementale (77) du Secours Catholique entour\u00e9e (\u00e0 gauche) du P\u00e8re Philippe Legrand, cur\u00e9 du p\u00f4le missionnaire de Meaux et du P\u00e8re Philippe Menu, pr\u00eatre du secteur pastoral de Trilport<\/p>\n<p> L&rsquo;\u00e9quipe de Cr\u00e9cy effectue ses permanences:<br \/>\n &#8211; le lundi de 15h \u00e0 18h<br \/>\n &#8211; le samedi de 10h \u00e0 12h<br \/>\ndans son nouveau local situ\u00e9 au 45 rue du g\u00e9n\u00e9ral Leclerc \u00e0 Cr\u00e9cy-la-Chapelle <\/p>\n<div align=\"center\"><img decoding=\"async\" src=\"\/IMG\/png\/secours-cath.png \" width=450><\/div>\n","protected":false},"excerpt":{"rendered":"<p>Giovanna BRUNET est pr\u00e9sidente de la D\u00e9l\u00e9gation d\u00e9partementale du Secours Catholique. Depuis pas mal d&rsquo;ann\u00e9es d\u00e9j\u00e0\u00a0, Cr\u00e9cy-la-Chapelle a son antenne locale du Secours Catholique. Une \u00e9quipe de b\u00e9n\u00e9voles accueille, \u00e9coute, aide les personnes en&#46;&#46;&#46;<\/p>\n","protected":false},"author":2,"featured_media":0,"comment_status":"open","ping_status":"open","sticky":false,"template":"","format":"standard","meta":{"footnotes":""},"categories":[],"tags":[],"class_list":["post-371","post","type-post","status-publish","format-standard","hentry"],"_links":{"self":[{"href":"http:\/\/www.chapelle-crecy.com\/index.php?rest_route=\/wp\/v2\/posts\/371","targetHints":{"allow":["GET"]}}],"collection":[{"href":"http:\/\/www.chapelle-crecy.com\/index.php?rest_route=\/wp\/v2\/posts"}],"about":[{"href":"http:\/\/www.chapelle-crecy.com\/index.php?rest_route=\/wp\/v2\/types\/post"}],"author":[{"embeddable":true,"href":"http:\/\/www.chapelle-crecy.com\/index.php?rest_route=\/wp\/v2\/users\/2"}],"replies":[{"embeddable":true,"href":"http:\/\/www.chapelle-crecy.com\/index.php?rest_route=%2Fwp%2Fv2%2Fcomments&post=371"}],"version-history":[{"count":0,"href":"http:\/\/www.chapelle-crecy.com\/index.php?rest_route=\/wp\/v2\/posts\/371\/revisions"}],"wp:attachment":[{"href":"http:\/\/www.chapelle-crecy.com\/index.php?rest_route=%2Fwp%2Fv2%2Fmedia&parent=371"}],"wp:term":[{"taxonomy":"category","embeddable":true,"href":"http:\/\/www.chapelle-crecy.com\/index.php?rest_route=%2Fwp%2Fv2%2Fcategories&post=371"},{"taxonomy":"post_tag","embeddable":true,"href":"http:\/\/www.chapelle-crecy.com\/index.php?rest_route=%2Fwp%2Fv2%2Ftags&post=371"}],"curies":[{"name":"wp","href":"https:\/\/api.w.org\/{rel}","templated":true}]}}