{"id":373,"date":"2011-05-16T20:36:00","date_gmt":"2011-05-16T20:36:00","guid":{"rendered":""},"modified":"-0001-11-30T00:00:00","modified_gmt":"-0001-11-29T22:00:00","slug":"","status":"publish","type":"post","link":"http:\/\/www.chapelle-crecy.com\/?p=373","title":{"rendered":"L&rsquo;antenne locale du Secours Catholique de Cr\u00e9cy vous remercie"},"content":{"rendered":"<div align=\"justify\">Ce samedi 14 mai, vous avez \u00e9t\u00e9 nombreux \u00e0\u00a0 vous rendre aux supermarch\u00e9s cr\u00e9\u00e7ois d&rsquo;Intermarch\u00e9 et Carrefour City. La diff\u00e9rence par rapport aux autres samedis, c&rsquo;est que des personnes v\u00eatues d&rsquo;une chasuble du \u00ab\u00a0Secours Catholique\u00a0\u00bb vous accueillaient en vous tendant une feuille pour vous demander une petite bo\u00eete ou un paquet de lessive. Soyez remerci\u00e9s, chers donateurs pour votre accueil et pour votre g\u00e9n\u00e9rosit\u00e9.  \u00ab\u00a0Le fruit de cette belle collecte alimentaire permettra de venir en aide aux personnes dans le besoin de notre secteur, jusqu&rsquo;\u00e0\u00a0 la No\u00f6l\u00a0\u00bb affirme Evelyne, b\u00e9n\u00e9vole de l&rsquo;antenne de Cr\u00e9cy. Voici quelques beaux t\u00e9moignages en paroles et en photos de cette belle journ\u00e9e de partage<\/div>\n<div align=\"justify\">T\u00e9moignage de Christine et Geoffroy, b\u00e9n\u00e9voles pour la collecte du Secours Catholique \u00e0 Cr\u00e9cy<\/p>\n<p> S&rsquo;il n&rsquo;est pas toujours facile de r\u00e9pondre aux diff\u00e9rentes sollicitations d&rsquo;appels au don en tout genre, il est parfois encore moins \u00e9vident d&rsquo;\u00eatre dans \u00ab\u00a0la peau\u00a0\u00bb de celui qui demande. Pourtant, Christine et Geoffroy l&rsquo;ont fait. Et ils ont accept\u00e9 de nous dire ce qu&rsquo;ils ont ressenti pendant cette collecte du Secours Catholique. Voici un t\u00e9moignage plein d&rsquo;humilit\u00e9 et d&rsquo;esp\u00e9rance !<br \/>\n \u00abDans notre folle course du week-end: une Pause! D&rsquo;abord, se sentir faire partie de \u00ab\u00a0la cha \u00eene\u00a0\u00bb avec l&rsquo;accueil du bin\u00f4me pr\u00e9c\u00e9dent avec le fameux appel \u00a0\u00bb Ah ! voila la rel\u00e8ve!\u00a0\u00bb qui nous met de suite aux postes.<br \/>\n Mise du tablier pour nous faire reconna \u00eetre : nous venons appeler au \u00ab\u00a0Secours\u00a0\u00bb. Ce n&rsquo;est pas anodin et nous sommes pourtant l\u00e0 pour prolonger notre engagement de foi dans l&rsquo;action. \u00ab\u00a0Aimez-vous les uns les autres\u00a0\u00bb : Oui. Nous y sommes.<br \/>\n <img decoding=\"async\" src=\"\/IMG\/jpg\/partager.jpg\" width=500><br \/>\n * Penser \u00e0 l&rsquo;autre: \u00e0 celui qui n&rsquo;a pas assez pour vivre dignement, pour vivre tout court.<br \/>\n * Oser. Faire cette d\u00e9marche de demander un don \u00e0 celui qui passe , qui va faire ses courses .<br \/>\n * Oser. Demander un petit quelque chose qui permet le partage.<br \/>\n * Oser faire le lien entre celui qui \u00ab\u00a0est\u00a0\u00bb  et qui \u00ab\u00a0a\u00a0\u00bb et celui qui \u00ab\u00a0est\u00a0\u00bb et qui \u00ab\u00a0a moins\u00a0\u00bb, pas assez.<br \/>\n Parler \u00e0 l&rsquo;un en pensant \u00e0 l&rsquo;autre. Sourire avec la main tendue. Et partager avec son bin\u00f4me: \u00ab\u00a0Ah, Isabelle avec ta spontan\u00e9it\u00e9, ton franc parler!!!\u00a0\u00bb et \u00ab\u00a0Geoffroy, avec son sens du rangement et du remerciement !!!\u00a0\u00bb Des le\u00e7ons de vie: \u00e0 rencontrer les uns et les autres, \u00e0 parler, \u00e0 discuter, \u00e0 d\u00e9fendre ses id\u00e9es, \u00e0 se reconna \u00eetre \u00ab\u00a0fr\u00e8res\u00a0\u00bb.<br \/>\n Tiens , voil\u00e0 \u00ab\u00a0les gros bras\u00a0\u00bb et leurs ballets incessants \u00e0 porter les cartons d\u00e9j\u00e0  pleins (la multiplication des pains???) dans les v\u00e9hicules pour les transporter au local de Cr\u00e9cy. Le temps peut para \u00eetre long (on pi\u00e9tine) mais non, au fond: de donner son temps, \u00e7a parait court. Trop court, il nous faut nous prolonger: faire encore et encore en priant aussi. On se sent un peu fatigu\u00e9s mais remplis d&rsquo;une satisfaction d&rsquo;avoir bien \u00ab\u00a0oeuvrer\u00a0\u00bb. Qu&rsquo;est ce que tu en dis Geo (Prononcer Jo)? \u00ab\u00a0C&rsquo;est bien de se sentir utile pour ceux qui en ont besoin surtout que moi, j&rsquo;aurais pu \u00eatre comme eux, alors, je comprends\u00a0\u00bb. Tiens \u00ab\u00a0Ah, voil\u00e0 la rel\u00e8ve!\u00a0\u00bb. La \u00ab\u00a0cha \u00eene\u00a0\u00bb se poursuit. Nous reprenons la folle course du week-end; Le coeur tout l\u00e9ger&#8230;\u00bb<\/p>\n<div align=\"center\"><img decoding=\"async\" src=\"\/IMG\/jpg\/carrouf-city.jpg\" width=350><\/div>\n<div align=\"center\">L&rsquo;\u00e9quipe interg\u00e9n\u00e9rationnelle de la collecte du Secours Catholique au travail \u00e0 l&rsquo;entr\u00e9e du magasin Carrefour-City<\/div>\n<div align=\"center\"><img decoding=\"async\" src=\"\/IMG\/jpg\/dechargement\" width=350><\/div>\n<div align=\"center\"><img decoding=\"async\" src=\"\/IMG\/jpg\/xav\" width=350><\/div>\n<p>Plus d&rsquo;une tonne de vivre a \u00e9t\u00e9 stock\u00e9e au nouveau local du Secours Catholique, 45 boulevard du G\u00e9n\u00e9ral  de Gaule<\/p>\n<\/div>\n","protected":false},"excerpt":{"rendered":"<p>Ce samedi 14 mai, vous avez \u00e9t\u00e9 nombreux \u00e0\u00a0 vous rendre aux supermarch\u00e9s cr\u00e9\u00e7ois d&rsquo;Intermarch\u00e9 et Carrefour City. La diff\u00e9rence par rapport aux autres samedis, c&rsquo;est que des personnes v\u00eatues d&rsquo;une chasuble du \u00ab\u00a0Secours&#46;&#46;&#46;<\/p>\n","protected":false},"author":2,"featured_media":0,"comment_status":"open","ping_status":"open","sticky":false,"template":"","format":"standard","meta":{"footnotes":""},"categories":[],"tags":[],"class_list":["post-373","post","type-post","status-publish","format-standard","hentry"],"_links":{"self":[{"href":"http:\/\/www.chapelle-crecy.com\/index.php?rest_route=\/wp\/v2\/posts\/373","targetHints":{"allow":["GET"]}}],"collection":[{"href":"http:\/\/www.chapelle-crecy.com\/index.php?rest_route=\/wp\/v2\/posts"}],"about":[{"href":"http:\/\/www.chapelle-crecy.com\/index.php?rest_route=\/wp\/v2\/types\/post"}],"author":[{"embeddable":true,"href":"http:\/\/www.chapelle-crecy.com\/index.php?rest_route=\/wp\/v2\/users\/2"}],"replies":[{"embeddable":true,"href":"http:\/\/www.chapelle-crecy.com\/index.php?rest_route=%2Fwp%2Fv2%2Fcomments&post=373"}],"version-history":[{"count":0,"href":"http:\/\/www.chapelle-crecy.com\/index.php?rest_route=\/wp\/v2\/posts\/373\/revisions"}],"wp:attachment":[{"href":"http:\/\/www.chapelle-crecy.com\/index.php?rest_route=%2Fwp%2Fv2%2Fmedia&parent=373"}],"wp:term":[{"taxonomy":"category","embeddable":true,"href":"http:\/\/www.chapelle-crecy.com\/index.php?rest_route=%2Fwp%2Fv2%2Fcategories&post=373"},{"taxonomy":"post_tag","embeddable":true,"href":"http:\/\/www.chapelle-crecy.com\/index.php?rest_route=%2Fwp%2Fv2%2Ftags&post=373"}],"curies":[{"name":"wp","href":"https:\/\/api.w.org\/{rel}","templated":true}]}}