{"id":375,"date":"2011-05-24T11:12:43","date_gmt":"2011-05-24T11:12:43","guid":{"rendered":""},"modified":"-0001-11-30T00:00:00","modified_gmt":"-0001-11-29T22:00:00","slug":"","status":"publish","type":"post","link":"http:\/\/www.chapelle-crecy.com\/?p=375","title":{"rendered":"La cat\u00e9ch\u00e8se 2011"},"content":{"rendered":"<div align=\"justify\">Vous vous demandez certainement ce que signifie ce tabouret en logo de cet article !  Il repr\u00e9sente les trois points d&rsquo;appuis sur lesquels notre communaut\u00e9 chr\u00e9tienne doit s&rsquo;appuyer pour vivre et donner du fruit :<br \/>\n<br \/>\nIls \u00e9taient fid\u00e8les \u00e0\u00a0 \u00e9couter l&rsquo;enseignement des ap\u00f4tres et \u00e0\u00a0 vivre en communion fraternelle, \u00e0\u00a0 rompre le pain et \u00e0\u00a0 participer aux pri\u00e8res \u00bb (Actes des ap\u00f4tres 2, 42)<\/br><br \/>\nComme \u00e0\u00a0 l&rsquo;\u00e9poque des premiers chr\u00e9tiens, l&rsquo;annonce de la foi est aujourd&rsquo;hui primordiale. Venons r\u00e9fl\u00e9chir et d\u00e9couvrir tous ensemble la nouvelle p\u00e9dagogie de la cat\u00e9ch\u00e8se, ce mercredi 25 mai \u00e0\u00a0 20h30 \u00e0\u00a0 la salle paroissiale de Cr\u00e9cy.<\/div>\n<div align=\"justify\">\n Revenons sur la signification de ces trois P  ( pieds) de notre fameux tabouret:<br \/>\n  Parole de Dieu<br \/>\n  Pri\u00e8re et sacrements<br \/>\n  Partage fraternel<\/p>\n<p> Notre \u00e9v\u00eaque et son \u00e9quipe dioc\u00e9saine de la cat\u00e9ch\u00e8se nous ont donn\u00e9 de nouvelles orientations en pr\u00e9cisant bien que :<br \/>\n 1- La communaut\u00e9 paroissiale \u00e9tait  le milieu nourricier de la foi.<br \/>\n 2- La cat\u00e9ch\u00e8se, c&rsquo;est l&rsquo;affaire de tous !  <\/p>\n<p> C&rsquo;est pourquoi nous vous demandons de bien vouloir venir nous rejoindre afin de d\u00e9couvrir ensemble la nouvelle p\u00e9dagogie demand\u00e9e par nos \u00e9v\u00eaques de France. La transmission de la foi est une r\u00e9elle question qui m\u00e9rite qu&rsquo;on s&rsquo;y attarde un peu. De nombreuses personnes dans notre soci\u00e9t\u00e9 sont en recherche, sont parfois d\u00e9boussol\u00e9es. La connaissance du message \u00e9vang\u00e9lique peut \u00eatre d&rsquo;un grand secours pour un grand nombre de nos contemporains. Ne faisons pas l&rsquo;\u00e9conomie de passer \u00e0 c\u00f4t\u00e9 de ces nouvelles orientations de la cat\u00e9ch\u00e8se. <\/p>\n<p> Voici donc les 7 points sur lesquels s&rsquo;appuient cette nouvelle p\u00e9dagogie et que nous d\u00e9velopperons au cours de cette r\u00e9union de mercredi:<\/p>\n<div align=\"center\">\n La libert\u00e9 des personnes<\/p>\n<p> Suivre un cheminement<\/p>\n<p> Se remettre en \u00e9tat d&rsquo;initiation<\/p>\n<p> Lire la Parole de Dieu<\/p>\n<p> Rester dans une tradition vivante<\/p>\n<p> Faire un choix de vie<\/p>\n<p> S&rsquo;ouvrir \u00e0 la diversit\u00e9 culturelle<\/p><\/div>\n<p> VENEZ ET VOYEZ !<br \/>\n Alors pour mieux comprendre ce qui va se vivre dans notre secteur, et partout dans notre p\u00f4le de fa\u00e7on progressive, et pour ceux qui voudront aller un peu plus loin, venez nous aider \u00e0 mettre en place sur notre secteur cette nouvelle mani\u00e8re de faire entrer nos jeunes enfants dans une intimit\u00e9 avec le Christ !<\/p>\n<\/div>\n","protected":false},"excerpt":{"rendered":"<p>Vous vous demandez certainement ce que signifie ce tabouret en logo de cet article ! Il repr\u00e9sente les trois points d&rsquo;appuis sur lesquels notre communaut\u00e9 chr\u00e9tienne doit s&rsquo;appuyer pour vivre et donner du fruit&#46;&#46;&#46;<\/p>\n","protected":false},"author":2,"featured_media":0,"comment_status":"open","ping_status":"open","sticky":false,"template":"","format":"standard","meta":{"footnotes":""},"categories":[],"tags":[],"class_list":["post-375","post","type-post","status-publish","format-standard","hentry"],"_links":{"self":[{"href":"http:\/\/www.chapelle-crecy.com\/index.php?rest_route=\/wp\/v2\/posts\/375","targetHints":{"allow":["GET"]}}],"collection":[{"href":"http:\/\/www.chapelle-crecy.com\/index.php?rest_route=\/wp\/v2\/posts"}],"about":[{"href":"http:\/\/www.chapelle-crecy.com\/index.php?rest_route=\/wp\/v2\/types\/post"}],"author":[{"embeddable":true,"href":"http:\/\/www.chapelle-crecy.com\/index.php?rest_route=\/wp\/v2\/users\/2"}],"replies":[{"embeddable":true,"href":"http:\/\/www.chapelle-crecy.com\/index.php?rest_route=%2Fwp%2Fv2%2Fcomments&post=375"}],"version-history":[{"count":0,"href":"http:\/\/www.chapelle-crecy.com\/index.php?rest_route=\/wp\/v2\/posts\/375\/revisions"}],"wp:attachment":[{"href":"http:\/\/www.chapelle-crecy.com\/index.php?rest_route=%2Fwp%2Fv2%2Fmedia&parent=375"}],"wp:term":[{"taxonomy":"category","embeddable":true,"href":"http:\/\/www.chapelle-crecy.com\/index.php?rest_route=%2Fwp%2Fv2%2Fcategories&post=375"},{"taxonomy":"post_tag","embeddable":true,"href":"http:\/\/www.chapelle-crecy.com\/index.php?rest_route=%2Fwp%2Fv2%2Ftags&post=375"}],"curies":[{"name":"wp","href":"https:\/\/api.w.org\/{rel}","templated":true}]}}