{"id":376,"date":"2011-05-29T18:33:56","date_gmt":"2011-05-29T18:33:56","guid":{"rendered":""},"modified":"-0001-11-30T00:00:00","modified_gmt":"-0001-11-29T22:00:00","slug":"","status":"publish","type":"post","link":"http:\/\/www.chapelle-crecy.com\/?p=376","title":{"rendered":"Annonces de la semaine du 30 mai au 5 juin 2011"},"content":{"rendered":"<table bgcolor =\"F0FAFF\" border=0>\n<tbody>\n<tr>\n<td>\n<div align=\"justify\">\n<div \"299\">Voici les annonces de la semaine du lundi 30 mai au dimanche 5 juin 2011 pour la paroisse des 3 clochers Cr\u00e9cy-la-Chapelle, Villiers-sur-Morin, Voulangis.<br \/>Jeudi 2 \u00e0\u00a0 10h30, messe de l&rsquo;ascension \u00e0\u00a0 Cr\u00e9cy &#8211; Samedi 4 \u00e0\u00a0 18 h 30 : messe \u00e0\u00a0 Villiers, Dimanche 5 \u00e0\u00a0 10h30 , messe \u00e0\u00a0 Cr\u00e9cy &#8211; Tous les d\u00e9tails dans la suite &#8230;<\/div>\n<\/div>\n<\/td>\n<\/tr>\n<\/tbody>\n<\/table>\n<table bgcolor =\"F0F6FF\" border=0>\n<tbody>\n<tr>\n<td width=\"20%\"><font color=\"00CC00\">Lundi 30 mai<\/font><\/td>\n<td><font color=\"00CC00\">17 h &#8211; C\u00e9l\u00e9bration  \u00e0 la Maison de Retraite.<\/font><\/td>\n<td><font color=\"00CC00\">20 h 30  \u00e0 l&rsquo;\u00e9glise de Cr\u00e9cy, premi\u00e8re soir\u00e9e \u00ab Accueillir le  don de l&rsquo;Esprit Saint \u00bb sur le th\u00e8me : \u00ab J\u00e9sus vivant \u00bb.<\/font><\/td>\n<\/tr>\n<tr>\n<td><font color=\"802020\">Mardi 31 mai<font><\/td>\n<td><font color=\"802020\">18 h &#8211; Messe \u00e0 Cr\u00e9cy pour Ren\u00e9e MARLANT et Georgette ROUGEOREILLE.<font><\/td>\n<td><font color=\"802020\"><\/p>\n<div align=\"center\"><img decoding=\"async\" src=\"\/IMG\/gif\/coupes002.gif\" ><\/div>\n<p><\/font><\/td>\n<\/tr>\n<tr>\n<td><font color=\"0020FF\">Mercredi 1er juin<font><\/td>\n<td><font color=\"0020FF\"><\/p>\n<div align=\"center\"><img decoding=\"async\" src=\"\/IMG\/gif\/bibles004.gif\"><\/div>\n<p><\/font><\/td>\n<td><font color=\"0020FF\">9 h &#8211; Messe \u00e0 Cr\u00e9cy pour Georges PAQUET et Odette CAROUGE.<font><\/td>\n<\/tr>\n<tr>\n<td><font color=\"00CC00\">Jeudi 2 juin<br \/>Ascension du Seigneur<\/font><\/td>\n<td><font color=\"00CC00\">10 h 30 &#8211; Messe \u00e0 Cr\u00e9cy  pour Estelle et Denis HUYGHE.<br \/>Bapt\u00eame de Chad SANGAN-MATEOS.<font><\/td>\n<td><font color=\"00CC00\"><\/p>\n<div align=\"center\"><img decoding=\"async\" src=\"\/IMG\/gif\/cross.gif\"><\/div>\n<p><font><\/td>\n<\/tr>\n<tr>\n<td><font color=\"802020\">Vendredi 3 juin<\/font><\/td>\n<td><font color=\"802020\"><\/p>\n<div align=\"center\"><img decoding=\"async\" src=\"\/IMG\/gif\/lumiere_65.gif\" ><\/div>\n<p><font><\/td>\n<td><font color=\"802020\">18 h &#8211; Messe \u00e0 Cr\u00e9cy pour Michel DUSEVEL et Colette GOUIN.<font><\/td>\n<\/tr>\n<tr>\n<td><font color=\"0020FF\">Samedi 4 juin<\/font><\/td>\n<td><font color=\"0020FF\">15 h &#8211; Mariage \u00e0 la Coll\u00e9giale d&rsquo;Adrien MARTEAUX  et Emilie GRAZIANO.<\/font><\/td>\n<td><font color=\"0020FF\">18 h 30  Messe \u00e0 Villiers  pour  Lucie RICHOILLEY et Sarah MOURGUES.<font><\/td>\n<\/tr>\n<tr>\n<td><font color=\"00CC00\">Dimanche 5 juin<br \/><\/font><\/td>\n<td><font color=\"00CC00\"><\/p>\n<div align=\"center\"><img decoding=\"async\" src=\"\/IMG\/lieux\/stgeorges10.jpg\"  width=150>\n<\/div>\n<p><\/font><\/td>\n<td><font color=\"00CC00\">10 h 30  Messe \u00e0 Cr\u00e9cy pour Jean et Marcelle MERILLON.<br \/>Bapt\u00eame de  R\u00e9my et Justine PATAY et de Luc-No\u00ebl COUVIDA.<\/font><\/td>\n<\/tr>\n<\/tbody>\n<\/table>\n","protected":false},"excerpt":{"rendered":"<p>Voici les annonces de la semaine du lundi 30 mai au dimanche 5 juin 2011 pour la paroisse des 3 clochers Cr\u00e9cy-la-Chapelle, Villiers-sur-Morin, Voulangis.Jeudi 2 \u00e0\u00a0 10h30, messe de l&rsquo;ascension \u00e0\u00a0 Cr\u00e9cy &#8211; Samedi&#46;&#46;&#46;<\/p>\n","protected":false},"author":2,"featured_media":0,"comment_status":"open","ping_status":"open","sticky":false,"template":"","format":"standard","meta":{"footnotes":""},"categories":[],"tags":[],"class_list":["post-376","post","type-post","status-publish","format-standard","hentry"],"_links":{"self":[{"href":"http:\/\/www.chapelle-crecy.com\/index.php?rest_route=\/wp\/v2\/posts\/376","targetHints":{"allow":["GET"]}}],"collection":[{"href":"http:\/\/www.chapelle-crecy.com\/index.php?rest_route=\/wp\/v2\/posts"}],"about":[{"href":"http:\/\/www.chapelle-crecy.com\/index.php?rest_route=\/wp\/v2\/types\/post"}],"author":[{"embeddable":true,"href":"http:\/\/www.chapelle-crecy.com\/index.php?rest_route=\/wp\/v2\/users\/2"}],"replies":[{"embeddable":true,"href":"http:\/\/www.chapelle-crecy.com\/index.php?rest_route=%2Fwp%2Fv2%2Fcomments&post=376"}],"version-history":[{"count":0,"href":"http:\/\/www.chapelle-crecy.com\/index.php?rest_route=\/wp\/v2\/posts\/376\/revisions"}],"wp:attachment":[{"href":"http:\/\/www.chapelle-crecy.com\/index.php?rest_route=%2Fwp%2Fv2%2Fmedia&parent=376"}],"wp:term":[{"taxonomy":"category","embeddable":true,"href":"http:\/\/www.chapelle-crecy.com\/index.php?rest_route=%2Fwp%2Fv2%2Fcategories&post=376"},{"taxonomy":"post_tag","embeddable":true,"href":"http:\/\/www.chapelle-crecy.com\/index.php?rest_route=%2Fwp%2Fv2%2Ftags&post=376"}],"curies":[{"name":"wp","href":"https:\/\/api.w.org\/{rel}","templated":true}]}}