{"id":377,"date":"2011-06-05T10:24:00","date_gmt":"2011-06-05T10:24:00","guid":{"rendered":""},"modified":"-0001-11-30T00:00:00","modified_gmt":"-0001-11-29T22:00:00","slug":"","status":"publish","type":"post","link":"http:\/\/www.chapelle-crecy.com\/?p=377","title":{"rendered":"Annonces de la semaine du 6 au 12 juin 2011"},"content":{"rendered":"<table bgcolor =\"F0FAFF\" border=0>\n<tbody>\n<tr>\n<td>\n<div align=\"justify\">\n<div \"300\">Voici les annonces de la semaine du lundi 6 au dimanche 12 juin 2011 pour la paroisse des 3 clochers Cr\u00e9cy-la-Chapelle, Villiers-sur-Morin, Voulangis.<br \/>Samedi 11 \u00e0\u00a0 18 h 30 : messe \u00e0\u00a0 Voulangis, Dimanche 12 \u00e0\u00a0 10h30 , messe \u00e0\u00a0 Cr\u00e9cy &#8211; Tous les d\u00e9tails dans la suite &#8230;<\/div>\n<\/div>\n<\/td>\n<\/tr>\n<\/tbody>\n<\/table>\n<table bgcolor =\"F0F6FF\" border=0>\n<tbody>\n<tr>\n<td width=\"20%\"><font color=\"00CC00\">Lundi 6 juin<\/font><\/td>\n<td><font color=\"00CC00\">14 h 30 &#8211; R\u00e9union de l&rsquo;Equipe du Rosaire chez Mme LOUIS.<br \/>\n17 h  Messe \u00e0 la Maison de Retraite pour Julien GONZALES.<br \/>\n<\/font><\/td>\n<td><font color=\"00CC00\">20 h 30  \u00e0 l&rsquo;\u00e9glise de Cr\u00e9cy, deuxi\u00e8me soir\u00e9e \u00ab Accueillir le don de l&rsquo;Esprit Saint \u00bb sur le th\u00e8me : \u00ab J\u00e9sus gu\u00e9rit, J\u00e9sus sauve \u00bb<\/font><\/td>\n<\/tr>\n<tr>\n<td><font color=\"802020\">Mardi 7 juin<font><\/td>\n<td><font color=\"802020\">18 h &#8211; Messe \u00e0 Cr\u00e9cy pour  la famille THIHON-MUNIER.<font><\/td>\n<td><font color=\"802020\"><\/p>\n<div align=\"center\"><img decoding=\"async\" src=\"\/IMG\/gif\/coupes002.gif\" ><\/div>\n<p><\/font><\/td>\n<\/tr>\n<tr>\n<td><font color=\"0020FF\">Mercredi 8 juin<font><\/td>\n<td><font color=\"0020FF\"><\/p>\n<div align=\"center\"><img decoding=\"async\" src=\"\/IMG\/gif\/bibles004.gif\"><\/div>\n<p><\/font><\/td>\n<td><font color=\"0020FF\">18 h &#8211; Messe \u00e0 Cr\u00e9cy pour Ren\u00e9 et Lucienne CHARPIGNON.<font><\/td>\n<\/tr>\n<tr>\n<td><font color=\"00CC00\">Jeudi 9 juin<br \/>Ascension du Seigneur<\/font><\/td>\n<td><font color=\"00CC00\">9 h  Messe \u00e0 Cr\u00e9cy pour Carmen VALLEE et Mathias CURIC.<\/div>\n<p><font><\/td>\n<td><font color=\"0020FF\"><\/p>\n<div align=\"center\"><img decoding=\"async\" src=\"\/IMG\/gif\/cross.gif\"><\/div>\n<p><\/font><\/td>\n<\/tr>\n<tr>\n<td><font color=\"802020\">Vendredi 10 juin<\/font><\/td>\n<td><font color=\"802020\"><\/p>\n<div align=\"center\"><img decoding=\"async\" src=\"\/IMG\/gif\/lumiere_65.gif\" ><\/div>\n<p><font><\/td>\n<td><font color=\"802020\">9 h &#8211; Messe \u00e0 Cr\u00e9cy pour Maurice MOTTET et Gilbert CAPITAINE.<font><\/td>\n<\/tr>\n<tr>\n<td><font color=\"0020FF\">Samedi 11 juin<\/font><\/td>\n<td><font color=\"0020FF\">16 h  Mariage \u00e0 Cr\u00e9cy de Christophe JOURDAN et Natacha LAUNOIS, et bapt\u00eame de Paule JOURDAN.<\/font><\/td>\n<td><font color=\"0020FF\">18 h 30  Messe \u00e0 Voulangis  pour  Maryvonne MATHONNET et Andr\u00e9 GEORGIN.<font><\/td>\n<\/tr>\n<tr>\n<td><font color=\"00CC00\">Dimanche 12 juin<br \/><\/font><\/td>\n<td><font color=\"00CC00\"><\/p>\n<div align=\"center\"><img decoding=\"async\" src=\"\/IMG\/lieux\/stgeorges12.jpg\"  width=150>\n<\/div>\n<p><\/font><\/td>\n<td><font color=\"00CC00\">10 h 30  Solennit\u00e9 de la PENTECOTE.<br \/>\nMesse de PROFESSION DE FOI \u00e0 la Coll\u00e9giale.<\/font><\/td>\n<\/tr>\n<\/tbody>\n<\/table>\n","protected":false},"excerpt":{"rendered":"<p>Voici les annonces de la semaine du lundi 6 au dimanche 12 juin 2011 pour la paroisse des 3 clochers Cr\u00e9cy-la-Chapelle, Villiers-sur-Morin, Voulangis.Samedi 11 \u00e0\u00a0 18 h 30 : messe \u00e0\u00a0 Voulangis, Dimanche 12&#46;&#46;&#46;<\/p>\n","protected":false},"author":2,"featured_media":0,"comment_status":"open","ping_status":"open","sticky":false,"template":"","format":"standard","meta":{"footnotes":""},"categories":[],"tags":[],"class_list":["post-377","post","type-post","status-publish","format-standard","hentry"],"_links":{"self":[{"href":"http:\/\/www.chapelle-crecy.com\/index.php?rest_route=\/wp\/v2\/posts\/377","targetHints":{"allow":["GET"]}}],"collection":[{"href":"http:\/\/www.chapelle-crecy.com\/index.php?rest_route=\/wp\/v2\/posts"}],"about":[{"href":"http:\/\/www.chapelle-crecy.com\/index.php?rest_route=\/wp\/v2\/types\/post"}],"author":[{"embeddable":true,"href":"http:\/\/www.chapelle-crecy.com\/index.php?rest_route=\/wp\/v2\/users\/2"}],"replies":[{"embeddable":true,"href":"http:\/\/www.chapelle-crecy.com\/index.php?rest_route=%2Fwp%2Fv2%2Fcomments&post=377"}],"version-history":[{"count":0,"href":"http:\/\/www.chapelle-crecy.com\/index.php?rest_route=\/wp\/v2\/posts\/377\/revisions"}],"wp:attachment":[{"href":"http:\/\/www.chapelle-crecy.com\/index.php?rest_route=%2Fwp%2Fv2%2Fmedia&parent=377"}],"wp:term":[{"taxonomy":"category","embeddable":true,"href":"http:\/\/www.chapelle-crecy.com\/index.php?rest_route=%2Fwp%2Fv2%2Fcategories&post=377"},{"taxonomy":"post_tag","embeddable":true,"href":"http:\/\/www.chapelle-crecy.com\/index.php?rest_route=%2Fwp%2Fv2%2Ftags&post=377"}],"curies":[{"name":"wp","href":"https:\/\/api.w.org\/{rel}","templated":true}]}}