{"id":380,"date":"2011-06-19T18:52:32","date_gmt":"2011-06-19T18:52:32","guid":{"rendered":""},"modified":"-0001-11-30T00:00:00","modified_gmt":"-0001-11-29T22:00:00","slug":"","status":"publish","type":"post","link":"http:\/\/www.chapelle-crecy.com\/?p=380","title":{"rendered":"Annonces de la semaine du 20 au 26 juin 2011"},"content":{"rendered":"<table bgcolor =\"F0FAFF\" border=0>\n<tbody>\n<tr>\n<td>\n<div align=\"justify\">\n<div \"303\">Voici les annonces de la semaine du lundi 20 au dimanche 26 juin 2011 pour la paroisse des 3 clochers Cr\u00e9cy-la-Chapelle, Villiers-sur-Morin, Voulangis.<br \/>Samedi 25 \u00e0\u00a0 18 h 30 : messe \u00e0\u00a0 Voulangis, Dimanche 26 \u00e0\u00a0 10h30 , messe \u00e0\u00a0 Cr\u00e9cy &#8211; Tous les d\u00e9tails dans la suite &#8230;<\/div>\n<\/div>\n<\/td>\n<\/tr>\n<\/tbody>\n<\/table>\n<table bgcolor =\"F0F6FF\" border=0>\n<tbody>\n<tr>\n<td width=\"20%\"><font color=\"00CC00\">Lundi 20 juin<\/font><\/td>\n<td><font color=\"00CC00\">10 h 30  A Cr\u00e9cy, obs\u00e8ques de Maurice MARTIN.<br \/>\n13 h 45 &#8211;  A Voulangis, obs\u00e8ques d&rsquo;Eric LAMBERT.<br \/>\n14 h 30  R\u00e9union de l \u00e2\u20ac\u02dcEquipe du Rosaire chez M. et Mme  ROSIER.<br \/>\n<\/font><\/td>\n<td><font color=\"00CC00\">17 h  C\u00e9l\u00e9bration \u00e0 la Maison de Retraite.<br \/>20 h 30  \u00e0 l&rsquo;\u00e9glise de Cr\u00e9cy, quatri\u00e8me soir\u00e9e \u00ab Accueillir le  don de l&rsquo;Esprit Saint \u00bb sur le th\u00e8me : \u00ab Pr\u00e9sentation de l&rsquo;Effusion de l&rsquo;Esprit \u00bb.<br \/>\n<\/font><\/td>\n<\/tr>\n<tr>\n<td><font color=\"802020\">Mardi 21 juin<font><\/td>\n<td><font color=\"802020\">18 h &#8211; Messe \u00e0 Cr\u00e9cy  pour  Georges PICARD et Albert LAMY .<font><\/td>\n<td><font color=\"802020\"><\/p>\n<div align=\"center\"><img decoding=\"async\" src=\"\/IMG\/gif\/coupes002.gif\" ><\/div>\n<p><\/font><\/td>\n<\/tr>\n<tr>\n<td><font color=\"0020FF\">Mercredi 22 juin<font><\/td>\n<td><font color=\"0020FF\">9 h &#8211; Messe \u00e0 Cr\u00e9cy  pour Roger LABARRE et  Fran\u00e7ois ORLANDO.<br \/>\nde 14 h \u00e0 16 h 30 &#8211;  R\u00e9union de l&rsquo;\u00e9quipe Lourdes-cancer Esp\u00e9rance.<br \/>\n<\/font><\/td>\n<td><font color=\"0020FF\">\u00e0 20 h 30 &#8211; REUNION DE L&rsquo;EAP.<font><\/td>\n<\/tr>\n<tr>\n<td><font color=\"00CC00\">Jeudi 23 juin<\/font><\/td>\n<td><font color=\"00CC00\">18 h  Messe \u00e0 Cr\u00e9cy pour les AMES DU PURGATOIRE.<\/div>\n<p><font><\/td>\n<td><font color=\"0020FF\"><\/p>\n<div align=\"center\"><img decoding=\"async\" src=\"\/IMG\/gif\/cross.gif\"><\/div>\n<p><\/font><\/td>\n<\/tr>\n<tr>\n<td><font color=\"802020\">Vendredi 24 juin<\/font><\/td>\n<td><font color=\"802020\"><\/p>\n<div align=\"center\"><img decoding=\"async\" src=\"\/IMG\/gif\/lumiere_65.gif\" ><\/div>\n<p><font><\/td>\n<td><font color=\"802020\">9 h &#8211; Messe \u00e0 Cr\u00e9cy pour Odile et Marie-Louise BIZOUARD.<font><\/td>\n<\/tr>\n<tr>\n<td><font color=\"0020FF\">Samedi 25 juin<\/font><\/td>\n<td><font color=\"0020FF\">15 h 15  &#8211; A la Coll\u00e9giale, mariage de Cyril DELAITRE et Isabella  POPA.<br \/>\n16h 30 A Voulangis , mariage de Bastien CLOUD  et Maryline VILLEMARD.<font><\/td>\n<td><font color=\"0020FF\">18 h 30  Messe \u00e0 Voulangis pour  Henri CAZENAVE et Josiane MARTIN.<\/font><\/td>\n<\/tr>\n<tr>\n<td><font color=\"00CC00\">Dimanche 26 juin<br \/><\/font><\/td>\n<td><font color=\"00CC00\"><\/p>\n<div align=\"center\"><img decoding=\"async\" src=\"\/IMG\/jpg\/collegialep.jpg\"  width=150>\n<\/div>\n<p><\/font><\/td>\n<td><font color=\"00CC00\">10 h 30 &#8211; MESSE D&rsquo;ACTION DE GRACE \u00e0 la COLLEGIALE et bapt\u00eame de Marceau EVE-CALDATO.<\/font><\/td>\n<\/tr>\n<\/tbody>\n<\/table>\n","protected":false},"excerpt":{"rendered":"<p>Voici les annonces de la semaine du lundi 20 au dimanche 26 juin 2011 pour la paroisse des 3 clochers Cr\u00e9cy-la-Chapelle, Villiers-sur-Morin, Voulangis.Samedi 25 \u00e0\u00a0 18 h 30 : messe \u00e0\u00a0 Voulangis, Dimanche 26&#46;&#46;&#46;<\/p>\n","protected":false},"author":2,"featured_media":0,"comment_status":"open","ping_status":"open","sticky":false,"template":"","format":"standard","meta":{"footnotes":""},"categories":[],"tags":[],"class_list":["post-380","post","type-post","status-publish","format-standard","hentry"],"_links":{"self":[{"href":"http:\/\/www.chapelle-crecy.com\/index.php?rest_route=\/wp\/v2\/posts\/380","targetHints":{"allow":["GET"]}}],"collection":[{"href":"http:\/\/www.chapelle-crecy.com\/index.php?rest_route=\/wp\/v2\/posts"}],"about":[{"href":"http:\/\/www.chapelle-crecy.com\/index.php?rest_route=\/wp\/v2\/types\/post"}],"author":[{"embeddable":true,"href":"http:\/\/www.chapelle-crecy.com\/index.php?rest_route=\/wp\/v2\/users\/2"}],"replies":[{"embeddable":true,"href":"http:\/\/www.chapelle-crecy.com\/index.php?rest_route=%2Fwp%2Fv2%2Fcomments&post=380"}],"version-history":[{"count":0,"href":"http:\/\/www.chapelle-crecy.com\/index.php?rest_route=\/wp\/v2\/posts\/380\/revisions"}],"wp:attachment":[{"href":"http:\/\/www.chapelle-crecy.com\/index.php?rest_route=%2Fwp%2Fv2%2Fmedia&parent=380"}],"wp:term":[{"taxonomy":"category","embeddable":true,"href":"http:\/\/www.chapelle-crecy.com\/index.php?rest_route=%2Fwp%2Fv2%2Fcategories&post=380"},{"taxonomy":"post_tag","embeddable":true,"href":"http:\/\/www.chapelle-crecy.com\/index.php?rest_route=%2Fwp%2Fv2%2Ftags&post=380"}],"curies":[{"name":"wp","href":"https:\/\/api.w.org\/{rel}","templated":true}]}}