{"id":381,"date":"2011-06-24T18:48:59","date_gmt":"2011-06-24T18:48:59","guid":{"rendered":""},"modified":"-0001-11-30T00:00:00","modified_gmt":"-0001-11-29T22:00:00","slug":"","status":"publish","type":"post","link":"http:\/\/www.chapelle-crecy.com\/?p=381","title":{"rendered":"Grande messe d&rsquo;Action de Gr\u00e2ces le 26 juin \u00e0\u00a0 la Coll\u00e9giale de Cr\u00e9cy \u00e0\u00a0 10h30"},"content":{"rendered":"<div align=\"justify\">\u00ab\u00a0Rendre gr ce\u00a0\u00bb, dire merci \u00e0\u00a0 Dieu pour ce qu&rsquo;il nous a donn\u00e9 de vivre au cours de cette ann\u00e9e 2010-2011, si riche de petits bonheurs. Pendant cette messe d&rsquo;Action de Gr ces, nous prierons pour les dons de l&rsquo;Esprit Saint recueillis pendant 5 lundis de l&rsquo;Effusion de l&rsquo;Esprit, un renouveau pour le secteur pastoral de Cr\u00e9cy. Nous remercierons Dieu pour les communiants, les nouveaux baptis\u00e9s cru 2011 et leurs familles, pour les jeunes mari\u00e9s, les confirm\u00e9s. Merci aux cat\u00e9chistes par qui, les enfants, depuis l&rsquo;\u00e9veil \u00e0\u00a0 la foi jusqu&rsquo;aux adolescents ont d\u00e9couvert J\u00e9sus, aux responsables de l&rsquo;aum neris, aux scouts, \u00e0\u00a0 toutes les \u00e9quipes de pr\u00e9paration aux sacrements (bapt\u00eame, mariage, cat\u00e9chum\u00e8ne), \u00e0\u00a0 l&rsquo;\u00e9quipe des fun\u00e9railles, aux \u00e9quipes qui oeuvrent pour la solidarit\u00e9 dans notre secteur (Secours Catholique, Hospitalit\u00e9 de Meaux, CCFD, aides aux malades et aux personnes en fin de vie), \u00e0\u00a0 tous les jeunes musiciens, organistes et animateurs qui ont rendu tr\u00e8s belles nos c\u00e9l\u00e9brations dominicales. Merci aux talents que Dieu a mis chacun de nous. Par la louange, rendons lui gr ce pour tant de merveilles !<\/div>\n<div align=\"justify\">\n Pour tout ceux qui ne pourront venir demain \u00e0 cette grand messe, mais qui voudront se joindre par la pri\u00e8re \u00e0 l&rsquo;assembl\u00e9e paroissiale du secteur de Cr\u00e9cy, nous vous communiquons en avant-premi\u00e8re les intentions de pri\u00e8re que nous d\u00e9poserons au pied de Notre Dame de L&rsquo;Assomption de Cr\u00e9cy-la-Chapelle  <\/p>\n<div align=\"center\"><img decoding=\"async\" src=\"\/IMG\/jpg\/Pentecote.jpg\" width=350><\/div>\n<p> Pri\u00e8res d&rsquo;action de gr\u00e2ce dimanche 26 juin 2011<\/p>\n<p> Pour tout ce que tu as donn\u00e9 de vivre ensemble cette ann\u00e9e, nous t&rsquo;offrons Seigneur cette pri\u00e8re commune comme un bouquet \u00ab d&rsquo;actions de gr\u00e2ces \u00bb.<\/p>\n<p> Nous te rendons gr\u00e2ce Seigneur, pour les tout-petits et les plus grands que tu as fait rena \u00eetre de l&rsquo;eau et de l&rsquo;Esprit Saint par leur bapt\u00eame et pour ceux qui les ont pr\u00e9parer a vivre ce sacrement dans la pr\u00e9paration.<\/p>\n<div align=\"center\"><img decoding=\"async\" src=\"\/IMG\/jpg\/accueil-1.jpg\" width=250><\/div>\n<p> Nous te rendons gr\u00e2ce Seigneur, pour les enfants de l&rsquo;\u00e9veil \u00e0 la foi, du cat\u00e9 et de la cat\u00e9ch\u00e8se adapt\u00e9e qui ont d\u00e9couvert les moments forts de l&rsquo;ann\u00e9e liturgique avec \u00e9merveillement. <\/p>\n<p> Nous te rendons gr\u00e2ce Seigneur, pour le pain de Vie que Tu as offert \u00e0 ceux qui ont fait leur premi\u00e8re communion et \u00e0 ceux qui ont proclam\u00e9 leur foi en J\u00e9sus Christ et qui s&rsquo;engagent  \u00e0 vivre en accord avec cette foi. Pour les adultes qui ont re\u00e7u l&rsquo;Esprit Saint par le sacrement de la confirmation.<\/p>\n<p> Nous te rendons gr\u00e2ce Seigneur, pour l&rsquo;aum\u00f4nerie, le scoutisme et le MEJ qui ont v\u00e9cu des belles choses ensembles. Pour les responsables d&rsquo;\u00e9quipe qui ont essayer de se mettre dans la peau de tous ces  jeunes.<\/p>\n<div align=\"center\"><img decoding=\"async\" src=\"\/IMG\/png\/suf-1.png\" width=350><\/div>\n<p> Refrain : Marie t\u00e9moin d&rsquo;une esp\u00e9rance<\/p>\n<p> Nous te rendons gr\u00e2ce Seigneur, pour les \u00e9quipes pr\u00e9paration au mariage qui ont aid\u00e9 les couples \u00e0 b\u00e2tir leur engagement sur des fondations solides et les faire grandir dans l&rsquo;amour du Christ, nous rendons gr\u00e2ce \u00e0 tous ces couples qui se sont unis cette ann\u00e9e dans le sacrement de ton Alliance.<\/p>\n<p> Nous te rendons gr\u00e2ce Seigneur, pour les \u00e9quipes des fun\u00e9railles qui ont su  trouver les mots justes pour apaiser les familles des d\u00e9funts qui ont quitt\u00e9s cette terre pour aller te rejoindre.<\/p>\n<p> Nous te rendons gr\u00e2ce Seigneur, pour toutes les personnes de l&rsquo;accueil qui savent accueillir leurs prochains et les guider sur le bon chemin.<\/p>\n<p> Nous te rendons gr\u00e2ce Seigneur, pour les personnes qui font que nos \u00e9glises soient toujours accueillantes  par la propret\u00e9 et le fleurissement. Nous voulons exprimer \u00e0 Dieu notre louange, car les fleurs nous sont offertes par le Seigneur, comme toute la cr\u00e9ation. <\/p>\n<div align=\"center\"><img decoding=\"async\" src=\"\/IMG\/jpg\/Chemin_Messe_des_maries_20-mars-2011-1.jpg\" width=350><\/div>\n<p> Nous te rendons gr\u00e2ce Seigneur, pour toutes les gr\u00e2ces de bonheur et de paix d&rsquo;annoncer la Bonne Nouvelle et aussi d&rsquo;autres nouvelles bonnes \u00e0 travers le journal l&rsquo;Echo de la Vall\u00e9e et le site.<\/p>\n<p> Nous te rendons gr\u00e2ce Seigneur, pour tout ce qui se voit et tout ce qui ne se voit pas, qui s&rsquo;est pass\u00e9 dans le secret de nos vies et de nos coeurs, qui t\u00e9moigne de ton infinie patience et de ton incroyable bont\u00e9.<\/p>\n<p> Refrain : Marie t\u00e9moin d&rsquo;une esp\u00e9rance <\/p>\n<p> Nous te rendons gr\u00e2ce Seigneur, pour nos pr\u00eatres qui ont accueilli en leur vie le don du minist\u00e8re sacerdotal et se sont d\u00e9vou\u00e9s au service de notre paroisse, nous annon\u00e7ant \u00e0 tous, enfants, jeunes et adultes, l&rsquo;Amour de Dieu par l&rsquo;Evangile.<\/p>\n<div align=\"center\"><img decoding=\"async\" src=\"\/IMG\/jpg\/Jean-Claude-1.jpg\" width=350><\/div>\n<p> Nous te rendons gr\u00e2ce  Seigneur, pour ta Parole et pour ton Pain offerts fid\u00e8lement dans nos trois \u00e9glises dimanches et jours de semaine.<\/p>\n<p> Refrain : Marie t\u00e9moin d&rsquo;une esp\u00e9rance<\/p>\n<div align=\"center\"><img decoding=\"async\" src=\"\/IMG\/jpg\/NDAssomption.jpg\" width=150><\/div>\n<p> Merci  Seigneur pour cette belle [Coll\u00e9giale->https:\/\/onedrive.live.com\/?cid=c7b41da73049cfb2&#038;id=C7B41DA73049CFB2!11412&#038;ithint=folder,JPG&#038;authkey=!AP6Ns4FMOG4LoyM]\n<\/p><\/div>\n","protected":false},"excerpt":{"rendered":"<p>\u00ab\u00a0Rendre gr ce\u00a0\u00bb, dire merci \u00e0\u00a0 Dieu pour ce qu&rsquo;il nous a donn\u00e9 de vivre au cours de cette ann\u00e9e 2010-2011, si riche de petits bonheurs. Pendant cette messe d&rsquo;Action de Gr ces, nous&#46;&#46;&#46;<\/p>\n","protected":false},"author":2,"featured_media":0,"comment_status":"open","ping_status":"open","sticky":false,"template":"","format":"standard","meta":{"footnotes":""},"categories":[],"tags":[],"class_list":["post-381","post","type-post","status-publish","format-standard","hentry"],"_links":{"self":[{"href":"http:\/\/www.chapelle-crecy.com\/index.php?rest_route=\/wp\/v2\/posts\/381","targetHints":{"allow":["GET"]}}],"collection":[{"href":"http:\/\/www.chapelle-crecy.com\/index.php?rest_route=\/wp\/v2\/posts"}],"about":[{"href":"http:\/\/www.chapelle-crecy.com\/index.php?rest_route=\/wp\/v2\/types\/post"}],"author":[{"embeddable":true,"href":"http:\/\/www.chapelle-crecy.com\/index.php?rest_route=\/wp\/v2\/users\/2"}],"replies":[{"embeddable":true,"href":"http:\/\/www.chapelle-crecy.com\/index.php?rest_route=%2Fwp%2Fv2%2Fcomments&post=381"}],"version-history":[{"count":0,"href":"http:\/\/www.chapelle-crecy.com\/index.php?rest_route=\/wp\/v2\/posts\/381\/revisions"}],"wp:attachment":[{"href":"http:\/\/www.chapelle-crecy.com\/index.php?rest_route=%2Fwp%2Fv2%2Fmedia&parent=381"}],"wp:term":[{"taxonomy":"category","embeddable":true,"href":"http:\/\/www.chapelle-crecy.com\/index.php?rest_route=%2Fwp%2Fv2%2Fcategories&post=381"},{"taxonomy":"post_tag","embeddable":true,"href":"http:\/\/www.chapelle-crecy.com\/index.php?rest_route=%2Fwp%2Fv2%2Ftags&post=381"}],"curies":[{"name":"wp","href":"https:\/\/api.w.org\/{rel}","templated":true}]}}