{"id":382,"date":"2011-06-26T11:20:00","date_gmt":"2011-06-26T11:20:00","guid":{"rendered":""},"modified":"-0001-11-30T00:00:00","modified_gmt":"-0001-11-29T22:00:00","slug":"","status":"publish","type":"post","link":"http:\/\/www.chapelle-crecy.com\/?p=382","title":{"rendered":"Annonces de la semaine du 27 juin au 3 juillet 2011"},"content":{"rendered":"<table bgcolor =\"F0FAFF\" border=0>\n<tbody>\n<tr>\n<td>\n<div align=\"justify\">\n<div \"305\">Voici les annonces de la semaine du lundi 27 juin au dimanche 3 juillet 2011 pour la paroisse des 3 clochers Cr\u00e9cy-la-Chapelle, Villiers-sur-Morin, Voulangis.<br \/> Dimanche 3 \u00e0\u00a0 10h30 , messe \u00e0\u00a0 Cr\u00e9cy &#8211; Pendant l&rsquo;\u00e9t\u00e9 pas de messe le samedi soir.<br \/>Tous les d\u00e9tails dans la suite &#8230;<\/div>\n<p>\nA consulter aussi : <a href=\"http:\/\/secteurpastoralesbly.free.fr\/horaire_des_messes.htm\" target=\"_blank\"><b>les messes du secteur d&rsquo;Esbly<\/div>\n<p><\/b>\n<\/div>\n<\/td>\n<\/tr>\n<\/tbody>\n<\/table>\n<table bgcolor =\"F0F6FF\" border=0>\n<tbody>\n<tr>\n<td width=\"20%\"><font color=\"00CC00\">Lundi 27 juin<\/font><\/td>\n<td><font color=\"00CC00\">17 h  Messe \u00e0 la maison de retraite pour Jos\u00e9 DE ABREU.<br \/>\n<\/font><\/td>\n<td><font color=\"00CC00\"><br \/>20 h 30  \u00e0 l&rsquo;\u00e9glise de Cr\u00e9cy, quatri\u00e8me soir\u00e9e \u00ab Accueillir le  don de l&rsquo;Esprit Saint \u00bb sur le th\u00e8me : \u00ab Pri\u00e8re \u00e0 l&rsquo;Esprit Saint\u00bb.<br \/>\n<\/font><\/td>\n<\/tr>\n<tr>\n<td><font color=\"802020\">Mardi 28 juin<font><\/td>\n<td><font color=\"802020\">9 h &#8211; Messe \u00e0 Cr\u00e9cy  pour Robert VALLEE et Arlette MICIAK.<font><\/td>\n<td><font color=\"802020\"><\/p>\n<div align=\"center\"><img decoding=\"async\" src=\"\/IMG\/gif\/coupes002.gif\" ><\/div>\n<p><\/font><\/td>\n<\/tr>\n<tr>\n<td><font color=\"0020FF\">Mercredi 29 juin<font><\/td>\n<td><font color=\"0020FF\"><\/p>\n<div align=\"center\"><img decoding=\"async\" src=\"\/IMG\/gif\/lumiere_65.gif\" ><\/div>\n<p><font><\/td>\n<td><font color=\"0020FF\">9 h &#8211; messe pour Thibaud CHRETIEN et C\u00e9line DEJARDIN.<\/font><\/td>\n<\/tr>\n<tr>\n<td><font color=\"00CC00\">Jeudi 30 juin<\/font><\/td>\n<td><font color=\"00CC00\">9 h  Messe pour Jos\u00e9phine et Michel BORELLI.<\/div>\n<p><font><\/td>\n<td><font color=\"0020FF\"><\/p>\n<div align=\"center\"><img decoding=\"async\" src=\"\/IMG\/gif\/cross.gif\"><\/div>\n<p><\/font><\/td>\n<\/tr>\n<tr>\n<td><font color=\"802020\">Vendredi 1er juillet<\/font><\/td>\n<td><font color=\"802020\"><\/p>\n<div align=\"center\"><img decoding=\"async\" src=\"\/IMG\/gif\/bibles004.gif\" ><\/div>\n<p><font><\/td>\n<td><font color=\"802020\">9 h &#8211; Messe \u00e0 Cr\u00e9cy pour Louise DELABRUYERE et Jeanine RICHOMME.<font><\/td>\n<\/tr>\n<tr>\n<td><font color=\"0020FF\">Samedi 2 juillet<\/font><\/td>\n<td><font color=\"0020FF\">15 h  \u00e0 Villiers, Mariage de Anthony SOURDET-WALLOIS et de Prisca HACHLER.<font><\/td>\n<td><font color=\"0020FF\">16 h &#8211; \u00e0 la Coll\u00e9giale, Mariage de Bruno TEIXERA  et d&rsquo;Alexandra RIBEIRO.<\/font><\/td>\n<\/tr>\n<tr>\n<td><font color=\"00CC00\">Dimanche 3 juillet<br \/><\/font><\/td>\n<td><font color=\"00CC00\"><\/p>\n<div align=\"center\"><img decoding=\"async\" src=\"\/IMG\/lieux\/stgeorges11.jpg\"  width=150>\n<\/div>\n<p><\/font><\/td>\n<td><font color=\"00CC00\">10 h 30 &#8211; Messe \u00e0 CRECY pour Pierre BEAUMONT et Mr et Mme RONDELE.<br \/>\nBapt\u00eame d&rsquo;Emilie DIAS.<\/font><\/td>\n<\/tr>\n<\/tbody>\n<\/table>\n","protected":false},"excerpt":{"rendered":"<p>Voici les annonces de la semaine du lundi 27 juin au dimanche 3 juillet 2011 pour la paroisse des 3 clochers Cr\u00e9cy-la-Chapelle, Villiers-sur-Morin, Voulangis. Dimanche 3 \u00e0\u00a0 10h30 , messe \u00e0\u00a0 Cr\u00e9cy &#8211; Pendant&#46;&#46;&#46;<\/p>\n","protected":false},"author":2,"featured_media":0,"comment_status":"open","ping_status":"open","sticky":false,"template":"","format":"standard","meta":{"footnotes":""},"categories":[],"tags":[],"class_list":["post-382","post","type-post","status-publish","format-standard","hentry"],"_links":{"self":[{"href":"http:\/\/www.chapelle-crecy.com\/index.php?rest_route=\/wp\/v2\/posts\/382","targetHints":{"allow":["GET"]}}],"collection":[{"href":"http:\/\/www.chapelle-crecy.com\/index.php?rest_route=\/wp\/v2\/posts"}],"about":[{"href":"http:\/\/www.chapelle-crecy.com\/index.php?rest_route=\/wp\/v2\/types\/post"}],"author":[{"embeddable":true,"href":"http:\/\/www.chapelle-crecy.com\/index.php?rest_route=\/wp\/v2\/users\/2"}],"replies":[{"embeddable":true,"href":"http:\/\/www.chapelle-crecy.com\/index.php?rest_route=%2Fwp%2Fv2%2Fcomments&post=382"}],"version-history":[{"count":0,"href":"http:\/\/www.chapelle-crecy.com\/index.php?rest_route=\/wp\/v2\/posts\/382\/revisions"}],"wp:attachment":[{"href":"http:\/\/www.chapelle-crecy.com\/index.php?rest_route=%2Fwp%2Fv2%2Fmedia&parent=382"}],"wp:term":[{"taxonomy":"category","embeddable":true,"href":"http:\/\/www.chapelle-crecy.com\/index.php?rest_route=%2Fwp%2Fv2%2Fcategories&post=382"},{"taxonomy":"post_tag","embeddable":true,"href":"http:\/\/www.chapelle-crecy.com\/index.php?rest_route=%2Fwp%2Fv2%2Ftags&post=382"}],"curies":[{"name":"wp","href":"https:\/\/api.w.org\/{rel}","templated":true}]}}