{"id":383,"date":"2011-07-03T12:59:00","date_gmt":"2011-07-03T12:59:00","guid":{"rendered":""},"modified":"-0001-11-30T00:00:00","modified_gmt":"-0001-11-29T22:00:00","slug":"","status":"publish","type":"post","link":"http:\/\/www.chapelle-crecy.com\/?p=383","title":{"rendered":"Sous le Figuier l&rsquo;Espace catholique des \u00e9tudiants de Marne la Vall\u00e9e"},"content":{"rendered":"<div align=\"justify\">L&rsquo;Espace Catholique Etudiant est ouvert \u00e0\u00a0 tous, quelle que soit ta fili\u00e8re d&rsquo;\u00e9tudes, ta culture ou ta religion !<br \/>\nIl est situ\u00e9 en face du b timent Copernic de l&rsquo;Universit\u00e9 Paris Est<br \/>\nMarne la Vall\u00e9e.  <br \/>\nAccueil : Ouvert tous les jours (sauf samedi et dimanche) de 8h \u00e0\u00a0 22h,<br \/>\nrepas midi et soir, chapelle ouverte avec le St Sacrement.<\/div>\n<div align=\"justify\">\n\u00ab\u00a0Que cherchez-vous ?\u00a0\u00bb (Jn 1,38)<\/p>\n<p>&#8211; Tisser des liens d&rsquo;amiti\u00e9 entre \u00e9tudiants des diff\u00e9rentes<br \/>\nformations du campus ?<br \/>\n&#8211; Partager tes questions et tes convictions ?<br \/>\n&#8211; Approfondir ta foi si tu es croyant, pr\u00e9parer un Sacrement ?<br \/>\n&#8211; T&rsquo;ouvrir aux diff\u00e9rentes cultures et au dialogue interreligieux ?<br \/>\n&#8211; Trouver \u00e9coute et aide dans ta vie \u00e9tudiante ? <\/p>\n<p> Le Figuier, c&rsquo;est tout cela et bien plus encore !<\/p>\n<p> Accueil : Ouvert tous les jours (sauf samedi et dimanche) de 8h \u00e0 22h,<br \/>\nrepas midi et soir, chapelle ouverte avec le St Sacrement.<\/p>\n<p>&#8211; Lundi 18h, en alternance :Cin\u00e9-campus ou rencontre interreligieuse<br \/>\n&#8211; Mardi 12h-14h :Lunch in English<br \/>\n&#8211; Mercredi 19h15 :Messe puis d \u00eener et r\u00e9union sur des th\u00e8mes choisis par les \u00e9tudiants<br \/>\n&#8211; Jeudi 12h20 :Messe puis d\u00e9jeuner convivial<br \/>\n&#8211; Vendredi 12h-14h :Adoration eucharistique<br \/>\n&#8211; Dimanche 19h :Messe et d \u00eener, formation, \u00e9changes, t\u00e9moignages<\/p>\n<p> Et aussi :<br \/>\n&#8211; Aide au logement<br \/>\n&#8211; Accueil des \u00e9tudiants \u00e9trangers et parrainages<br \/>\n&#8211; Banque alimentaire<br \/>\n&#8211; Actions de solidarit\u00e9<br \/>\n&#8211; Visites culturelles<br \/>\n&#8211; Echanges de comp\u00e9tences&#8230;<\/p>\n<p> Attention : Nous \u00e9laborons ensemble le programme de l&rsquo;ann\u00e9e ! Pour<br \/>\n2011-2012, rendez-vous le 16 septembre 2011 de 18h \u00e0 20h, ou le 17<br \/>\nseptembre, de 10h \u00e0 12h. Viens donner tes id\u00e9es !<\/p>\n<p> Nous recherchons 2 Volontaires en Service Civique pour 2011-2012.<br \/>\nIndemnisation par l&rsquo;Etat et le Secours Catholique et gratifications<br \/>\nassur\u00e9es !<\/p>\n<p> Pendant l&rsquo;\u00e9t\u00e9 : le Figuier est ouvert comme d&rsquo;habitude, les<br \/>\nactivit\u00e9s sont suspendues mais la table reste ouverte ! Fermeture<br \/>\nannuelle entre le 23 juillet et le 24 ao\u00fbt.<\/p>\n<p> Contact :<br \/>\n Responsable :<br \/>\n Soeur Christiane Joly , Communaut\u00e9 apostolique Saint-Fran\u00e7ois-Xavier<\/p>\n<p> Pr\u00eatre accompagnateur :<br \/>\n P\u00e8re Patrick Sala\u00c3\u00bcn, Mission de France<br \/>\n \u00ab\u00a0Sous le Figuier\u00a0\u00bb<br \/>\n 8 all\u00e9e Youri Gagarine<br \/>\n 77420 Champs sur Marne<br \/>\n 01 60 05 42 77<br \/>\n 06 22 05 50 60<br \/>\n lefiguier-parisest@orange.fr<br \/>\n [www.sous-le-figuier.fr->www.sous-le-figuier.fr]\n<\/p><\/div>\n","protected":false},"excerpt":{"rendered":"<p>L&rsquo;Espace Catholique Etudiant est ouvert \u00e0\u00a0 tous, quelle que soit ta fili\u00e8re d&rsquo;\u00e9tudes, ta culture ou ta religion ! Il est situ\u00e9 en face du b timent Copernic de l&rsquo;Universit\u00e9 Paris Est Marne la&#46;&#46;&#46;<\/p>\n","protected":false},"author":2,"featured_media":0,"comment_status":"open","ping_status":"open","sticky":false,"template":"","format":"standard","meta":{"footnotes":""},"categories":[],"tags":[],"class_list":["post-383","post","type-post","status-publish","format-standard","hentry"],"_links":{"self":[{"href":"http:\/\/www.chapelle-crecy.com\/index.php?rest_route=\/wp\/v2\/posts\/383","targetHints":{"allow":["GET"]}}],"collection":[{"href":"http:\/\/www.chapelle-crecy.com\/index.php?rest_route=\/wp\/v2\/posts"}],"about":[{"href":"http:\/\/www.chapelle-crecy.com\/index.php?rest_route=\/wp\/v2\/types\/post"}],"author":[{"embeddable":true,"href":"http:\/\/www.chapelle-crecy.com\/index.php?rest_route=\/wp\/v2\/users\/2"}],"replies":[{"embeddable":true,"href":"http:\/\/www.chapelle-crecy.com\/index.php?rest_route=%2Fwp%2Fv2%2Fcomments&post=383"}],"version-history":[{"count":0,"href":"http:\/\/www.chapelle-crecy.com\/index.php?rest_route=\/wp\/v2\/posts\/383\/revisions"}],"wp:attachment":[{"href":"http:\/\/www.chapelle-crecy.com\/index.php?rest_route=%2Fwp%2Fv2%2Fmedia&parent=383"}],"wp:term":[{"taxonomy":"category","embeddable":true,"href":"http:\/\/www.chapelle-crecy.com\/index.php?rest_route=%2Fwp%2Fv2%2Fcategories&post=383"},{"taxonomy":"post_tag","embeddable":true,"href":"http:\/\/www.chapelle-crecy.com\/index.php?rest_route=%2Fwp%2Fv2%2Ftags&post=383"}],"curies":[{"name":"wp","href":"https:\/\/api.w.org\/{rel}","templated":true}]}}