{"id":386,"date":"2011-07-09T19:48:15","date_gmt":"2011-07-09T19:48:15","guid":{"rendered":""},"modified":"-0001-11-30T00:00:00","modified_gmt":"-0001-11-29T22:00:00","slug":"","status":"publish","type":"post","link":"http:\/\/www.chapelle-crecy.com\/?p=386","title":{"rendered":"Urgent ! Recherche jeune scout !"},"content":{"rendered":"<div align=\"justify\">Le groupe Scouts Unitaires de France de Cr\u00e9cy-la-Chapelle \u201c Coulommiers recherche deux jeunes de 17 ans et plus,<br \/>\nPour accompagner deux camps scouts durant l&rsquo;\u00e9t\u00e9 2011 :<br \/>\n&#8211; Un jeune gar\u00e7on pour le camp \u00e9claireur (gar\u00e7ons de 12 \u00e0\u00a0 17 ans) du 16 juillet au 2 ao\u00fbt 2011 pr\u00e8s de Saumur<br \/>\n&#8211; Une jeune fille pour le camp louveteaux (gar\u00e7ons de 8-12 ans) dans les Ardennes du 25 au 31 ao\u00fbt 2011.<\/p>\n<p>Si tu as un peu de temps cet \u00e9t\u00e9, que tu es pr\u00eat \u00e0\u00a0 accompagner les plus jeunes et que tu souhaites vivre une aventure scoute, contacte-nous, tu ne seras pas d\u00e9\u00e7u.<\/p>\n<p>V\u00e9ronique Lombr\u00e9.<br \/>\nPortable : 06 80 44 18 06     &#8211;      mail : veronique.lombre@wanadoo.fr<\/p><\/div>\n<p><img595|center><\/p>\n","protected":false},"excerpt":{"rendered":"<p>Le groupe Scouts Unitaires de France de Cr\u00e9cy-la-Chapelle \u201c Coulommiers recherche deux jeunes de 17 ans et plus, Pour accompagner deux camps scouts durant l&rsquo;\u00e9t\u00e9 2011 : &#8211; Un jeune gar\u00e7on pour le camp&#46;&#46;&#46;<\/p>\n","protected":false},"author":2,"featured_media":0,"comment_status":"open","ping_status":"open","sticky":false,"template":"","format":"standard","meta":{"footnotes":""},"categories":[],"tags":[],"class_list":["post-386","post","type-post","status-publish","format-standard","hentry"],"_links":{"self":[{"href":"http:\/\/www.chapelle-crecy.com\/index.php?rest_route=\/wp\/v2\/posts\/386","targetHints":{"allow":["GET"]}}],"collection":[{"href":"http:\/\/www.chapelle-crecy.com\/index.php?rest_route=\/wp\/v2\/posts"}],"about":[{"href":"http:\/\/www.chapelle-crecy.com\/index.php?rest_route=\/wp\/v2\/types\/post"}],"author":[{"embeddable":true,"href":"http:\/\/www.chapelle-crecy.com\/index.php?rest_route=\/wp\/v2\/users\/2"}],"replies":[{"embeddable":true,"href":"http:\/\/www.chapelle-crecy.com\/index.php?rest_route=%2Fwp%2Fv2%2Fcomments&post=386"}],"version-history":[{"count":0,"href":"http:\/\/www.chapelle-crecy.com\/index.php?rest_route=\/wp\/v2\/posts\/386\/revisions"}],"wp:attachment":[{"href":"http:\/\/www.chapelle-crecy.com\/index.php?rest_route=%2Fwp%2Fv2%2Fmedia&parent=386"}],"wp:term":[{"taxonomy":"category","embeddable":true,"href":"http:\/\/www.chapelle-crecy.com\/index.php?rest_route=%2Fwp%2Fv2%2Fcategories&post=386"},{"taxonomy":"post_tag","embeddable":true,"href":"http:\/\/www.chapelle-crecy.com\/index.php?rest_route=%2Fwp%2Fv2%2Ftags&post=386"}],"curies":[{"name":"wp","href":"https:\/\/api.w.org\/{rel}","templated":true}]}}