{"id":389,"date":"2011-08-02T22:25:00","date_gmt":"2011-08-02T22:25:00","guid":{"rendered":""},"modified":"-0001-11-30T00:00:00","modified_gmt":"-0001-11-29T22:00:00","slug":"","status":"publish","type":"post","link":"http:\/\/www.chapelle-crecy.com\/?p=389","title":{"rendered":"Annonces de la semaine du 22 au 29 aout 2011"},"content":{"rendered":"<table bgcolor =\"F0FAFF\" border=0>\n<tbody>\n<tr>\n<td>\n<div align=\"justify\">\n<div \"312\">Voici les annonces de la semaine du lundi 22 au lundi 29 aout 2011 pour la paroisse des 3 clochers Cr\u00e9cy-la-Chapelle, Villiers-sur-Morin, Voulangis.<br \/> Dimanche 28 \u00e0\u00a0 10h30 , messe \u00e0\u00a0 Cr\u00e9cy &#8211; Pendant l&rsquo;\u00e9t\u00e9 pas de messe le samedi soir.<br \/>Tous les d\u00e9tails dans la suite &#8230;<\/div>\n<p>\nA consulter aussi : <a href=\"\/IMG\/jpg\/messes_aout_2011.jpg\" target=\"_blank\"><b>les horaires des messes du P\u00f4le de Meaux pour le mois d&rsquo;Aout<\/div>\n<p><\/b>\n<\/div>\n<\/td>\n<\/tr>\n<\/tbody>\n<\/table>\n<table bgcolor =\"F0F6FF\" border=0>\n<tbody>\n<tr>\n<td><font color=\"0020FF\">Mercredi 24 aout<font><\/td>\n<td><font color=\"0020FF\"><\/p>\n<div align=\"center\"><img decoding=\"async\" src=\"\/IMG\/gif\/lumiere_65.gif\" ><\/div>\n<p><font><\/td>\n<td><font color=\"0020FF\">15 h &#8211; A Cr\u00e9cy, obs\u00e8ques de Fran\u00e7oise BESSON<\/font><\/td>\n<\/tr>\n<tr>\n<td><font color=\"00CC00\">Vendredi 26 aout<\/font><\/td>\n<td><font color=\"00CC00\">17 h  R\u00e9union de l&rsquo;Equipe du Rosaire \u00e0 l&rsquo;\u00e9glise de Cr\u00e9cy.<\/div>\n<p><font><\/td>\n<td><font color=\"0020FF\"><\/p>\n<div align=\"center\"><img decoding=\"async\" src=\"\/IMG\/gif\/cross.gif\"><\/div>\n<p><\/font><\/td>\n<\/tr>\n<tr>\n<td><font color=\"802020\">Dimanche 28 aout<\/font><\/td>\n<td><font color=\"802020\"><\/p>\n<div align=\"center\"><img decoding=\"async\" src=\"\/IMG\/lieux\/stgeorges11.jpg\"  width=150 ><\/div>\n<p><font><\/td>\n<td><font color=\"802020\">10 h 30 &#8211; Messe \u00e0 Cr\u00e9cy pour Andr\u00e9e PHILIPPE.<br \/>Nous prierons \u00e9galement pour Fran\u00e7oise BESSON inhum\u00e9e mercredi.<br \/>\n<font><\/td>\n<\/tr>\n<tr>\n<td><font color=\"00CC00\">Lundi 29 aout<\/font><\/td>\n<td><font color=\"00CC00\">17 h  Messe \u00e0 la Maison de Retraite  pour Jos\u00e9 DE ABREU et sa famille.<br \/>\n<\/font><\/td>\n<td><font color=\"00CC00\"><\/p>\n<div align=\"center\"><img decoding=\"async\" src=\"\/IMG\/lieux\/stgeorges09.jpg\"  width=150>\n<\/div>\n<p><\/font><\/td>\n<\/tr>\n<\/tbody>\n<\/table>\n","protected":false},"excerpt":{"rendered":"<p>Voici les annonces de la semaine du lundi 22 au lundi 29 aout 2011 pour la paroisse des 3 clochers Cr\u00e9cy-la-Chapelle, Villiers-sur-Morin, Voulangis. Dimanche 28 \u00e0\u00a0 10h30 , messe \u00e0\u00a0 Cr\u00e9cy &#8211; Pendant l&rsquo;\u00e9t\u00e9&#46;&#46;&#46;<\/p>\n","protected":false},"author":2,"featured_media":0,"comment_status":"open","ping_status":"open","sticky":false,"template":"","format":"standard","meta":{"footnotes":""},"categories":[],"tags":[],"class_list":["post-389","post","type-post","status-publish","format-standard","hentry"],"_links":{"self":[{"href":"http:\/\/www.chapelle-crecy.com\/index.php?rest_route=\/wp\/v2\/posts\/389","targetHints":{"allow":["GET"]}}],"collection":[{"href":"http:\/\/www.chapelle-crecy.com\/index.php?rest_route=\/wp\/v2\/posts"}],"about":[{"href":"http:\/\/www.chapelle-crecy.com\/index.php?rest_route=\/wp\/v2\/types\/post"}],"author":[{"embeddable":true,"href":"http:\/\/www.chapelle-crecy.com\/index.php?rest_route=\/wp\/v2\/users\/2"}],"replies":[{"embeddable":true,"href":"http:\/\/www.chapelle-crecy.com\/index.php?rest_route=%2Fwp%2Fv2%2Fcomments&post=389"}],"version-history":[{"count":0,"href":"http:\/\/www.chapelle-crecy.com\/index.php?rest_route=\/wp\/v2\/posts\/389\/revisions"}],"wp:attachment":[{"href":"http:\/\/www.chapelle-crecy.com\/index.php?rest_route=%2Fwp%2Fv2%2Fmedia&parent=389"}],"wp:term":[{"taxonomy":"category","embeddable":true,"href":"http:\/\/www.chapelle-crecy.com\/index.php?rest_route=%2Fwp%2Fv2%2Fcategories&post=389"},{"taxonomy":"post_tag","embeddable":true,"href":"http:\/\/www.chapelle-crecy.com\/index.php?rest_route=%2Fwp%2Fv2%2Ftags&post=389"}],"curies":[{"name":"wp","href":"https:\/\/api.w.org\/{rel}","templated":true}]}}