{"id":390,"date":"2011-08-28T10:30:00","date_gmt":"2011-08-28T10:30:00","guid":{"rendered":""},"modified":"-0001-11-30T00:00:00","modified_gmt":"-0001-11-29T22:00:00","slug":"","status":"publish","type":"post","link":"http:\/\/www.chapelle-crecy.com\/?p=390","title":{"rendered":"Annonces de la semaine du 29 aout au 4 septembre 2011"},"content":{"rendered":"<table bgcolor =\"F0FAFF\" border=0>\n<tbody>\n<tr>\n<td>\n<div align=\"justify\">\n<div \"313\">Voici les annonces de la semaine du lundi 29 aout au dimanche 4 septembre 2011 pour la paroisse des 3 clochers Cr\u00e9cy-la-Chapelle, Villiers-sur-Morin, Voulangis.<br \/> Samedi 3 septembre messe \u00e0\u00a0 18h30 \u00e0\u00a0 Villiers, Dimanche 4 \u00e0\u00a0 10h30 , messe \u00e0\u00a0 Cr\u00e9cy.<br \/>Tous les d\u00e9tails dans la suite &#8230;<\/div>\n<\/div>\n<\/td>\n<\/tr>\n<\/tbody>\n<\/table>\n<table bgcolor =\"F0F6FF\" border=0>\n<tbody>\n<tr>\n<td width=\"20%\"><font color=\"00CC00\">Lundi 29 aout<\/font><\/td>\n<td><font color=\"802020\"><\/p>\n<div align=\"center\"><img decoding=\"async\" src=\"\/IMG\/gif\/cross.gif\" ><\/div>\n<p><\/font><\/td>\n<td><font color=\"00CC00\">17 h  Messe \u00e0 la maison de retraite pour Jos\u00e9 De Abreu et sa famille.<\/font><\/td>\n<\/tr>\n<tr>\n<td><font color=\"802020\">Mardi 30 aout<font><\/td>\n<td><font color=\"802020\">18 h  Messe pour Andr\u00e9 GEORGIN et Julien GONZALES.<font><\/td>\n<td><font color=\"802020\"><\/p>\n<div align=\"center\"><img decoding=\"async\" src=\"\/IMG\/gif\/coupes002.gif\" ><\/div>\n<p><\/font><\/td>\n<\/tr>\n<tr>\n<td><font color=\"0020FF\">Mercredi 31 aout<font><\/td>\n<td><font color=\"0020FF\"><\/p>\n<div align=\"center\"><img decoding=\"async\" src=\"\/IMG\/gif\/lumiere_65.gif\" ><\/div>\n<p><font><\/td>\n<td><font color=\"0020FF\">9 h  Messe pour Mathias CURIC et Marcelle GON.<\/font><\/td>\n<\/tr>\n<tr>\n<td><font color=\"00CC00\">Jeudi 1er septembre<\/font><\/td>\n<td><font color=\"00CC00\">9 h  Messe pour les d\u00e9funts de la famille THION-MUNIER.<\/div>\n<p><font><\/td>\n<td><font color=\"0020FF\"><\/p>\n<div align=\"center\"><img decoding=\"async\" src=\"\/IMG\/gif\/coupes004.gif\"><\/div>\n<p><\/font><\/td>\n<\/tr>\n<tr>\n<td><font color=\"802020\">Vendredi 2 septembre<\/font><\/td>\n<td><font color=\"802020\"><\/p>\n<div align=\"center\"><img decoding=\"async\" src=\"\/IMG\/gif\/bibles004.gif\" ><\/div>\n<p><font><\/td>\n<td><font color=\"802020\">9 h &#8211; Messe pour Odette CAROUGE et C\u00e9line DESJARDIN.<font><\/td>\n<\/tr>\n<tr>\n<td><font color=\"0020FF\">Samedi 3 septembre<\/font><\/td>\n<td><font color=\"0020FF\">11h  Bapt\u00eame de Rose JULIA \u00e0 Cr\u00e9cy<br \/>\n14h30  Mariage \u00e0 Cr\u00e9cy de Marie- Laure ZAKOWSKI et Ludovic JULIA.<br \/>\n14h30  Mariage \u00e0 Villiers de Nelson DE ALMEIDA-RAMOS et Ang\u00e9lique EPIN.<font><\/td>\n<td><font color=\"0020FF\">16h30  Mariage \u00e0 Cr\u00e9cy de Sophia HERBRETEAU et St\u00e9phane TARDIEU.<br \/>\n18 h 30 &#8211; Messe \u00e0 Villiers.<\/font><\/td>\n<\/tr>\n<tr>\n<td><font color=\"00CC00\">Dimanche 4 septembre<\/font><\/td>\n<td><font color=\"00CC00\"><\/p>\n<div align=\"center\"><img decoding=\"async\" src=\"\/IMG\/lieux\/stgeorges10.jpg\"  width=150>\n<\/div>\n<p><\/font><\/td>\n<td><font color=\"00CC00\">10 h 30 &#8211; Messe \u00e0 CRECY pour Michelle BOISSAVIT et la Famille BLAVIER-RONDEL.<\/font><\/td>\n<\/tr>\n<\/tbody>\n<\/table>\n","protected":false},"excerpt":{"rendered":"<p>Voici les annonces de la semaine du lundi 29 aout au dimanche 4 septembre 2011 pour la paroisse des 3 clochers Cr\u00e9cy-la-Chapelle, Villiers-sur-Morin, Voulangis. Samedi 3 septembre messe \u00e0\u00a0 18h30 \u00e0\u00a0 Villiers, Dimanche 4&#46;&#46;&#46;<\/p>\n","protected":false},"author":2,"featured_media":0,"comment_status":"open","ping_status":"open","sticky":false,"template":"","format":"standard","meta":{"footnotes":""},"categories":[],"tags":[],"class_list":["post-390","post","type-post","status-publish","format-standard","hentry"],"_links":{"self":[{"href":"http:\/\/www.chapelle-crecy.com\/index.php?rest_route=\/wp\/v2\/posts\/390","targetHints":{"allow":["GET"]}}],"collection":[{"href":"http:\/\/www.chapelle-crecy.com\/index.php?rest_route=\/wp\/v2\/posts"}],"about":[{"href":"http:\/\/www.chapelle-crecy.com\/index.php?rest_route=\/wp\/v2\/types\/post"}],"author":[{"embeddable":true,"href":"http:\/\/www.chapelle-crecy.com\/index.php?rest_route=\/wp\/v2\/users\/2"}],"replies":[{"embeddable":true,"href":"http:\/\/www.chapelle-crecy.com\/index.php?rest_route=%2Fwp%2Fv2%2Fcomments&post=390"}],"version-history":[{"count":0,"href":"http:\/\/www.chapelle-crecy.com\/index.php?rest_route=\/wp\/v2\/posts\/390\/revisions"}],"wp:attachment":[{"href":"http:\/\/www.chapelle-crecy.com\/index.php?rest_route=%2Fwp%2Fv2%2Fmedia&parent=390"}],"wp:term":[{"taxonomy":"category","embeddable":true,"href":"http:\/\/www.chapelle-crecy.com\/index.php?rest_route=%2Fwp%2Fv2%2Fcategories&post=390"},{"taxonomy":"post_tag","embeddable":true,"href":"http:\/\/www.chapelle-crecy.com\/index.php?rest_route=%2Fwp%2Fv2%2Ftags&post=390"}],"curies":[{"name":"wp","href":"https:\/\/api.w.org\/{rel}","templated":true}]}}