{"id":393,"date":"2011-09-12T16:00:00","date_gmt":"2011-09-12T16:00:00","guid":{"rendered":""},"modified":"-0001-11-30T00:00:00","modified_gmt":"-0001-11-29T22:00:00","slug":"","status":"publish","type":"post","link":"http:\/\/www.chapelle-crecy.com\/?p=393","title":{"rendered":"Amiti\u00e9 Brie B\u00e9nin \u00e0\u00a0 la foire Saint-Michel"},"content":{"rendered":"<div align=\"justify\">L&rsquo;association Amiti\u00e9 Brie-B\u00e9nin pr\u00e9sentera ses activit\u00e9s lors de la Foire de la Saint-Michel \u00e0\u00a0 Cr\u00e9cy-la-Chapelle, les 24 et 25 septembre. Elle proposera des enveloppes toutes gagnantes avec un tirage au sort final pour l&rsquo;attribution de 5 \u00ab gros lots dont un bapt\u00eame de l&rsquo;air de 30 mn pour 3 personnes, un superbe patchwork, 3 entr\u00e9es \u00e0\u00a0 Disney, repas pour 2 personnes offerts par \u00ab Le Commerce \u00bb (Cr\u00e9cy-la-Chapelle), un lot de verrines offert par la boucherie Dujardin (Cr\u00e9cy-la-Chapelle).<\/div>\n<div align=\"justify\">L&rsquo;association Amiti\u00e9 Brie-B\u00e9nin soutient le projet de d\u00e9veloppement de la ferme de Tori au B\u00e9nin, \u00e0 40 km de Cotonou , projet initi\u00e9 par des jeunes b\u00e9ninois regroup\u00e9s au sein d&rsquo;une association, l&rsquo;AADR.<\/p>\n<p> Sur 1.5 ha acquis en 2009, sont r\u00e9alis\u00e9s \u00e0 ce jour : un enclos provisoire pour les 10 bovins, un puits, des b\u00e2timents pour le logement du vacher, pour le moulin, pour les loges des 5 truies, 2 bassins d&rsquo;\u00e9levage de poissons et des cultures (manioc, l\u00e9gumes, ma\u00efs, arbres fruitiers). 4 personnes travaillent en permanence sur la ferme et des jeunes de Tori sont embauch\u00e9s ponctuellement.<\/p>\n<p> Les projets concernent une lapinerie, un b\u00e2timent pour l&rsquo;engraissement des porcs, l&rsquo;achat d&rsquo;un demi-hectare de terrain et la scolarisation des enfants du vacher.<\/p>\n<p> La tombola que nous proposons pour la Saint-Michel est une bonne opportunit\u00e9 pour soutenir cette initiative africaine dont l&rsquo;objectif est l&rsquo;am\u00e9lioration des conditions de vie et d&rsquo;\u00e9ducation dans cette zone de brousse.<\/p>\n<\/div>\n<p><img598|center><\/p>\n","protected":false},"excerpt":{"rendered":"<p>L&rsquo;association Amiti\u00e9 Brie-B\u00e9nin pr\u00e9sentera ses activit\u00e9s lors de la Foire de la Saint-Michel \u00e0\u00a0 Cr\u00e9cy-la-Chapelle, les 24 et 25 septembre. Elle proposera des enveloppes toutes gagnantes avec un tirage au sort final pour l&rsquo;attribution&#46;&#46;&#46;<\/p>\n","protected":false},"author":2,"featured_media":0,"comment_status":"open","ping_status":"open","sticky":false,"template":"","format":"standard","meta":{"footnotes":""},"categories":[],"tags":[],"class_list":["post-393","post","type-post","status-publish","format-standard","hentry"],"_links":{"self":[{"href":"http:\/\/www.chapelle-crecy.com\/index.php?rest_route=\/wp\/v2\/posts\/393","targetHints":{"allow":["GET"]}}],"collection":[{"href":"http:\/\/www.chapelle-crecy.com\/index.php?rest_route=\/wp\/v2\/posts"}],"about":[{"href":"http:\/\/www.chapelle-crecy.com\/index.php?rest_route=\/wp\/v2\/types\/post"}],"author":[{"embeddable":true,"href":"http:\/\/www.chapelle-crecy.com\/index.php?rest_route=\/wp\/v2\/users\/2"}],"replies":[{"embeddable":true,"href":"http:\/\/www.chapelle-crecy.com\/index.php?rest_route=%2Fwp%2Fv2%2Fcomments&post=393"}],"version-history":[{"count":0,"href":"http:\/\/www.chapelle-crecy.com\/index.php?rest_route=\/wp\/v2\/posts\/393\/revisions"}],"wp:attachment":[{"href":"http:\/\/www.chapelle-crecy.com\/index.php?rest_route=%2Fwp%2Fv2%2Fmedia&parent=393"}],"wp:term":[{"taxonomy":"category","embeddable":true,"href":"http:\/\/www.chapelle-crecy.com\/index.php?rest_route=%2Fwp%2Fv2%2Fcategories&post=393"},{"taxonomy":"post_tag","embeddable":true,"href":"http:\/\/www.chapelle-crecy.com\/index.php?rest_route=%2Fwp%2Fv2%2Ftags&post=393"}],"curies":[{"name":"wp","href":"https:\/\/api.w.org\/{rel}","templated":true}]}}