{"id":395,"date":"2011-09-18T09:01:00","date_gmt":"2011-09-18T09:01:00","guid":{"rendered":""},"modified":"-0001-11-30T00:00:00","modified_gmt":"-0001-11-29T22:00:00","slug":"","status":"publish","type":"post","link":"http:\/\/www.chapelle-crecy.com\/?p=395","title":{"rendered":"Un th\u00e8me \u00e0\u00a0 partager: J\u00e9sus-Christ homme et Dieu"},"content":{"rendered":"<div align=\"justify\">Dans le cadre des nouvelles orientations pour la Cat\u00e9ch\u00e8se, et dans la perspective de la f\u00eate de No\u00f6l, a lieu le lancement du premier th\u00e8me de l&rsquo;ann\u00e9e : \u00bb JESUS, HOMME ET DIEU \u00bb. Vous \u00eates tous invit\u00e9s \u00e0\u00a0 la r\u00e9union qui se tiendra \u00e0\u00a0 la salle paroissiale le LUNDI 3 OCTOBRE \u00e0\u00a0 20 h 30. Nous vous attendons nombreux.<\/div>\n<p>Chers amis,<\/p>\n<p> Nous l&rsquo;avons d\u00e9j\u00e0 \u00e9voqu\u00e9 plusieurs fois, pour r\u00e9pondre aux nouvelles orientations de la cat\u00e9ch\u00e8se qui veut que nous soyons tous concern\u00e9s, la cat\u00e9ch\u00e8se ne doit donc  plus s&rsquo;adresser qu&rsquo;aux seuls enfants, elle doit \u00eatre l&rsquo;affaire de tous. Nous avons tous besoin de nous replonger dans les Ecritures et partager notre foi avec d&rsquo;autres. Puisqu&rsquo;aujourd&rsquo;hui, dans la majorit\u00e9 des familles le nom de J\u00e9sus n&rsquo;est pas connu, la communaut\u00e9 paroissiale doit devenir le milieu nourricier pour tous nos jeunes. C&rsquo;est pour cela que nous devons privil\u00e9gier des temps o\u00f9 ensemble, jeunes et moins jeunes, et leurs parents  pourrons vivre la rencontre avec le Christ.<\/p>\n<p> Cela pourra se faire de deux mani\u00e8res :<\/p>\n<p> La premi\u00e8re sera de vivre ensemble les temps forts du secteur en les pr\u00e9parant ensemble ; pour cela vous pourrez \u00eatre invit\u00e9 \u00e0 venir participer \u00e0 une \u00e9quipe de vie qu&rsquo;elle soit du cat\u00e9, du Mej, ou de l&rsquo;aum\u00f4nerie o\u00f9 l\u00e0 on vous proposera de vivre pendant une heure avec les enfants, un partage autour d&rsquo;une activit\u00e9 manuelle, ou d&rsquo;un  t\u00e9moignage de vie, ou bien autre chose. Puis vous serez invit\u00e9s \u00e0  vivre le  cat\u00e9-dimanche  avec les enfants et leurs parents, lors d&rsquo;une messe dominicale. <\/p>\n<p> La deuxi\u00e8me mani\u00e8re consiste \u00e0 animer, \u00e0 partager un th\u00e8me de cat\u00e9ch\u00e8se avec les enfants. Bien s\u00fbr cette participation sera ponctuelle et pr\u00e9par\u00e9e avec les cat\u00e9chistes et avec toutes personnes d\u00e9sireuses de travailler ce th\u00e8me. Cette animation ponctuelle se fera sur  trois s\u00e9ances d&rsquo;1h30 le samedi matin avec les petits enfants de premi\u00e8re ann\u00e9e de cat\u00e9chisme.<br \/>\n Vous ne serez pas seul, la cat\u00e9chiste sera pr\u00e9sente avec vous. Il suffit qu&rsquo;\u00e0 chaque th\u00e8me durant l&rsquo;ann\u00e9e, une personne parmi vous se pr\u00eate \u00e0 cette exp\u00e9rience enrichissante et qui ne demande qu&rsquo;un investissement ponctuel.<\/p>\n<p> Le premier th\u00e8me que l&rsquo;on souhaite partager c&rsquo;est :<br \/>\n JESUS  CHRIST, HOMME ET DIEU.<br \/>\n Afin de nous pr\u00e9parer \u00e0 la grande f\u00eate de No\u00ebl, nous  proposons \u00e0 chaque personne parmi vous qui souhaite approfondir ce th\u00e8me de venir le LUNDI  3 OCTOBRE  A 20h30 \u00e0 la<br \/>\nSalle Paroissiale.<\/p>\n<p> NOUS AVONS TOUS BESOIN DE NOUS LAISSER TRAVAILLER PAR LA PAROLE DE DIEU , NOUS COMPTONS SUR CHACUN D&rsquo;ENTRE VOUS, SACHANT QUE CHACUN A QUELQUE CHOSE A DONNER.<\/p>\n<p>   RENDEZ VOUS DONC LE 3 0CT0BRE<br \/>\n                     POUR LE THEME:<br \/>\n  JESUS-CHRIST HOMME ET DIEU <\/p>\n","protected":false},"excerpt":{"rendered":"<p>Dans le cadre des nouvelles orientations pour la Cat\u00e9ch\u00e8se, et dans la perspective de la f\u00eate de No\u00f6l, a lieu le lancement du premier th\u00e8me de l&rsquo;ann\u00e9e : \u00bb JESUS, HOMME ET DIEU \u00bb.&#46;&#46;&#46;<\/p>\n","protected":false},"author":2,"featured_media":0,"comment_status":"open","ping_status":"open","sticky":false,"template":"","format":"standard","meta":{"footnotes":""},"categories":[],"tags":[],"class_list":["post-395","post","type-post","status-publish","format-standard","hentry"],"_links":{"self":[{"href":"http:\/\/www.chapelle-crecy.com\/index.php?rest_route=\/wp\/v2\/posts\/395","targetHints":{"allow":["GET"]}}],"collection":[{"href":"http:\/\/www.chapelle-crecy.com\/index.php?rest_route=\/wp\/v2\/posts"}],"about":[{"href":"http:\/\/www.chapelle-crecy.com\/index.php?rest_route=\/wp\/v2\/types\/post"}],"author":[{"embeddable":true,"href":"http:\/\/www.chapelle-crecy.com\/index.php?rest_route=\/wp\/v2\/users\/2"}],"replies":[{"embeddable":true,"href":"http:\/\/www.chapelle-crecy.com\/index.php?rest_route=%2Fwp%2Fv2%2Fcomments&post=395"}],"version-history":[{"count":0,"href":"http:\/\/www.chapelle-crecy.com\/index.php?rest_route=\/wp\/v2\/posts\/395\/revisions"}],"wp:attachment":[{"href":"http:\/\/www.chapelle-crecy.com\/index.php?rest_route=%2Fwp%2Fv2%2Fmedia&parent=395"}],"wp:term":[{"taxonomy":"category","embeddable":true,"href":"http:\/\/www.chapelle-crecy.com\/index.php?rest_route=%2Fwp%2Fv2%2Fcategories&post=395"},{"taxonomy":"post_tag","embeddable":true,"href":"http:\/\/www.chapelle-crecy.com\/index.php?rest_route=%2Fwp%2Fv2%2Ftags&post=395"}],"curies":[{"name":"wp","href":"https:\/\/api.w.org\/{rel}","templated":true}]}}