{"id":396,"date":"2011-09-25T12:00:00","date_gmt":"2011-09-25T12:00:00","guid":{"rendered":""},"modified":"-0001-11-30T00:00:00","modified_gmt":"-0001-11-29T22:00:00","slug":"","status":"publish","type":"post","link":"http:\/\/www.chapelle-crecy.com\/?p=396","title":{"rendered":"Annonces de la semaine du 26 septembre au 2 octobre 2011"},"content":{"rendered":"<table bgcolor =\"F0FAFF\" border=0>\n<tbody>\n<tr>\n<td>\n<div align=\"justify\">\n<div \"319\">Voici les annonces de la semaine du lundi 26 septembre au dimanche 2 octobre 2011 pour la paroisse des 3 clochers Cr\u00e9cy-la-Chapelle, Villiers-sur-Morin, Voulangis.<br \/>Samedi 1er \u00e0\u00a0 18 h 30 : messe \u00e0\u00a0 Villiers, Dimanche 2 \u00e0\u00a0 <font color=\"FF0000\"><BLINK>10h00<\/BLINK>, messe \u00e0\u00a0 la Coll\u00e9giale de Cr\u00e9cy &#8211; <\/font>Tous les d\u00e9tails dans la suite &#8230;<\/div>\n<\/div>\n<\/td>\n<\/tr>\n<\/tbody>\n<\/table>\n<table bgcolor =\"F0F6FF\" border=0>\n<tbody>\n<tr>\n<td width=\"20%\"><font color=\"00CC00\">Lundi 26 septembre<\/font><\/td>\n<td><font color=\"00CC00\">17 h  C\u00e9l\u00e9bration \u00e0 la Maison de Retraite <\/font><\/td>\n<td><font color=\"00CC00\">20 h30 &#8211; R\u00e9union \u00e0 l&rsquo;\u00e9glise de Cr\u00e9cy pour apprendre des chants nouveaux  s\u00e9lectionn\u00e9s par l&rsquo;Equipe liturgique.   Tout le monde est invit\u00e9 \u00e2\u20ac\u00a6<\/font><\/td>\n<\/tr>\n<tr>\n<td><font color=\"802020\">Mardi 27 septembre<font><\/td>\n<td><font color=\"802020\"><\/p>\n<div align=\"center\"><img decoding=\"async\" src=\"\/IMG\/gif\/coupes002.gif\" ><\/div>\n<p><\/font><\/td>\n<td><font color=\"802020\">9h &#8211; Messe \u00e0 Cr\u00e9cy pour Lucienne et Ren\u00e9 CHARPIGNON.<font><\/td>\n<\/tr>\n<tr>\n<td><font color=\"0020FF\">Mercredi 28 septembre<font><\/td>\n<td><font color=\"0020FF\">18 h &#8211; Messe \u00e0 Cr\u00e9cy pour Gaby BEAUMONT et Lucien  BLAVIER.<\/font><\/td>\n<td><font color=\"00CC00\"><\/p>\n<div align=\"center\"><img decoding=\"async\" src=\"\/IMG\/jpg\/bible-1.jpg\" width=150><\/div>\n<p><font><\/td>\n<\/tr>\n<tr>\n<td><font color=\"802020\">Vendredi 30 septembre<\/font><\/td>\n<td><font color=\"802020\"><\/p>\n<div align=\"center\"><img decoding=\"async\" src=\"\/IMG\/gif\/cross.gif\"><\/div>\n<p><font><\/td>\n<td><font color=\"802020\">9 h &#8211;  Messe \u00e0 Cr\u00e9cy   pour  Louise DELABRUYERE et Arlette MICIAK.<font><\/td>\n<\/tr>\n<tr>\n<td><font color=\"0020FF\">Samedi 1er octobre<\/font><\/td>\n<td><font color=\"0020FF\">18 h 30 Messe \u00e0 Villiers  pour  Sarah MOURGUES et Evelyne PILOT.<font><\/td>\n<td><font color=\"0020FF\"><\/p>\n<div align=\"center\"><img decoding=\"async\" src=\"\/IMG\/lieux\/villiers_eglise2.jpg\"  width=150>\n<\/div>\n<p><\/font><\/td>\n<\/tr>\n<tr>\n<td><font color=\"00CC00\">Dimanche 2 octobre<br \/><\/font><\/td>\n<td><font color=\"00CC00\"><\/p>\n<div align=\"center\"><img decoding=\"async\" src=\"\/IMG\/lieux\/collegiale3.jpg\"  width=150>\n<\/div>\n<p><\/font><\/td>\n<td><font color=\"FF0000\"><BLINK>10 h 00<\/BLINK>&#8211; A la Coll\u00e9giale, <\/font><font color=\"00CC00\">Messe de rentr\u00e9e des Scouts d&rsquo;Europe de Meaux-Lagny, en communion avec la Paroisse des Clochers. Ce sera une Messe Anniversaire du d\u00e9c\u00e8s de Georges PAQUET et Stanley JOSEPH. Nous prierons \u00e9galement pour Edith PATURE.<br \/>\n<\/font><\/td>\n<\/tr>\n<\/tbody>\n<\/table>\n","protected":false},"excerpt":{"rendered":"<p>Voici les annonces de la semaine du lundi 26 septembre au dimanche 2 octobre 2011 pour la paroisse des 3 clochers Cr\u00e9cy-la-Chapelle, Villiers-sur-Morin, Voulangis.Samedi 1er \u00e0\u00a0 18 h 30 : messe \u00e0\u00a0 Villiers, Dimanche&#46;&#46;&#46;<\/p>\n","protected":false},"author":2,"featured_media":0,"comment_status":"open","ping_status":"open","sticky":false,"template":"","format":"standard","meta":{"footnotes":""},"categories":[],"tags":[],"class_list":["post-396","post","type-post","status-publish","format-standard","hentry"],"_links":{"self":[{"href":"http:\/\/www.chapelle-crecy.com\/index.php?rest_route=\/wp\/v2\/posts\/396","targetHints":{"allow":["GET"]}}],"collection":[{"href":"http:\/\/www.chapelle-crecy.com\/index.php?rest_route=\/wp\/v2\/posts"}],"about":[{"href":"http:\/\/www.chapelle-crecy.com\/index.php?rest_route=\/wp\/v2\/types\/post"}],"author":[{"embeddable":true,"href":"http:\/\/www.chapelle-crecy.com\/index.php?rest_route=\/wp\/v2\/users\/2"}],"replies":[{"embeddable":true,"href":"http:\/\/www.chapelle-crecy.com\/index.php?rest_route=%2Fwp%2Fv2%2Fcomments&post=396"}],"version-history":[{"count":0,"href":"http:\/\/www.chapelle-crecy.com\/index.php?rest_route=\/wp\/v2\/posts\/396\/revisions"}],"wp:attachment":[{"href":"http:\/\/www.chapelle-crecy.com\/index.php?rest_route=%2Fwp%2Fv2%2Fmedia&parent=396"}],"wp:term":[{"taxonomy":"category","embeddable":true,"href":"http:\/\/www.chapelle-crecy.com\/index.php?rest_route=%2Fwp%2Fv2%2Fcategories&post=396"},{"taxonomy":"post_tag","embeddable":true,"href":"http:\/\/www.chapelle-crecy.com\/index.php?rest_route=%2Fwp%2Fv2%2Ftags&post=396"}],"curies":[{"name":"wp","href":"https:\/\/api.w.org\/{rel}","templated":true}]}}