{"id":397,"date":"2011-09-29T01:50:00","date_gmt":"2011-09-29T01:50:00","guid":{"rendered":""},"modified":"-0001-11-30T00:00:00","modified_gmt":"-0001-11-29T22:00:00","slug":"","status":"publish","type":"post","link":"http:\/\/www.chapelle-crecy.com\/?p=397","title":{"rendered":"le 29 septembre on f\u00eate Saint Michel Archange"},"content":{"rendered":"<div align=\"justify\"> La 59\u00e8me foire de la Saint-Michel, organis\u00e9e par le CLAP, s&rsquo;est tenue comme tous les ans au champ de foire de Cr\u00e9cy. Le beau temps \u00e9tait au rendez-vous ces 24 et 25 septembre, week-end pr\u00e9c\u00e9dant la f\u00eate de Saint Michel. Les nombreux visiteurs qui se sont promen\u00e9s sur le champ de foire pendant ces 2 tr\u00e8s belles journ\u00e9es n&rsquo;ont pas h\u00e9sit\u00e9 \u00e0\u00a0 s&rsquo;arr\u00eater devant le stand paroissial du Comit\u00e9 Jean-Baptiste Vianney. <\/div>\n<div align=\"justify\">\n Origine de la f\u00eate de Saint Michel<br \/>\n Dans la tradition chr\u00e9tienne, le nom de Saint Michel est cit\u00e9 juste apr\u00e8s celui de Marie, Reine des anges, comme protecteur de l&rsquo;Eglise, il appara \u00eet comme le chef des anges, celui qui prot\u00e8ge l&rsquo;homme des d\u00e9mons. Il est f\u00eat\u00e9 le 29 septembre. Attest\u00e9s par tant de textes bibliques, l&rsquo;existence et le r\u00f4le particulier des archanges font partie de la vie profonde des croyants.<br \/>\n Michel est le \u00abgrand prince\u00bb, l&rsquo;archange protecteur d&rsquo;Isra\u00ebl. Le livre de Daniel, comme celui de l&rsquo;Apocalypse, nous donnent le sens de sa mission sur cette terre et dans les cieux, en particulier son \u00e9ternel combat contre Satan. Nombreuses sont ses apparitions au cours des si\u00e8cles. Celle du 8 mai 495 sur le mont Gargano marquera l&rsquo;antiquit\u00e9 chr\u00e9tienne. En France il est apparu aussi \u00e0 Saint Aubert (Ev\u00eaque) lui demandant de lui \u00e9difier une \u00e9glise (consacr\u00e9e en 709) sur le Mont  appel\u00e9 de nos jours Mont Saint Michel.<br \/>\n Dans l&rsquo;offertoire de la messe des d\u00e9funts, Saint Michel est charg\u00e9 de prendre soin des \u00e2mes de tous les fid\u00e8les d\u00e9funts, en sorte que, lui \u00ab\u00a0le porte \u00e9tendard c\u00e9leste, les introduise dans la sainte lumi\u00e8re promise \u00e0 Abraham et \u00e0 sa descendance.\u00a0\u00bb<\/p>\n<div align=\"center\"><img decoding=\"async\" src=\"http:\/\/www.chapelle-crecy.com\/IMG\/jpg\/stmichel07.jpg\" width=450 height=300><\/div>\n<p>\n La Saint Michel a \u00e9t\u00e9 l&rsquo;occasion, pour le stand paroissial, de nombreux \u00e9changes avec les visiteurs, de grands moments de convivialit\u00e9 avec le pot de l&rsquo;amiti\u00e9 offert ainsi qu&rsquo;une pa\u00eblla g\u00e9ante. Le stand \u00e9tait conjointement tenu avec nos amis de M\u00e9moire Visuelle, Florence et Paul et notre saltimbanque de la Haute Maison, Maxime. Le P\u00e8re Philippe Legrand, notre nouveau pr\u00eatre r\u00e9f\u00e9rent du secteur de Cr\u00e9cy s&rsquo;est m\u00eame d\u00e9plac\u00e9 pour venir \u00e0 la rencontre de ses nouveaux paroissiens.<\/p>\n<div align=\"center\"><img decoding=\"async\" src=\"http:\/\/www.chapelle-crecy.com\/IMG\/jpg\/stmichel01.jpg\" width=500 height=350><\/div>\n<p><\/p>\n<div align=\"center\"><img decoding=\"async\" src=\"http:\/\/www.chapelle-crecy.com\/IMG\/jpg\/stmichel04.jpg\" width=400 height=600><\/div>\n<p>\n<\/div>\n","protected":false},"excerpt":{"rendered":"<p>La 59\u00e8me foire de la Saint-Michel, organis\u00e9e par le CLAP, s&rsquo;est tenue comme tous les ans au champ de foire de Cr\u00e9cy. Le beau temps \u00e9tait au rendez-vous ces 24 et 25 septembre, week-end&#46;&#46;&#46;<\/p>\n","protected":false},"author":2,"featured_media":0,"comment_status":"open","ping_status":"open","sticky":false,"template":"","format":"standard","meta":{"footnotes":""},"categories":[],"tags":[],"class_list":["post-397","post","type-post","status-publish","format-standard","hentry"],"_links":{"self":[{"href":"http:\/\/www.chapelle-crecy.com\/index.php?rest_route=\/wp\/v2\/posts\/397","targetHints":{"allow":["GET"]}}],"collection":[{"href":"http:\/\/www.chapelle-crecy.com\/index.php?rest_route=\/wp\/v2\/posts"}],"about":[{"href":"http:\/\/www.chapelle-crecy.com\/index.php?rest_route=\/wp\/v2\/types\/post"}],"author":[{"embeddable":true,"href":"http:\/\/www.chapelle-crecy.com\/index.php?rest_route=\/wp\/v2\/users\/2"}],"replies":[{"embeddable":true,"href":"http:\/\/www.chapelle-crecy.com\/index.php?rest_route=%2Fwp%2Fv2%2Fcomments&post=397"}],"version-history":[{"count":0,"href":"http:\/\/www.chapelle-crecy.com\/index.php?rest_route=\/wp\/v2\/posts\/397\/revisions"}],"wp:attachment":[{"href":"http:\/\/www.chapelle-crecy.com\/index.php?rest_route=%2Fwp%2Fv2%2Fmedia&parent=397"}],"wp:term":[{"taxonomy":"category","embeddable":true,"href":"http:\/\/www.chapelle-crecy.com\/index.php?rest_route=%2Fwp%2Fv2%2Fcategories&post=397"},{"taxonomy":"post_tag","embeddable":true,"href":"http:\/\/www.chapelle-crecy.com\/index.php?rest_route=%2Fwp%2Fv2%2Ftags&post=397"}],"curies":[{"name":"wp","href":"https:\/\/api.w.org\/{rel}","templated":true}]}}