{"id":399,"date":"2011-10-06T15:37:33","date_gmt":"2011-10-06T15:37:33","guid":{"rendered":""},"modified":"-0001-11-30T00:00:00","modified_gmt":"-0001-11-29T22:00:00","slug":"","status":"publish","type":"post","link":"http:\/\/www.chapelle-crecy.com\/?p=399","title":{"rendered":"Une rentr\u00e9e joyeuse et missionnaire"},"content":{"rendered":"<div align=\"justify\">En ce dimanche 2 octobre, la messe dominicale de la communaut\u00e9 paroissiale des Trois Clochers a \u00e9t\u00e9 aussi l&rsquo;occasion d&rsquo;\u00eatre la messe de rentr\u00e9e des Scouts d&rsquo;Europe des secteurs de Lagny et Meaux. La coll\u00e9giale Notre-Dame-de-l&rsquo;Assomption a \u00e9t\u00e9 \u00e9videmment le lieu de la c\u00e9l\u00e9bration puisque la messe fut suivie d&rsquo;un pique-nique g\u00e9ant pour les jeunes scouts, accompagn\u00e9s de leurs famille et amis.\n<\/div>\n<div align=\"justify\">\n<p>\u00abRegarde ta vigne, Seigneur, viens sauver ton peuple\u00bb,<br \/>\ntel  fut  le refrain du Psaume de ce dimanche [Psaume 79(80)].<br \/>\nD\u00e9j\u00e0, dans la 1\u00e8re lecture du livre d&rsquo;Isa\u00efe (5,1-7), les premiers mots \u00abJe chanterai pour mon ami le chant du bien-aim\u00e9 \u00e0 sa vigne\u00bb donnait le ton de la c\u00e9l\u00e9bration, comme un chant d&rsquo;Amour et  une joie de f\u00eater les fruits du travail de la vigne : l&rsquo;engagement  de tous ces jeunes scouts cr\u00e9e de profondes racines pour l&rsquo;Evangile. Avec leur  \u00abuniformes\u00bb color\u00e9s et impeccables, ils c\u00e9l\u00e8brent le Beau de la Cr\u00e9ation, rendent hommage \u00e0 Dieu. <\/p>\n<div align=\"center\"><img decoding=\"async\" src=\"\/IMG\/jpg\/rentree_scoute.jpg\" width=350><\/div>\n<p> Les P\u00e8res Benoit Lemoine et Aim\u00e9 Hounzandji co-pr\u00e9sidaient cette messe. <\/p>\n<div align=\"center\"><img decoding=\"async\" src=\"\/IMG\/jpg\/entree-1.jpg\" width=350><\/div>\n<div align=\"center\"><img decoding=\"async\" src=\"\/IMG\/jpg\/entree-2.jpg\" width=350><\/div>\n<p> Pendant  l&rsquo;hom\u00e9lie, le p\u00e8re Benoit pose cette question aux jeunes scouts:<br \/>\n \u00abDe quoi  a-t-on vraiment besoin ?\u00bb<br \/>\n Un grand r\u00e9pond :<br \/>\n \u00ab l&rsquo;Amour \u00bb<br \/>\n alors qu&rsquo;un plus petit affirme:<br \/>\n \u00ab la Paix \u00bb.<br \/>\n Belle r\u00e9ponse coll\u00e9giale dans cette \u00e9glise qu&rsquo;on nomme aussi Coll\u00e9giale ! Car effectivement, comme le souligne le c\u00e9l\u00e9brant, quand est dans l&rsquo;Amour, on est dans la Paix. Et les scouts et toute l&rsquo;assembl\u00e9e pr\u00e9sente sont invit\u00e9s \u00e0 transmettre l&rsquo;amour aux autres car quand on re\u00e7oit l&rsquo;amour de J\u00e9sus, au moment de l&rsquo;Eucharistie, on est amen\u00e9 naturellement \u00e0 le r\u00e9pandre autour de soi. Faire le plein d&rsquo;amour \u00e0 la messe dominicale pour ensuite, tout au long de la semaine, en donner aux autres, jusqu&rsquo;\u00e0 la derni\u00e8re goutte \u00e2\u20ac\u00a6<br \/>\n Quel beau chemin de Lumi\u00e8re cette invitation \u00e2\u20ac\u00a6 m\u00eame le soleil de cette belle matin\u00e9e de dimanche en r\u00e9pandait sur l&rsquo;assembl\u00e9e.<\/p>\n<div align=\"center\"><img decoding=\"async\" src=\"\/IMG\/jpg\/rayon.jpg\" width=350><\/div>\n<p> Un grand merci pour les scouts, qui ont anim\u00e9 de leurs chants et de leurs couleurs cette messe festive.<\/p>\n<div align=\"center\"><img decoding=\"async\" src=\"\/IMG\/jpg\/animatrice.jpg\" width=350><\/div>\n<div align=\"center\"><img decoding=\"async\" src=\"\/IMG\/jpg\/salut.jpg\" width=350><\/div>\n<div align=\"center\"><img decoding=\"async\" src=\"\/IMG\/jpg\/defile.jpg\" width=350><\/div>\n<p> Merci aux p\u00e8res Benoit et Aim\u00e9, si chaleureux.<\/p>\n<div align=\"center\"><img decoding=\"async\" src=\"\/IMG\/jpg\/IMGP1903-1.jpg\" width=350><\/div>\n<p> La fin de la messe fut l&rsquo;occasion d&rsquo;un beau chant final de la part des scouts, qui n&rsquo;invitait qu&rsquo;au recueillement. <\/p>\n<div align=\"center\"><img decoding=\"async\" src=\"\/IMG\/jpg\/IMGP1906-1.jpg\" width=350><\/div>\n<div align=\"center\"><img decoding=\"async\" src=\"\/IMG\/jpg\/IMGP1907-1.jpg\" width=350><\/div>\n<\/div>\n","protected":false},"excerpt":{"rendered":"<p>En ce dimanche 2 octobre, la messe dominicale de la communaut\u00e9 paroissiale des Trois Clochers a \u00e9t\u00e9 aussi l&rsquo;occasion d&rsquo;\u00eatre la messe de rentr\u00e9e des Scouts d&rsquo;Europe des secteurs de Lagny et Meaux. La&#46;&#46;&#46;<\/p>\n","protected":false},"author":2,"featured_media":0,"comment_status":"open","ping_status":"open","sticky":false,"template":"","format":"standard","meta":{"footnotes":""},"categories":[],"tags":[],"class_list":["post-399","post","type-post","status-publish","format-standard","hentry"],"_links":{"self":[{"href":"http:\/\/www.chapelle-crecy.com\/index.php?rest_route=\/wp\/v2\/posts\/399","targetHints":{"allow":["GET"]}}],"collection":[{"href":"http:\/\/www.chapelle-crecy.com\/index.php?rest_route=\/wp\/v2\/posts"}],"about":[{"href":"http:\/\/www.chapelle-crecy.com\/index.php?rest_route=\/wp\/v2\/types\/post"}],"author":[{"embeddable":true,"href":"http:\/\/www.chapelle-crecy.com\/index.php?rest_route=\/wp\/v2\/users\/2"}],"replies":[{"embeddable":true,"href":"http:\/\/www.chapelle-crecy.com\/index.php?rest_route=%2Fwp%2Fv2%2Fcomments&post=399"}],"version-history":[{"count":0,"href":"http:\/\/www.chapelle-crecy.com\/index.php?rest_route=\/wp\/v2\/posts\/399\/revisions"}],"wp:attachment":[{"href":"http:\/\/www.chapelle-crecy.com\/index.php?rest_route=%2Fwp%2Fv2%2Fmedia&parent=399"}],"wp:term":[{"taxonomy":"category","embeddable":true,"href":"http:\/\/www.chapelle-crecy.com\/index.php?rest_route=%2Fwp%2Fv2%2Fcategories&post=399"},{"taxonomy":"post_tag","embeddable":true,"href":"http:\/\/www.chapelle-crecy.com\/index.php?rest_route=%2Fwp%2Fv2%2Ftags&post=399"}],"curies":[{"name":"wp","href":"https:\/\/api.w.org\/{rel}","templated":true}]}}