{"id":401,"date":"2011-10-11T16:51:55","date_gmt":"2011-10-11T16:51:55","guid":{"rendered":""},"modified":"-0001-11-30T00:00:00","modified_gmt":"-0001-11-29T22:00:00","slug":"","status":"publish","type":"post","link":"http:\/\/www.chapelle-crecy.com\/?p=401","title":{"rendered":"Superbe messe de rentr\u00e9e paroissiale \u00e0\u00a0 Cr\u00e9cy"},"content":{"rendered":"<div align=\"justify\">Un mois apr\u00e8s la rentr\u00e9e scolaire, ce dimanche fut l&rsquo;occasion d&rsquo;une autre rentr\u00e9e, celle de la communaut\u00e9 paroissiale des Trois Clochers (Cr\u00e9cy la Chapelle \u201c Villiers sur Morin &#8211; Voulangis), \u00e0\u00a0 l&rsquo;occasion de la messe dominicale. R\u00e9cit d&rsquo;une messe de rentr\u00e9e tr\u00e8s chaleureuse &#8230; <\/div>\n<div align=\"justify\">C&rsquo;est avec une grande solennit\u00e9 que le p\u00e8re Aim\u00e9 a accueilli l&rsquo;ensemble de la communaut\u00e9 paroissiale du secteur et plus particuli\u00e8rement tous les enfants de la Cat\u00e9ch\u00e8se qui ont repris depuis peu, le chemin des s\u00e9ances du cat\u00e9 pour cheminer dans les pas de J\u00e9sus. Il a souhait\u00e9 \u00e9galement la bienvenue \u00e0 des nouveaux \u00ab entrants \u00bb dans la communaut\u00e9 chr\u00e9tienne, 3 enfants, Ama\u00eblle, Romane et Rapha\u00ebl , qui seront baptis\u00e9s apr\u00e8s la messe.<\/p>\n<div align=\"center\"><img decoding=\"async\" src=\"\/IMG\/jpg\/Feuille_de_messe-1.jpg\" width=350><\/div>\n<p> A tous, le p\u00e8re Aim\u00e9 proclame \u00ab Joyeux courage pour la mission \u00bb, reprenant l&rsquo;expression si ch\u00e8re au P\u00e8re Philippe Legrand, notre pr\u00eatre r\u00e9f\u00e9rent, absent mais excus\u00e9 car engag\u00e9 \u00e0 une autre c\u00e9l\u00e9bration.<br \/>\n Dans un premier temps eut lieu la pr\u00e9sentation des futurs baptis\u00e9s, accompagn\u00e9s de leurs parents, parrain et marraine puis le c\u00e9l\u00e9brant fit le signe de croix sur leur jeune front.<\/p>\n<div align=\"center\"><img decoding=\"async\" src=\"\/IMG\/jpg\/Baptises-1.jpg\" width=400><\/div>\n<p> Les enfants de 1\u00e8re ann\u00e9e de cat\u00e9chisme ont ensuite \u00e9t\u00e9 appel\u00e9s, l&rsquo;un apr\u00e8s l&rsquo;autre, \u00e0 l&rsquo;\u00e9nonc\u00e9 de leur pr\u00e9nom, pour recevoir des mains d&rsquo;Anne-Marie, cat\u00e9chiste,  leur livret qui va les accompagner tout le long de leur parcours de foi cette ann\u00e9e.  <\/p>\n<div align=\"center\"><img decoding=\"async\" src=\"\/IMG\/jpg\/Livret-1.jpg\" width=350><\/div>\n<p> L&rsquo;hom\u00e9lie du p\u00e8re Aim\u00e9 porta surtout sur la r\u00e9ponse que chacun doit donner \u00e0 l&rsquo;invitation de Dieu, en regard de l&rsquo;Evangile du jour, Matthieu 22-1\/14. \u00ab Allez donc aux crois\u00e9es des chemins : tous ceux que vous rencontrerez, invitez-les au repas de noces \u00bb.  Si Dieu nous invite et qu&rsquo;on ne vient pas, Dieu peut avoir des raisons d&rsquo;\u00eatre m\u00e9content. Si \u00e0 l&rsquo;occasion du repas pour f\u00eater les baptis\u00e9s du jour, les invit\u00e9s daignent ne pas venir, les parents du petit enfant peuvent ressentir une profonde tristesse \u00e2\u20ac\u00a6 Car le repas de Dieu, c&rsquo;est un repas pour l&rsquo;\u00e9ternit\u00e9 ! Il faut sans cesse chercher le royaume de Dieu, m\u00eame dans les plus petits d\u00e9tails.<br \/>\n Le refrain du chant de communion reprenait cet encouragement \u00e0 venir au festin, \u00e0 renouveler chaque dimanche notre rencontre avec  J\u00e9sus : <\/p>\n<p> La Sagesse a dress\u00e9 une table<br \/>\n Elle invite les hommes au festin<br \/>\n Venez au banquet du Fils de l&rsquo;Homme<br \/>\n Mangez et buvez la P\u00e2que de Dieu.  <\/p>\n<div align=\"center\"><img decoding=\"async\" src=\"\/IMG\/jpg\/Musique-1.jpg\" width=400><\/div>\n<p> A la fin de la messe, le p\u00e8re Aim\u00e9 a b\u00e9ni toutes les cat\u00e9chistes et les a envoy\u00e9es en mission aupr\u00e8s de tous ces enfants, pour qu&rsquo;ils rencontrent le P\u00e8re. Un grand merci \u00e0 ces passeurs de foi.<\/p>\n<div align=\"center\"><img decoding=\"async\" src=\"\/IMG\/jpg\/Enfants-1.jpg\" width=400><\/div>\n<p> Une belle messe de rentr\u00e9e, dans une \u00e9glise St Georges pleine, mais qui doit donner \u00e0 chacun la soif de revenir et d&rsquo;y re-entrer, tout le long de l&rsquo;ann\u00e9e pour rendre gr\u00e2ce \u00e0 Dieu et  &#8211; \u00abcomme \u00e0 l&rsquo;\u00e9cole \u00bb  lorsque on a soif d&rsquo;apprendre  pour apprendre ou r\u00e9apprendre \u00e0 prier. D&rsquo;ailleurs, la premi\u00e8re partie du refrain de la pri\u00e8re universelle du jour  nous y conviait : \u00ab Apprends-nous Seigneur, \u00e0 Te choisir tous les jours \u00bb\n<\/p><\/div>\n","protected":false},"excerpt":{"rendered":"<p>Un mois apr\u00e8s la rentr\u00e9e scolaire, ce dimanche fut l&rsquo;occasion d&rsquo;une autre rentr\u00e9e, celle de la communaut\u00e9 paroissiale des Trois Clochers (Cr\u00e9cy la Chapelle \u201c Villiers sur Morin &#8211; Voulangis), \u00e0\u00a0 l&rsquo;occasion de la&#46;&#46;&#46;<\/p>\n","protected":false},"author":2,"featured_media":0,"comment_status":"open","ping_status":"open","sticky":false,"template":"","format":"standard","meta":{"footnotes":""},"categories":[],"tags":[],"class_list":["post-401","post","type-post","status-publish","format-standard","hentry"],"_links":{"self":[{"href":"http:\/\/www.chapelle-crecy.com\/index.php?rest_route=\/wp\/v2\/posts\/401","targetHints":{"allow":["GET"]}}],"collection":[{"href":"http:\/\/www.chapelle-crecy.com\/index.php?rest_route=\/wp\/v2\/posts"}],"about":[{"href":"http:\/\/www.chapelle-crecy.com\/index.php?rest_route=\/wp\/v2\/types\/post"}],"author":[{"embeddable":true,"href":"http:\/\/www.chapelle-crecy.com\/index.php?rest_route=\/wp\/v2\/users\/2"}],"replies":[{"embeddable":true,"href":"http:\/\/www.chapelle-crecy.com\/index.php?rest_route=%2Fwp%2Fv2%2Fcomments&post=401"}],"version-history":[{"count":0,"href":"http:\/\/www.chapelle-crecy.com\/index.php?rest_route=\/wp\/v2\/posts\/401\/revisions"}],"wp:attachment":[{"href":"http:\/\/www.chapelle-crecy.com\/index.php?rest_route=%2Fwp%2Fv2%2Fmedia&parent=401"}],"wp:term":[{"taxonomy":"category","embeddable":true,"href":"http:\/\/www.chapelle-crecy.com\/index.php?rest_route=%2Fwp%2Fv2%2Fcategories&post=401"},{"taxonomy":"post_tag","embeddable":true,"href":"http:\/\/www.chapelle-crecy.com\/index.php?rest_route=%2Fwp%2Fv2%2Ftags&post=401"}],"curies":[{"name":"wp","href":"https:\/\/api.w.org\/{rel}","templated":true}]}}