{"id":402,"date":"2011-11-04T20:00:00","date_gmt":"2011-11-04T20:00:00","guid":{"rendered":""},"modified":"-0001-11-30T00:00:00","modified_gmt":"-0001-11-29T22:00:00","slug":"","status":"publish","type":"post","link":"http:\/\/www.chapelle-crecy.com\/?p=402","title":{"rendered":"Inauguration du nouveau local du Secours Catholique de Cr\u00e9cy"},"content":{"rendered":"<div align=\"justify\">C&rsquo;est dans une ambiance chaleureuse et conviviale qu&rsquo;a eu lieu, le 14 octobre 2011 en fin d&rsquo;apr\u00e8s-midi, l&rsquo;inauguration du nouveau local du Secours Catholique \u00e0\u00a0 Cr\u00e9cy-la-Chapelle, au 45 rue du G\u00e9n\u00e9ral Leclerc. <br \/>Veuillez noter dans vos agendas, que la prochaine op\u00e9ration \u00ab\u00a0Bo\u00eetes pour Partager\u00a0\u00bb organis\u00e9e par le Secours Catholique aura lieu le 5 novembre 2011 devant les magasins d&rsquo;Intermarch\u00e9 et Carrefour City de Cr\u00e9cy.<\/div>\n<div align=\"justify\">En attendant la venue du P\u00e8re Philippe Legrand, notre cur\u00e9 de p\u00f4le missionnaire de Meaux, qui est aussi notre pr\u00eatre r\u00e9f\u00e9rent du secteur de Cr\u00e9cy la Chapelle- Villiers-Voulangis, nous avons visit\u00e9 les pi\u00e8ces du nouveau local.<\/p>\n<div align=\"center\"><img decoding=\"async\" src=\"\/IMG\/jpg\/IMGP1921-1.jpg\" width=450><\/div>\n<p><\/p>\n<div align=\"center\"><img decoding=\"async\" src=\"\/IMG\/jpg\/IMGP1923-1.jpg\" width=450><\/div>\n<p>\nP\u00e8re Philippe arrive avec un visage rayonnant comme \u00e0 son habitude et nous dit qu&rsquo;il est heureux de b\u00e9nir le local et qu&rsquo;il est important d&rsquo;accueillir ceux qui franchiront son seuil.<\/p>\n<div align=\"center\"><img decoding=\"async\" src=\"\/IMG\/jpg\/IMGP1926-1.jpg\" width=450><\/div>\n<p><\/p>\n<div align=\"center\"><img decoding=\"async\" src=\"\/IMG\/jpg\/IMGP1928-1.jpg\" width=450><\/div>\n<p><\/p>\n<p>Apr\u00e8s avoir lu les versets 31-46 dans Matthieu 25, texte de la Bible tr\u00e8s appropri\u00e9 en la circonstance, (\u00ab Car j&rsquo;ai eu faim et vous m&rsquo;avez donn\u00e9 \u00e0 manger \u00bb), le P\u00e8re Philippe insiste sur le fait que dans une communaut\u00e9 humaine, le pilier c&rsquo;est la solidarit\u00e9 ; et au sein d&rsquo;une communaut\u00e9 paroissiale, il y a trois dimensions importantes :<br \/>\n&#8211; le service aux plus petits et aux plus pauvres<br \/>\n&#8211; l&rsquo;annonce de  la foi<br \/>\n&#8211; la pri\u00e8re<\/p>\n<div align=\"center\"><img decoding=\"async\" src=\"\/IMG\/jpg\/IMGP1930.jpg\" width=450><\/div>\n<p> <\/p>\n<div align=\"center\"><img decoding=\"async\" src=\"\/IMG\/jpg\/Lecture.jpg\" width=450><\/div>\n<p> <br \/>\nP\u00e8re Philippe remercie tous  ceux qui ont oeuvr\u00e9 \u00e0 la mise en place de cette nouvelle antenne du Secours Catholique.<\/p>\n<p>Monsieur le S\u00e9nateur-Maire M. Houel  et Mme Autenzio Christine, adjointe charg\u00e9 des affaires sociales sont ensuite arriv\u00e9s. Mme Autenzio a pr\u00e9cis\u00e9 que M. Houel a plusieurs fois rappel\u00e9 l&rsquo;importance d&rsquo;agir pour les personnes les plus d\u00e9favoris\u00e9es, elle a insist\u00e9 sur le tr\u00e8s \u00e9troit travail de collaboration qui existe entre les services de la Mairie et le Secours Catholique et a souhait\u00e9 que cette collaboration soit toujours b\u00e9n\u00e9fique pour les personnes en difficult\u00e9. Elle a remerci\u00e9 pour leur action les responsables locaux du Secours Catholique.<\/p>\n<p>Evelyne, responsable de l&rsquo;\u00e9quipe des lieux, a lors pris la parole pour refaire l&rsquo;historique du chemin parcouru jusqu&rsquo;\u00e0 aujourd&rsquo;hui  :<\/p>\n<div align=\"center\"><img decoding=\"async\" src=\"\/IMG\/jpg\/IMGP1942.jpg\" width=450><\/div>\n<p> <\/p>\n<p>Une \u00e9quipe en chemin<\/p>\n<p>Rappel historique <\/p>\n<p> 2005 :<br \/>\n Lucien et Ren\u00e9e Gorret que tout le monde conna \u00eet \u00e0 Cr\u00e9cy, d\u00e9cident apr\u00e8s de nombreuses ann\u00e9es de service, de passer la main pour  l&rsquo;organisation annuelle de r\u00e9colte de bo \u00eetes de conserves, produits alimentaires et d&rsquo;hygi\u00e8ne \u00e0 destination de plus d\u00e9munis d&rsquo;entre nous. Ils ont beaucoup donn\u00e9 et sont pour moi de belles pierres vivantes, fraternelles et solidaires de notre commune et de notre secteur paroissial. Je voulais leur rendre cet hommage et leur dire un grand merci! Mais cette action de Car\u00eame ne pouvait s&rsquo;arr\u00eatait comme cela. Je d\u00e9cide donc de prendre le relais avec d&rsquo;autres : Brigitte, Genevi\u00e8ve, Gabriel, Marie-Christine et Christiane ; nous continuerons l&rsquo;op\u00e9ration des \u00ab  bo \u00eetes pour partager \u00bb aux sorties des magasins de Cr\u00e9cy, avec le soutien ind\u00e9fectible et joyeux de Jo\u00ebl et de Pierre, et nous commen\u00e7ons \u00e0  r\u00e9fl\u00e9chir sur la cr\u00e9ation d&rsquo;une v\u00e9ritable antenne du Secours Catholique. <\/p>\n<div align=\"center\"><img decoding=\"async\" src=\"\/IMG\/jpg\/Boites_a_partager-1.jpg\" width=450><\/div>\n<p> <\/p>\n<div align=\"center\"><img decoding=\"async\" src=\"\/IMG\/jpg\/collecte_secours_catholique-1.jpg\" width=450><\/div>\n<p> <\/p>\n<p> 2006 :<br \/>\n Mme Autenzio et Mr Letissier r\u00e9pondent pr\u00e9sents pour nous aider. Ensemble nous faisons le point sur les besoins et la mani\u00e8re de parvenir \u00e0 am\u00e9liorer le sort des familles, des enfants en difficult\u00e9s et des personnes les plus fragiles.<br \/>\n Nous commen\u00e7ons \u00e0 faire du soutien scolaire en lien avec l&rsquo;\u00e9cole de \u00ab  l&rsquo;Eau vive \u00bb dans les locaux du presbyt\u00e8re, mais ce n&rsquo;\u00e9tait pas id\u00e9al pour avoir l&rsquo;accueil dont nous r\u00eavions. Il nous fallait trouver une solution.<br \/>\n Premier local au sous-sol du presbyt\u00e8re<\/p>\n<p> MAI 2007 :<br \/>\n Nous d\u00e9cidons de remettre en \u00e9tat une belle pi\u00e8ce situ\u00e9e au sous- sol du presbyt\u00e8re. Avec l&rsquo;accord de l&rsquo;EAP (Equipe d&rsquo;Animation Pastorale) , nous d\u00e9blayons le bric-\u00e0-brac existant, nous lessivons avec Brigitte. G\u00e9rard, Gabriel, Jean-Michel et Edwige viendront nous aider \u00e0 poncer et peindre ce local pour le rendre un peu plus accueillant. Je remercie toutes ces personnes ainsi qu&rsquo;Eliane pour ses talents de couturi\u00e8re, qui ont permis d&rsquo;habiller nos petites fen\u00eatres et ainsi  rendre cet endroit plus chaleureux.<\/p>\n<div align=\"center\"><img decoding=\"async\" src=\"\/IMG\/jpg\/Ancien__local-1.jpg\" width=450><\/div>\n<p> <br \/>\n Nous commen\u00e7ons par deux permanences, le lundi apr\u00e8s-midi et le samedi matin. Je reste en lien avec les services sociaux de la mairie, en la personne de Mme SEURE qui me confie les personnes en difficult\u00e9s pouvant b\u00e9n\u00e9ficier de notre soutien.<\/p>\n<p> Compl\u00e8tement novices dans le domaine de soutien social, nous nous initions bien entendu, gr\u00e2ce aux formations propos\u00e9es par la d\u00e9l\u00e9gation de Meaux. C&rsquo;est avec notre bonne volont\u00e9 et  tout notre coeur mais aussi  avec quelques comp\u00e9tences tout de m\u00eame dans certains domaines que nous fonctionnons.<\/p>\n<p> C&rsquo;est ainsi que semaines apr\u00e8s semaines, nous apprenons aussi sur le tas comme l&rsquo;on dit, comment g\u00e9rer nos \u00e9motions, dialoguer avec des personnes tr\u00e8s diff\u00e9rentes, comment rep\u00e9rer les vraies situations de pr\u00e9carit\u00e9 et celles qui ne rel\u00e8vent pas du social. Cette distinction n&rsquo;est pas tout de suite \u00e9vidente. Nous d\u00e9couvrons un monde de grande solitude et de fragilit\u00e9s, une soci\u00e9t\u00e9 qui ne sait plus comment appr\u00e9hender toutes ces situations qui nous paraissent bien des fois inextricables. Nombres de femmes seules souvent d\u00e9munies \u00e0 tout point de vue n&rsquo;arrivent plus \u00e0 faire face aux factures, \u00e0 l&rsquo;\u00e9ducation, aux repas que l&rsquo;on a plus envie de pr\u00e9parer, aux enfants qui se d\u00e9scolarisent, \u00e0 la violence, \u00e0 la maladie qui se rajoute quelque fois\u00e2\u20ac\u00a6<\/p>\n<p>Une bonne \u00e9coute et la construction d&rsquo;un lien amical est une premi\u00e8re bou\u00e9e de sauvetage.<\/p>\n<p> Un bilan de la situation \u00e0 effectuer dans la confiance, des cl\u00e9s \u00e0 trouver ensemble pour sortir la t\u00eate de l&rsquo;eau, voil\u00e0 notre premier travail. Toutes ses situations de pr\u00e9carit\u00e9s sont dures \u00e0 vivre, faire la d\u00e9marche de venir frapper \u00e0 notre porte lorsque l&rsquo;on ne voit plus de solution est un pas qui co\u00fbte \u00e9norm\u00e9ment, surtout pour un homme, mais voir un sourire appara \u00eetre sur un visage ferm\u00e9 \u00e0 double tour, voir un dos qui se redresse, une t\u00eate qui se rel\u00e8ve, voil\u00e0 notre joie et notre raison d&rsquo;\u00eatre.<\/p>\n<p>Le probl\u00e8me du logement est crucial aujourd&rsquo;hui. Avec les situations de familles recompos\u00e9es, il y a deux fois plus de besoin et le march\u00e9 de l&rsquo;immobilier \u00e0 loyer mod\u00e9r\u00e9 fait extr\u00eamement d\u00e9faut partout. \u00abPas de logement, pas de travail et pas de travail, pas de logement !\u00bb<br \/>\nNous avan\u00e7ons pendant trois ann\u00e9es, l&rsquo;\u00e9quipe s&rsquo;agrandit, Colette, Annie, Maria, Monique, puis Fran\u00e7oise et Isabelle nous rejoignent, chacune avec leurs talents et leur bonne humeur. <\/p>\n<p> Nous essayons de mettre en route des cours de cuisine visant \u00e0  apprendre \u00e0 s&rsquo;organiser, \u00e0 g\u00e9rer un budget,  \u00e0 redonner aux mamans le go\u00fbt de faire un bon repas peu co\u00fbteux et bien s\u00fbr de cuisiner avec des produits frais. Mr Houel nous ayant accord\u00e9 l&rsquo;utilisation de la cuisine de la salle des f\u00eates nous d\u00e9marrons nos cours, mais les mamans ont du mal \u00e0 sortir de chez elle. L&rsquo;enfermement, le repli sur soi est aussi une cons\u00e9quence de la pr\u00e9carit\u00e9. Aussi, apr\u00e8s quelques essais, nous arr\u00eatons l&rsquo;activit\u00e9 et nous la reprendrons en d\u00e9cembre 2011 autour de recettes de No\u00ebl. Trouver un vrai local, afin de recevoir les personnes de fa\u00e7on individuelle, stocker les produits alimentaires, devient indispensable. <br \/>\n Enfin, une vraie belle maison !<\/p>\n<div align=\"center\"><img decoding=\"async\" src=\"\/IMG\/jpg\/plaquette.jpg\" width=350><\/div>\n<p> <\/p>\n<p>  Fin 2010 :<br \/>\n La providence aidant, nous avons l&rsquo;occasion de louer un appartement en plein centre de Cr\u00e9cy. Apr\u00e8s avoir eu l&rsquo;accord de la d\u00e9l\u00e9gation nous voil\u00e0 une nouvelle fois dans le lessivage, la peinture et l&rsquo;am\u00e9nagement int\u00e9rieur. Quatre b\u00e9n\u00e9voles nous quittent pour des raisons d&rsquo;\u00e9loignement et deux autres  se pr\u00e9sentent en cette fin 2011, Alain avec ses qualit\u00e9s de bricoleur ainsi qu&rsquo;une seconde Isabelle dont l&rsquo;exp\u00e9rience dans le domaine social nous sera tr\u00e8s pr\u00e9cieuse.<\/p>\n<div align=\"center\"><img decoding=\"async\" src=\"\/IMG\/jpg\/IMGP1939.jpg\" width=300><\/div>\n<p> <\/p>\n<p> Fin 2011 :<br \/>\n Nous sommes aujourd&rsquo;hui onze b\u00e9n\u00e9voles, heureux de pouvoir accueillir et de suivre des familles, des hommes et des femmes vivant seuls, dans un local chaleureux. Nous prenons avec eux le temps de faire connaissance, d&rsquo;\u00e9tablir une relation de confiance et de voir ensuite comment cheminer ensemble vers une issue favorable, l&rsquo;assistanat n&rsquo;\u00e9tant pas du tout notre but.<br \/>\n MERCIS<br \/>\nJe remercie toute l&rsquo;\u00e9quipe pour leur travail, leur enthousiasme au service des plus fragiles d&rsquo;entre nous. L&rsquo;aide alimentaire, l&rsquo;aide financi\u00e8re ponctuelle apr\u00e8s \u00e9tude du dossier, le soutien scolaire, l&rsquo;alphab\u00e9tisation, voil\u00e0 pour l&rsquo;instant nos priorit\u00e9s et les projets sont nombreux Je tiens \u00e0 remercier Mr et Mme Migette de l&rsquo;association l&rsquo;Entraide ainsi que Mme Huyghe de la Croix Rouge pr\u00e9sente aussi sur notre secteur,  pour leur aide constante et fraternelle.<br \/>\nPas de concurrence dans ce domaine, nous oeuvrons tous pour un monde plus juste et  plus digne.<br \/>\nMerci \u00e0 tous nos donateurs connus et inconnus ainsi que nos futurs donateurs. C&rsquo;est avec plaisir que nous accueillerons d&rsquo;autres b\u00e9n\u00e9voles, n&rsquo;h\u00e9sitez pas \u00e0 nous contacter ! Merci \u00e0 Mr Houel et aux diff\u00e9rents adjoints et conseill\u00e9s municipaux pr\u00e9sents \u00e0 l&rsquo;inauguration du 14 octobre dernier, merci pour leur soutien, et le travail d&rsquo;\u00e9quipe que nous continuerons \u00e0 faire en vue d&rsquo;am\u00e9liorer le sort des plus faibles d&rsquo;entre nous. <\/p>\n<p> Nous tenons aussi \u00e0 remercier aussi le p\u00e8re Philippe Legrand pour la belle c\u00e9l\u00e9bration de b\u00e9n\u00e9diction de notre nouveau local et l&rsquo;envoi en mission de toute l&rsquo;\u00e9quipe, en pr\u00e9sence de Mme Giovanna Brunet notre pr\u00e9sidente :\u00ab  ce que vous avez fait aux plus petits d&rsquo;entre les miens, c&rsquo;est \u00e0 moi que vous l&rsquo;avez fait \u00bb  dit J\u00e9sus en Mt 25,40<br \/>\n Evelyne <\/p>\n<div align=\"center\"><img decoding=\"async\" src=\"\/IMG\/jpg\/IMGP1931.jpg\" width=350><\/div>\n<p> <\/p>\n<p>C&rsquo;est autour d&rsquo;un pot de l&rsquo;amiti\u00e9 que nous avons pu \u00e9changer et faire connaissance avec de nouvelles personnes, les responsables des autres secteurs et ceux de notre secteur.<\/p>\n<div align=\"center\"><img decoding=\"async\" src=\"\/IMG\/jpg\/IMGP1934.jpg\" width=350><\/div>\n<p> <\/p>\n<div align=\"center\"><img decoding=\"async\" src=\"\/IMG\/jpg\/IMGP1933.jpg\" width=350><\/div>\n<p> <\/p>\n<p> Nos permanences sont actuellement : le lundi de 15h \u00e0 17h30 et le samedi de 9h30 \u00e0 12h.<br \/>\nPas de permanence pendant les vacances scolaires et le mois d&rsquo;ao\u00fbt.<br \/>\nVous pouvez nous laisser un message sur le 01 75 78 38 63 ou par courriel : sc77.crecy@sfr.fr<\/p>\n<p> responsable de l&rsquo;\u00e9quipe, Evelyne Reydel ,<br \/>\n T\u00e9l: 06 13 62 01 66 <\/p>\n<div align=\"center\"><img decoding=\"async\" src=\"\/IMG\/jpg\/IMGP1940-1.jpg\" width=350><\/div>\n<p> <\/p>\n<p>EVELYNE et LAURENCE\n<\/p><\/div>\n","protected":false},"excerpt":{"rendered":"<p>C&rsquo;est dans une ambiance chaleureuse et conviviale qu&rsquo;a eu lieu, le 14 octobre 2011 en fin d&rsquo;apr\u00e8s-midi, l&rsquo;inauguration du nouveau local du Secours Catholique \u00e0\u00a0 Cr\u00e9cy-la-Chapelle, au 45 rue du G\u00e9n\u00e9ral Leclerc. Veuillez noter&#46;&#46;&#46;<\/p>\n","protected":false},"author":2,"featured_media":0,"comment_status":"open","ping_status":"open","sticky":false,"template":"","format":"standard","meta":{"footnotes":""},"categories":[],"tags":[],"class_list":["post-402","post","type-post","status-publish","format-standard","hentry"],"_links":{"self":[{"href":"http:\/\/www.chapelle-crecy.com\/index.php?rest_route=\/wp\/v2\/posts\/402","targetHints":{"allow":["GET"]}}],"collection":[{"href":"http:\/\/www.chapelle-crecy.com\/index.php?rest_route=\/wp\/v2\/posts"}],"about":[{"href":"http:\/\/www.chapelle-crecy.com\/index.php?rest_route=\/wp\/v2\/types\/post"}],"author":[{"embeddable":true,"href":"http:\/\/www.chapelle-crecy.com\/index.php?rest_route=\/wp\/v2\/users\/2"}],"replies":[{"embeddable":true,"href":"http:\/\/www.chapelle-crecy.com\/index.php?rest_route=%2Fwp%2Fv2%2Fcomments&post=402"}],"version-history":[{"count":0,"href":"http:\/\/www.chapelle-crecy.com\/index.php?rest_route=\/wp\/v2\/posts\/402\/revisions"}],"wp:attachment":[{"href":"http:\/\/www.chapelle-crecy.com\/index.php?rest_route=%2Fwp%2Fv2%2Fmedia&parent=402"}],"wp:term":[{"taxonomy":"category","embeddable":true,"href":"http:\/\/www.chapelle-crecy.com\/index.php?rest_route=%2Fwp%2Fv2%2Fcategories&post=402"},{"taxonomy":"post_tag","embeddable":true,"href":"http:\/\/www.chapelle-crecy.com\/index.php?rest_route=%2Fwp%2Fv2%2Ftags&post=402"}],"curies":[{"name":"wp","href":"https:\/\/api.w.org\/{rel}","templated":true}]}}