{"id":403,"date":"2011-10-14T13:30:30","date_gmt":"2011-10-14T13:30:30","guid":{"rendered":""},"modified":"-0001-11-30T00:00:00","modified_gmt":"-0001-11-29T22:00:00","slug":"","status":"publish","type":"post","link":"http:\/\/www.chapelle-crecy.com\/?p=403","title":{"rendered":"Exposition exceptionnelle \u00e0\u00a0 la Coll\u00e9giale de Cr\u00e9cy du 14 au 16 octobre"},"content":{"rendered":"<div align=\"justify\">La paroisse de Cr\u00e9cy-la-Chapelle est heureuse d&rsquo;accueillir dans la Coll\u00e9giale Notre-Dame de l&rsquo;Assomption, l&rsquo;exposition des m\u00e9tiers d&rsquo;art propos\u00e9e par Michel Lyon, pr\u00e9sident de l&rsquo;Association l&rsquo;Eveil Par l&rsquo;Outil. Voici le programme:<br \/>\nL&rsquo;horaire d&rsquo;ouverture est de 10h \u00e0\u00a0 18h sans interruption, les 14,15 et 16 octobre.<br \/>\nUne visite des \u00e9l\u00e8ves de troisi\u00e8me du Coll\u00e8ge de Cr\u00e9cy est pr\u00e9vue le Vendredi \u00e0\u00a0 12h30 et une autre des \u00e9l\u00e8ves du Gu\u00e9 \u00e0\u00a0 Tresme dans la journ\u00e9e.<br \/>\nConf\u00e9rence : Samedi de 16h \u00e0\u00a0 18h<br \/>\nLa messe sera c\u00e9l\u00e9br\u00e9e dimanche de 11h \u00e0\u00a0 12h. Venez nombreux prier pour les b tisseurs de notre Coll\u00e9giale.\n<\/div>\n<div align=\"center\"><img decoding=\"async\" src=\"\/IMG\/jpg\/20110720-Comp-Affiche-1.jpg\" width=450><\/div>\n<p> BOISSE Julien Ciseleur                          Saint Germain sur Morin<br \/>\n BOSSARD Laeticia Tapisserie d&rsquo;ameublement   Cr\u00e9cy la Chapelle<br \/>\n COOKE Alasdair Mobilier contemporain Cr\u00e9cy la Chapelle<br \/>\n CUIRALYS Sellier harnacheur Cr\u00e9cy la Chapelle<br \/>\n DAMOISEAU Bertrand Les Emaux de la Fontaine Cr\u00e9cy la Chapelle<br \/>\n de FELICE Martine Sculpteur statuaire Cr\u00e9cy la Chapelle<br \/>\n DOMBRECH Florence Restauration Dorure Ozouer le Voulgis<br \/>\n GINGRAS Colette Restauration tableaux Coutevroult<br \/>\n HUBERT Sylvette L&rsquo;Atelier du Papier Dammartin sur Tigeaux<br \/>\n LECUYER Alain Vitrail Annet sur Marne<br \/>\n MAZOYER V\u00e9ronique   Restauration meubles Epaux Bezu<br \/>\n REVEL Eric Ferronnier   Cr\u00e9cy la Chapelle<\/p>\n<div align=\"center\"><img decoding=\"async\" src=\"\/IMG\/jpg\/Stefansen-1.jpg\" width=450><\/div>\n<p> Meilleurs ouvriers de France:<\/p>\n<p> BROSSAS Vincent Staffeur Ornemaniste<br \/>\n  CARPENTIER  Julien Staffeur   Meaux<br \/>\n PHILIPPIN Jo\u00ebl Marqueteur Ebeniste Cr\u00e9cy la Chapelle<br \/>\n CANTALEJO Patrice Tisserand Villenauxe la Petite<\/p>\n<div align=\"center\"><img decoding=\"async\" src=\"\/IMG\/jpg\/compagnonage_2011b.jpg\" width=550><\/div>\n<div align=\"center\"><img decoding=\"async\" src=\"\/IMG\/jpg\/Lyon.jpg\" width=600><\/div>\n<p> D&rsquo;autres photos de l&rsquo;\u00e9v\u00e8nement sont disponible sur le site [http:\/\/www.brionautes.com->www.brionautes.com]<\/p>\n<p> Historique de la Coll\u00e9giale Notre-Dame de l&rsquo;Assomption<\/p>\n<p> Les origines<\/p>\n<div align=\"justify\">On trouve trace du site de Cr\u00e9cy dans les chroniques de Fregedaire au<br \/>\nVII\u00e8me si\u00e8cle sous le nom de Criscecus. Ce site, avant de constituer le Cr\u00e9cy d&rsquo;aujourd&rsquo;hui, regroupait plusieurs hameaux, dont Saint Martin-des-Champs, qui abritait un prieur\u00e9 et Vignoly (\u00ab pays des vignes \u00bb), constitu\u00e9 au Moyen Age d&rsquo;une place forte, bien plac\u00e9e sur un axe routier gallo-romain et autour duquel s&rsquo;install\u00e8rent quelques maisons.<\/p>\n<p> A l&rsquo;origine (IX\u00e8me si\u00e8cle) simple oratoire du ch\u00e2teau fort d\u00e9di\u00e9 \u00e0 Notre Dame, elle fut  \u00e9rig\u00e9e en chapelle par l&rsquo;\u00e9v\u00eaque de Meaux Manass\u00e8s II (1134-1158). Elle servait d&rsquo;appoint \u00e0 l&rsquo;\u00e9glise paroissiale de Saint Martin pour les solennit\u00e9s. D\u00e8s lors se d\u00e9veloppa le village connu sous le nom de Capella en 1172 avant de prendre le nom de \u00ab La Chapelle-sur-Cr\u00e9cy \u00bb, qu&rsquo;il garda jusqu&rsquo;au d\u00e9but du XX\u00e8me  si\u00e8cle.<\/p>\n<p> En d\u00e9cembre 1202, l&rsquo;\u00e9v\u00eaque de Meaux, Monseigneur Anseau \u00e9rigea la chapelle en \u00e9glise paroissiale et coll\u00e9giale et y installa six chanoines (1), nombre qui fut port\u00e9 \u00e0 huit par le seigneur Dreux de Ch\u00e2tillon qui fonda deux autres pr\u00e9bendes (2).<\/p>\n<p> Nous n&rsquo;avons pas de trace de la construction de l&rsquo;actuel \u00e9difice, mais elle se d\u00e9roula vraisemblablement de 1202 \u00e0 1250 \u00e0 la faveur d&rsquo;un d\u00e9veloppement important du village, situ\u00e9 \u00e0 la fronti\u00e8re du petit royaume de France d&rsquo;alors et du Comt\u00e9 de Champagne. Blanche de Navarre, r\u00e9gente de Thibault de 1201 \u00e0 1224, la dota richement avant que le mariage de Jeanne de Navarre \u00e0 Philippe le Bel en 1284 ne fut \u00e0 l&rsquo;origine du rattachement de la Champagne.<br \/>\n On pr\u00e9tend que la t\u00eate couronn\u00e9e de Jeanne orne la principale clef de vo\u00fbte au rond point du choeur.<\/p>\n<p> 1 : clerc coll\u00e9gial affect\u00e9 \u00e0 un lieu de culte<br \/>\n 2: part de biens pr\u00e9lev\u00e9e sur les revenus d&rsquo;une \u00e9glise et attribu\u00e9e \u00e0 la subsistance d&rsquo;un clerc<\/p>\n<p> Au fil du temps<br \/>\n L&rsquo;\u00e9glise eut \u00e0 souffrir, comme le ch\u00e2teau voisin, des ravages de la Guerre de Cent Ans, notamment \u00e0 la reddition de Cr\u00e9cy aux Anglais en 1421. Une tradition, que rien ne permet de confirmer, veut que les Anglais, apr\u00e8s l&rsquo;avoir incendi\u00e9e, particip\u00e8rent \u00e0 se reconstruction.<\/p>\n<p> Toujours est-il qu&rsquo;elle fut consacr\u00e9e  le 16 mai 1429 (certains ouvrages parlent du 29 juin 1428) par Jean de Briou, \u00e9v\u00eaque de Meaux,<br \/>\nle dimanche suivant l&rsquo;Ascension.<\/p>\n<p> Elle fut \u00e9pargn\u00e9e par les Guerres de Religion. C&rsquo;est \u00e0 cette \u00e9poque que les fen\u00eatres furent garnies de vitraux peints dont un reste datant de 1580 se trouvait encore au XIX\u00e8me si\u00e8cle dans la chapelle de la Vierge.<br \/>\n Son ennemi principal \u00e9tait la mont\u00e9e des eaux du Grand Morin aux<br \/>\nXVII\u00e8me et XVIII\u00e8me si\u00e8cles, amplifi\u00e9e par la multiplication des moulins.<br \/>\nEn 1641, il fallut poser dans la nef huit tirants de fer, qui y sont encore,<br \/>\nrehauss\u00e9 d&rsquo;environ deux m\u00e8tres au total en 1641, 1676 et 1730.<\/p>\n<p> Bossuet y pr\u00eacha le 28 octobre 1684 \u00e0 l&rsquo;occasion de la confirmation.<br \/>\nMalgr\u00e9 des subsides en baisse, des travaux importants d&rsquo;entretien furent r\u00e9alis\u00e9s au XVII\u00e8me si\u00e8cle par le prieur de Saint Martin-les-Voulangis et l&rsquo;abbesse de Pont-aux-Dames (Couilly). Au XVIII\u00e8me, on garnit le choeur et les absides des nefs lat\u00e9rales de boiseries massives qui disparurent en 1866 car peu appropri\u00e9es au lieu. D&rsquo;autres travaux de r\u00e9novation eurent lieu en 1785.<\/p>\n<div align=\"center\"><img decoding=\"async\" src=\"\/IMG\/jpg\/Comagnonage4.jpg\" width=450><br \/>Le P\u00e8re Philippe Legrand, \u00e0 la suite d&rsquo;une multitude de pr\u00eatres, dont Bossuet, pr\u00eache \u00e0 la Coll\u00e9giale<\/div>\n<p><\/p>\n<p> La R\u00e9volution, \u00e0 son tour, \u00e9pargna la coll\u00e9giale.<br \/>\nEn effet, au plus fort de la Terreur, la cloche sonnait, la messe et les<br \/>\nv\u00eapres y \u00e9taient chant\u00e9es tous les dimanches et jours de f\u00eates liturgiques, \u00e0 l&rsquo;initiative d&rsquo;un simple citoyen, Jean Rieux, relay\u00e9 \u00e0 sa mort par Jean Sequalais fils, &#8230; avec l&rsquo;aide du maire du hameau de F\u00e9rolles !<\/p>\n<p>Les temps modernes<br \/>\n Laiss\u00e9e \u00e0 l&rsquo;abandon de nombreuses ann\u00e9es, elle ne dut son salut qu&rsquo;au classement des Monuments Historiques en 1846 et aux travaux qui s&rsquo;ensuivirent au niveau de la toiture, des combles, du triforium3, puis du clocher et des arcs-boutants.<\/p>\n<p> Une autre campagne de travaux fut men\u00e9e de 1867 \u00e0 1870 pour restaurer  les crois\u00e9es sup\u00e9rieures de la grande nef qui mena\u00e7aient de s&rsquo;\u00e9crouler. De nouveau en 1895-96 les arches, le triforium et les vo\u00fbtes durent \u00eatre repris.<\/p>\n<p> De 1904 \u00e0 1911, les efforts se sont port\u00e9s sur la couverture du clocher, de la fl\u00e8che puis des nefs.<br \/>\nDans les ann\u00e9es 60, certaines vo\u00fbtes ont \u00e9galement \u00e9t\u00e9 reprises pour<br \/>\nEviter l&rsquo;\u00e9croulement. L&rsquo;humidit\u00e9 ne cesse de gagner si l&rsquo;on n&rsquo;y prend garde. Des parasites se d\u00e9veloppent, rongent les rev\u00eatements et les pierres, ce qui a occasionn\u00e9 r\u00e9cemment la fermeture de l&rsquo;\u00e9difice pour une restauration approfondie par des moyens modernes. Ces travaux sont maintenant termin\u00e9s, qui ont rendu toute leur splendeur \u00e0 notre patrimoine et vont permettre au public de le red\u00e9couvrir.<\/p>\n<p> Nous tenons \u00e0 remercier tout particuli\u00e8rement la biblioth\u00e8que dioc\u00e9saine de Meaux pour son aimable participation.<\/p>\n<p> Jean-Michel Kozlowski<\/p>\n<div align=\"center\"><img decoding=\"async\" src=\"\/IMG\/jpg\/comp06.jpg\" width=400><\/div>\n<p>La Coll\u00e9giale Notre-Dame de l&rsquo;Assomption et la culture.<\/p>\n<p> Utilisation d&rsquo;une \u00e9glise dans un but culturel<\/p>\n<p> La 2\u00e8me destination dite \u00ab culturelle  \u00bb est appliqu\u00e9e dans bon nombre<br \/>\nd&rsquo;\u00e9difices religieux. Il ne s&rsquo;agit pas de d\u00e9tourner une \u00e9glise de son usage premier: le culte.<br \/>\n Car bien que les \u00e9glises, \u00e9difi\u00e9es avant 1905, date de la s\u00e9paration<br \/>\nde l&rsquo;Eglise et de l&rsquo;Etat (loi du 9-12-1905), appartiennent aux<br \/>\ncommunes, chaque \u00e9v\u00each\u00e9 en garde l&rsquo;usage.<\/p>\n<p> L&rsquo;Eglise, qui en \u00e9tait propri\u00e9taire, a obtenu par cette loi d&rsquo;en \u00eatre<br \/>\nl&rsquo;affectataire : la jouissance de plein droit, gratuite, exclusive et<br \/>\npermanente pour le culte, et par la mise \u00e0 disposition de ses fid\u00e8les.<br \/>\nC&rsquo;est le cur\u00e9 et (ou) l&rsquo;EAP qui re\u00e7oivent de leur \u00e9v\u00eaque d\u00e9l\u00e9gation<br \/>\n\u00e0 g\u00e9rer les autres demandes et \u00e0 accorder les autorisations, apr\u00e8s<br \/>\nexamen.<\/p>\n<p> Pourquoi l&rsquo;Eglise permet cette utilisation ?<br \/>\n&#8211; Souvent les communes et les associations font un effort d&rsquo;animation<br \/>\n culturelle et les communaut\u00e9s chr\u00e9tiennes soutiennent cet \u00e9lan.<br \/>\n&#8211; Les municipalit\u00e9s en g\u00e9n\u00e9ral, participent financi\u00e8rement \u00e0 l&rsquo;entretien et aux  r\u00e9parations des \u00e9glises. Il est normal qu&rsquo;elles puissent en b\u00e9n\u00e9ficier. Bien entendu, il y a des dispositions, des r\u00e8gles \u00e0 respecter, pour avoir l&rsquo;assurance de la gratuit\u00e9 de la manifestation, du bon respect des lieux et de ce qu&rsquo;ils repr\u00e9sentent pour les croyants et aussi, de la parfaite remise en \u00e9tat des locaux.<\/p>\n<div align=\"center\"><img decoding=\"async\" src=\"\/IMG\/jpg\/comp01.jpg\" width=450><br \/>Le p\u00e8re Aym\u00e9 ouvre l&rsquo;exposition au nom du p\u00e8re Legrand<\/div>\n<p> Un protocole d&rsquo;accord \u00e0 signer<br \/>\n Pour ce faire, la commune ou l&rsquo;association doit faire une demande<br \/>\nexpresse \u00e0 l&rsquo;affectataire en temps utile, avant de lancer la manifestation.<br \/>\nUn document en double exemplaires sera alors rempli, comportant le<br \/>\nprogramme du concert et le caract\u00e8re de la manifestation artistique.<br \/>\nL&rsquo;organisateur devra recevoir l&rsquo;avis technique favorable du maire pour<br \/>\nce qui concerne la s\u00e9curit\u00e9 du b\u00e2timent communal. Le protocole, apr\u00e8s accord de l&rsquo;affectataire, sera sign\u00e9 par le responsable de l&rsquo;Association culturelle organisatrice. <\/p>\n<p> Lucien Gorret<\/p>\n<p> N.B.  pour la Paroisse des 3 Clochers, la demande \u00e9crite doit \u00eatre faite \u00e0 l&rsquo;E.A.P<br \/>\n Responsable, Christian Latieule  &#8211; Maison paroissiale, 1 place de l&rsquo;\u00e9glise \u00e0 Cr\u00e9cy.<\/p>\n<div align=\"center\"><img decoding=\"async\" src=\"\/IMG\/jpg\/comp02.jpg\" width=450><br \/> Devant les \u00e9lus<\/div>\n<div align=\"center\"><img decoding=\"async\" src=\"\/IMG\/jpg\/comp03.jpg\" width=450><br \/>Michel Lyon organisateur pendant son discours d&rsquo;inauguration<\/div>\n<div align=\"center\"><img decoding=\"async\" src=\"\/IMG\/jpg\/comp04.jpg\" width=450><br \/>M le Pr\u00e9vot des compagnons du devoir de Paris<\/div>\n<div align=\"center\"><img decoding=\"async\" src=\"\/IMG\/jpg\/comp05.jpg\" width=450><br \/>un public venu nombreux<\/div>\n<p> Pri\u00e8re Universelle lors de la Messe du Dimanche 16 octobre 2011<br \/>\n\u00e0 la Coll\u00e9giale (Exposition des M\u00e9tiers d&rsquo;Art)<\/p>\n<p> Peuple de louange, l&rsquo;Eglise est envoy\u00e9e \u00e0 tous les hommes. Pour tous ceux qui ont r\u00e9pondu \u00ab oui \u00bb \u00e0 l&rsquo;appel de l&rsquo;Esprit, et pour que d&rsquo;autres les rejoignent,<br \/>\n Nous te prions Seigneur ;<\/p>\n<p> A la t\u00eate de leurs pays, les grands de ce monde ont entre leurs mains, le destin des plus petits\u00e2\u20ac\u00a6 pour qu&rsquo;ils travaillent ensemble \u00e0 un juste partage des richesses,<br \/>\n Nous te prions Seigneur ;<\/p>\n<p> Seigneur regarde les compagnons et artisans que nous accueillons aujourd&rsquo;hui en cette Coll\u00e9giale, nous te rendons gr\u00e2ce pour l&rsquo;intelligence de la main et du regard que tu leur as confi\u00e9 et nous te prions pour qu&rsquo;ils aient toujours le souci de communiquer leur passion de la beaut\u00e9 artistique aux plus jeunes d&rsquo;entre nous.<\/p>\n<p> Seigneur, pour l&rsquo;\u00e9v\u00eaque de Meaux, Monseigneur Anseau qui \u00e9rigea cette chapelle en Coll\u00e9giale en 1202, pour les b\u00e2tisseurs, tous les artisans et professionnels (tailleurs de pierre, ma \u00eetres verriers, etc.) qui ont oeuvr\u00e9, au cours des si\u00e8cles, \u00e0 la construction et \u00e0 la restauration de ce superbe \u00e9difice, pour les Monuments Historiques et la Municipalit\u00e9 de Cr\u00e9cy soucieux de garder intacte, aujourd&rsquo;hui encore, cette Maison de Dieu, nous te prions. Nous tous ici, rassembl\u00e9s, paroissiens ou simples visiteurs, dans la confiance et dans la joie, mettons nos pas \u00e0 la suite de nos a \u00een\u00e9s pour devenir les Pierres Vivantes de ton Eglise.<br \/>\n Nous te prions Seigneur.<\/p>\n<div align=\"center\"><img decoding=\"async\" src=\"\/IMG\/jpg\/Compagnonage2.jpg\" width=450><br \/>la messe est c\u00e9l\u00e9br\u00e9e au coeur de l&rsquo;exposition<\/div>\n<p><\/p>\n<div align=\"center\"><img decoding=\"async\" src=\"\/IMG\/jpg\/Compagnonage3.jpg\" width=450><br \/>une assembl\u00e9e nombreuse tr\u00e8s recuieillie<\/div>\n<p><\/p>\n<div align=\"center\"><img decoding=\"async\" src=\"\/IMG\/jpg\/compagnonage1.jpg\" width=450><br \/>Pendant la c\u00e9r\u00e9monie de b\u00e9n\u00e9diction des artisans et des m\u00e9tiers d&rsquo;art, les visiteurs peuvent admirer les oeuvres expos\u00e9es<\/div>\n<p><\/p>\n<\/div>\n","protected":false},"excerpt":{"rendered":"<p>La paroisse de Cr\u00e9cy-la-Chapelle est heureuse d&rsquo;accueillir dans la Coll\u00e9giale Notre-Dame de l&rsquo;Assomption, l&rsquo;exposition des m\u00e9tiers d&rsquo;art propos\u00e9e par Michel Lyon, pr\u00e9sident de l&rsquo;Association l&rsquo;Eveil Par l&rsquo;Outil. Voici le programme: L&rsquo;horaire d&rsquo;ouverture est de&#46;&#46;&#46;<\/p>\n","protected":false},"author":2,"featured_media":0,"comment_status":"open","ping_status":"open","sticky":false,"template":"","format":"standard","meta":{"footnotes":""},"categories":[],"tags":[],"class_list":["post-403","post","type-post","status-publish","format-standard","hentry"],"_links":{"self":[{"href":"http:\/\/www.chapelle-crecy.com\/index.php?rest_route=\/wp\/v2\/posts\/403","targetHints":{"allow":["GET"]}}],"collection":[{"href":"http:\/\/www.chapelle-crecy.com\/index.php?rest_route=\/wp\/v2\/posts"}],"about":[{"href":"http:\/\/www.chapelle-crecy.com\/index.php?rest_route=\/wp\/v2\/types\/post"}],"author":[{"embeddable":true,"href":"http:\/\/www.chapelle-crecy.com\/index.php?rest_route=\/wp\/v2\/users\/2"}],"replies":[{"embeddable":true,"href":"http:\/\/www.chapelle-crecy.com\/index.php?rest_route=%2Fwp%2Fv2%2Fcomments&post=403"}],"version-history":[{"count":0,"href":"http:\/\/www.chapelle-crecy.com\/index.php?rest_route=\/wp\/v2\/posts\/403\/revisions"}],"wp:attachment":[{"href":"http:\/\/www.chapelle-crecy.com\/index.php?rest_route=%2Fwp%2Fv2%2Fmedia&parent=403"}],"wp:term":[{"taxonomy":"category","embeddable":true,"href":"http:\/\/www.chapelle-crecy.com\/index.php?rest_route=%2Fwp%2Fv2%2Fcategories&post=403"},{"taxonomy":"post_tag","embeddable":true,"href":"http:\/\/www.chapelle-crecy.com\/index.php?rest_route=%2Fwp%2Fv2%2Ftags&post=403"}],"curies":[{"name":"wp","href":"https:\/\/api.w.org\/{rel}","templated":true}]}}