{"id":405,"date":"2011-10-19T14:45:29","date_gmt":"2011-10-19T14:45:29","guid":{"rendered":""},"modified":"-0001-11-30T00:00:00","modified_gmt":"-0001-11-29T22:00:00","slug":"","status":"publish","type":"post","link":"http:\/\/www.chapelle-crecy.com\/?p=405","title":{"rendered":"Conf\u00e9rence du P\u00e8re Bruno Beltramelli"},"content":{"rendered":"<div style=\"text-align: justify;\">Pour c\u00e9l\u00e9brer les 50 ans du Concile<br \/>\nVatican II, la biblioth\u00e8que dioc\u00e9saine Guillaume Bri\u00e7onnet propose des moments de r\u00e9flexion, de partage.<br \/>\nVous \u00eates cordialement invit\u00e9s aux premi\u00e8res rencontres.<\/p>\n<div style=\"color: red;\" align=\"center\">Vatican II &#8211; Pr\u00e9sentation g\u00e9n\u00e9rale<\/div>\n<p>&#8211; Une rencontre \u00e0\u00a0 Meaux, le 20 octobre  2011, de 17h \u00e0\u00a0 19h<br \/>\nou de 20h30 \u00e0\u00a0 22h30 au 20, rue de Chaage &#8211; 77100 MEAUX<br \/>\n&#8211; Une rencontre \u00e0\u00a0 Melun, le vendredi 18 novembre  2011 de 14h \u00e0\u00a0 16h ou de 17h \u00e0\u00a0 19h au 4, place Notre-Dame &#8211; 77000 MELUN<br \/>\nMerci de r\u00e9server au 06 86 12 03 96, P\u00e8re Bruno Beltramelli\n<\/div>\n","protected":false},"excerpt":{"rendered":"<p>Pour c\u00e9l\u00e9brer les 50 ans du Concile Vatican II, la biblioth\u00e8que dioc\u00e9saine Guillaume Bri\u00e7onnet propose des moments de r\u00e9flexion, de partage. Vous \u00eates cordialement invit\u00e9s aux premi\u00e8res rencontres. Vatican II &#8211; Pr\u00e9sentation g\u00e9n\u00e9rale &#8211;&#46;&#46;&#46;<\/p>\n","protected":false},"author":2,"featured_media":0,"comment_status":"open","ping_status":"open","sticky":false,"template":"","format":"standard","meta":{"footnotes":""},"categories":[],"tags":[],"class_list":["post-405","post","type-post","status-publish","format-standard","hentry"],"_links":{"self":[{"href":"http:\/\/www.chapelle-crecy.com\/index.php?rest_route=\/wp\/v2\/posts\/405","targetHints":{"allow":["GET"]}}],"collection":[{"href":"http:\/\/www.chapelle-crecy.com\/index.php?rest_route=\/wp\/v2\/posts"}],"about":[{"href":"http:\/\/www.chapelle-crecy.com\/index.php?rest_route=\/wp\/v2\/types\/post"}],"author":[{"embeddable":true,"href":"http:\/\/www.chapelle-crecy.com\/index.php?rest_route=\/wp\/v2\/users\/2"}],"replies":[{"embeddable":true,"href":"http:\/\/www.chapelle-crecy.com\/index.php?rest_route=%2Fwp%2Fv2%2Fcomments&post=405"}],"version-history":[{"count":0,"href":"http:\/\/www.chapelle-crecy.com\/index.php?rest_route=\/wp\/v2\/posts\/405\/revisions"}],"wp:attachment":[{"href":"http:\/\/www.chapelle-crecy.com\/index.php?rest_route=%2Fwp%2Fv2%2Fmedia&parent=405"}],"wp:term":[{"taxonomy":"category","embeddable":true,"href":"http:\/\/www.chapelle-crecy.com\/index.php?rest_route=%2Fwp%2Fv2%2Fcategories&post=405"},{"taxonomy":"post_tag","embeddable":true,"href":"http:\/\/www.chapelle-crecy.com\/index.php?rest_route=%2Fwp%2Fv2%2Ftags&post=405"}],"curies":[{"name":"wp","href":"https:\/\/api.w.org\/{rel}","templated":true}]}}