{"id":406,"date":"2011-10-21T00:39:32","date_gmt":"2011-10-21T00:39:32","guid":{"rendered":""},"modified":"-0001-11-30T00:00:00","modified_gmt":"-0001-11-29T22:00:00","slug":"","status":"publish","type":"post","link":"http:\/\/www.chapelle-crecy.com\/?p=406","title":{"rendered":"Venez d\u00e9couvrir Franz Liszt \u00e0\u00a0 Paris le 23 octobre"},"content":{"rendered":"<div align=\"justify\">\u00ab\u00a0Enfant prodige, star du piano, compositeur g\u00e9nial, galant homme et grand de son si\u00e8cle Franz Liszt eut tout de ce que le monde vante : dons, beaut\u00e9, c\u00e9l\u00e9brit\u00e9, fortune D&rsquo;avoir poss\u00e9d\u00e9 tant de biens n&rsquo;\u00e9teignit pas pourtant en lui l&rsquo;aspiration religieuse qu&rsquo;il \u00e9prouva bien au contraire &#8230;\u00a0\u00bb Voici une pr\u00e9sentation rapide du musicologue Alain Galliari au sujet de ce pianiste virtuose hongrois, mis \u00e0\u00a0 l&rsquo;honneur \u00e0\u00a0 Notre-Dame de Lorette (Paris 9\u00e8me) , ce week-end du 22-23 octobre \u00e0\u00a0 16h. <\/div>\n<div align=\"justify\"><\/p>\n<div align=\"center\"><img decoding=\"async\" src=\"\/IMG\/jpg\/liszt.jpg\" width=450><\/div>\n<p>C&rsquo;est donc non loin de la rue Lafitte o\u00f9 logea Franz LISZT pendant une dizaine d&rsquo;ann\u00e9es que  Marie-Ange LEURENT-LEBRUN, organiste titulaire des grandes orgues de Notre-Dame de Lorette, Paris 9\u00c2\u00b0,  organise ce GRAND WEEK-END LISZT auquel L&rsquo;Ensemble vocal Angu\u00e9los, de Quincy-Voisins aura l&rsquo;honneur de participer ainsi que bien d&rsquo;autres artistes:<\/p>\n<p>Concert \u00ab\u00a0harmonies po\u00e9tiques et religieuses\u00a0\u00bb<\/p>\n<p>ENSEMBLE VOCAL ANGUELOS, direction Val\u00e9ry AUBERTIN<br \/>\nMyriam BARBAUX, piano<br \/>\nEric LEBRUN, orgue<\/p>\n<p>Programme :<br \/>\nPALESTRINA : Credo de la Missa Veni sponsa Christi (choeur)<br \/>\nLISZT : &#8211; Ave Verum et Missa Choralis (extraits)(choeur)<br \/>\n            &#8211; La Vall\u00e9e d&rsquo;Obermann et la Seconde L\u00e9gende (piano)<\/p>\n<p>Plusieurs concerts se succ\u00e9deront sur ces deux jours:<\/p>\n<div align=\"center\"><img decoding=\"async\" src=\"\/IMG\/jpg\/lorette.jpg\" width=450><\/div>\n<p>L&rsquo;entr\u00e9e est libre. Une qu\u00eate aidera au remboursement des frais.<\/p>\n<p>Rendez-vous donc \u00e0 partir de samedi 22 octobre 16h<br \/>\nNotre-Dame de Lorette, Paris 9\u00c2\u00b0,18 bis rue de Ch\u00e2teaudun, <br \/>\nm\u00e9tro Notre-Dame de Lorette<\/p>\n<p> Pour de plus amples informations, n&rsquo;h\u00e9sitez pas \u00e0 visiter le site:<br \/>\n[http:\/\/anguelos.free.fr->http:\/\/anguelos.free.fr  ]  <\/p>\n<div align=\"center\"><img decoding=\"async\" src=\"\/IMG\/jpg\/anguelos.jpg\" width=450><\/div>\n<\/div>\n","protected":false},"excerpt":{"rendered":"<p>\u00ab\u00a0Enfant prodige, star du piano, compositeur g\u00e9nial, galant homme et grand de son si\u00e8cle Franz Liszt eut tout de ce que le monde vante : dons, beaut\u00e9, c\u00e9l\u00e9brit\u00e9, fortune D&rsquo;avoir poss\u00e9d\u00e9 tant de biens&#46;&#46;&#46;<\/p>\n","protected":false},"author":2,"featured_media":0,"comment_status":"open","ping_status":"open","sticky":false,"template":"","format":"standard","meta":{"footnotes":""},"categories":[],"tags":[],"class_list":["post-406","post","type-post","status-publish","format-standard","hentry"],"_links":{"self":[{"href":"http:\/\/www.chapelle-crecy.com\/index.php?rest_route=\/wp\/v2\/posts\/406","targetHints":{"allow":["GET"]}}],"collection":[{"href":"http:\/\/www.chapelle-crecy.com\/index.php?rest_route=\/wp\/v2\/posts"}],"about":[{"href":"http:\/\/www.chapelle-crecy.com\/index.php?rest_route=\/wp\/v2\/types\/post"}],"author":[{"embeddable":true,"href":"http:\/\/www.chapelle-crecy.com\/index.php?rest_route=\/wp\/v2\/users\/2"}],"replies":[{"embeddable":true,"href":"http:\/\/www.chapelle-crecy.com\/index.php?rest_route=%2Fwp%2Fv2%2Fcomments&post=406"}],"version-history":[{"count":0,"href":"http:\/\/www.chapelle-crecy.com\/index.php?rest_route=\/wp\/v2\/posts\/406\/revisions"}],"wp:attachment":[{"href":"http:\/\/www.chapelle-crecy.com\/index.php?rest_route=%2Fwp%2Fv2%2Fmedia&parent=406"}],"wp:term":[{"taxonomy":"category","embeddable":true,"href":"http:\/\/www.chapelle-crecy.com\/index.php?rest_route=%2Fwp%2Fv2%2Fcategories&post=406"},{"taxonomy":"post_tag","embeddable":true,"href":"http:\/\/www.chapelle-crecy.com\/index.php?rest_route=%2Fwp%2Fv2%2Ftags&post=406"}],"curies":[{"name":"wp","href":"https:\/\/api.w.org\/{rel}","templated":true}]}}