{"id":407,"date":"2011-10-23T10:30:00","date_gmt":"2011-10-23T10:30:00","guid":{"rendered":""},"modified":"-0001-11-30T00:00:00","modified_gmt":"-0001-11-29T22:00:00","slug":"","status":"publish","type":"post","link":"http:\/\/www.chapelle-crecy.com\/?p=407","title":{"rendered":"Annonces de la semaine du 24 au 30 octobre 2011"},"content":{"rendered":"<table bgcolor =\"F0FAFF\" border=0>\n<tbody>\n<tr>\n<td>\n<div align=\"justify\">\n<div \"331\">Voici les annonces de la semaine du lundi 24 au dimanche 30 octobre 2011 pour la paroisse des 3 clochers Cr\u00e9cy-la-Chapelle, Villiers-sur-Morin, Voulangis.<br \/>Samedi 29 \u00e0\u00a0 18 h 30 : messe \u00e0\u00a0 Villiers, Dimanche 30 \u00e0\u00a0 10h30, messe \u00e0\u00a0 Cr\u00e9cy &#8211; Tous les d\u00e9tails dans la suite &#8230;<\/div>\n<\/div>\n<\/td>\n<\/tr>\n<\/tbody>\n<\/table>\n<table bgcolor =\"F0F6FF\" border=0>\n<tbody>\n<tr>\n<td width=\"20%\"><font color=\"00CC00\">Lundi 24 octobre<\/font><\/td>\n<td><font color=\"00CC00\"><\/p>\n<div align=\"center\"><img decoding=\"async\" src=\"\/IMG\/gif\/lumiere_65.gif\" ><\/div>\n<p><\/font><\/td>\n<td><font color=\"00CC00\">17 h  C\u00e9l\u00e9bration \u00e0 la Maison de Retraite.<\/font><\/td>\n<\/tr>\n<tr>\n<td><font color=\"802020\">Mardi 25 octobre<font><\/td>\n<td><font color=\"802020\">18  h &#8211; Messe \u00e0 Cr\u00e9cy pour Georges PIGEON et Mathias CURIC.<font><\/td>\n<td><font color=\"802020\"><\/p>\n<div align=\"center\"><img decoding=\"async\" src=\"\/IMG\/gif\/coupes002.gif\" ><\/div>\n<p><\/font><\/td>\n<\/tr>\n<tr>\n<td><font color=\"0020FF\">Mercredi 26 octobre<font><\/td>\n<td><font color=\"00CC00\"><\/p>\n<div align=\"center\"><img decoding=\"async\" src=\"\/IMG\/gif\/coupes004.gif\"><\/div>\n<p><font><\/td>\n<td><font color=\"0020FF\">18 h &#8211; Messe \u00e0 Cr\u00e9cy pour Pierre MATTHIEU et Robert VALLEE.<\/font><\/td>\n<\/tr>\n<tr>\n<td><font color=\"00CC00\">Jeudi 27 octobre<font><\/td>\n<td><font color=\"00CC00\">18 h &#8211; Messe \u00e0 Cr\u00e9cy pour Josette LECLERE et Roger ANSOULT.<\/font><\/td>\n<td><font color=\"00CC00\"><\/p>\n<div align=\"center\"><img decoding=\"async\" src=\"\/IMG\/jpg\/bible-1.jpg\" width=150><\/div>\n<p><font><\/td>\n<\/tr>\n<tr>\n<td><font color=\"802020\">Vendredi 28 octobre<\/font><\/td>\n<td><font color=\"802020\"><\/p>\n<div align=\"center\"><img decoding=\"async\" src=\"\/IMG\/gif\/cross.gif\"><\/div>\n<p><font><\/td>\n<td><font color=\"802020\">9 h &#8211; Messe \u00e0 Cr\u00e9cy pour Marie-Rose HUG et Georges VAN DER DOOREN.<font><\/td>\n<\/tr>\n<tr>\n<td><font color=\"0020FF\">Samedi 29 octobre<\/font><\/td>\n<td><font color=\"0020FF\">18 h 30 &#8211; Messe \u00e0 Villiers pour Jeannine RICHOMME et Philippe WAVRANT.<font><\/td>\n<td><font color=\"0020FF\"><\/p>\n<div align=\"center\"><img decoding=\"async\" src=\"\/IMG\/lieux\/villiers_eglise2.jpg\"  width=150>\n<\/div>\n<p><\/font><\/td>\n<\/tr>\n<tr>\n<td><font color=\"00CC00\">Dimanche 30 octobre<br \/><\/font><\/td>\n<td><font color=\"00CC00\"><\/p>\n<div align=\"center\"><img decoding=\"async\" src=\"\/IMG\/lieux\/stgeorges07.jpg\"  width=150>\n<\/div>\n<p><\/font><\/td>\n<td><font color=\"00CC00\">10 h 30 &#8211; Messe \u00e0 Cr\u00e9cy marquant la fin du mois du Rosaire. <br \/>Intentions pour la famille DEBIEF et pour Andr\u00e9e PHILIPPE.<br \/>\nBapt\u00eame de Ma\u00eb CAUGNE.<\/font>\n<\/td>\n<\/tr>\n<\/tbody>\n<\/table>\n","protected":false},"excerpt":{"rendered":"<p>Voici les annonces de la semaine du lundi 24 au dimanche 30 octobre 2011 pour la paroisse des 3 clochers Cr\u00e9cy-la-Chapelle, Villiers-sur-Morin, Voulangis.Samedi 29 \u00e0\u00a0 18 h 30 : messe \u00e0\u00a0 Villiers, Dimanche 30&#46;&#46;&#46;<\/p>\n","protected":false},"author":2,"featured_media":0,"comment_status":"open","ping_status":"open","sticky":false,"template":"","format":"standard","meta":{"footnotes":""},"categories":[],"tags":[],"class_list":["post-407","post","type-post","status-publish","format-standard","hentry"],"_links":{"self":[{"href":"http:\/\/www.chapelle-crecy.com\/index.php?rest_route=\/wp\/v2\/posts\/407","targetHints":{"allow":["GET"]}}],"collection":[{"href":"http:\/\/www.chapelle-crecy.com\/index.php?rest_route=\/wp\/v2\/posts"}],"about":[{"href":"http:\/\/www.chapelle-crecy.com\/index.php?rest_route=\/wp\/v2\/types\/post"}],"author":[{"embeddable":true,"href":"http:\/\/www.chapelle-crecy.com\/index.php?rest_route=\/wp\/v2\/users\/2"}],"replies":[{"embeddable":true,"href":"http:\/\/www.chapelle-crecy.com\/index.php?rest_route=%2Fwp%2Fv2%2Fcomments&post=407"}],"version-history":[{"count":0,"href":"http:\/\/www.chapelle-crecy.com\/index.php?rest_route=\/wp\/v2\/posts\/407\/revisions"}],"wp:attachment":[{"href":"http:\/\/www.chapelle-crecy.com\/index.php?rest_route=%2Fwp%2Fv2%2Fmedia&parent=407"}],"wp:term":[{"taxonomy":"category","embeddable":true,"href":"http:\/\/www.chapelle-crecy.com\/index.php?rest_route=%2Fwp%2Fv2%2Fcategories&post=407"},{"taxonomy":"post_tag","embeddable":true,"href":"http:\/\/www.chapelle-crecy.com\/index.php?rest_route=%2Fwp%2Fv2%2Ftags&post=407"}],"curies":[{"name":"wp","href":"https:\/\/api.w.org\/{rel}","templated":true}]}}