{"id":408,"date":"2011-11-01T04:49:24","date_gmt":"2011-11-01T04:49:24","guid":{"rendered":""},"modified":"-0001-11-30T00:00:00","modified_gmt":"-0001-11-29T22:00:00","slug":"","status":"publish","type":"post","link":"http:\/\/www.chapelle-crecy.com\/?p=408","title":{"rendered":"Toussaint 2011: TOUS appel\u00e9s \u00e0\u00a0 devenir SAINT"},"content":{"rendered":"<div align=\"justify\">\nD\u00e8s le samedi 22 octobre, les enfants \u00e9taient venus \u00e0\u00a0 la salle paroissiale pour se pr\u00e9parer \u00e0\u00a0 la grande f\u00eate de la Toussaint. Ils venaient participer \u00e0\u00a0 leur premi\u00e8re s\u00e9ance d&rsquo;\u00e9veil \u00e0\u00a0 la foi de l&rsquo;ann\u00e9e \u00e0\u00a0 Cr\u00e9cy. Le th\u00e8me de r\u00e9flexion \u00e9tait justement: la Toussaint&#8230;<\/div>\n<div align=\"justify\">\n<div align=\"center\"><img decoding=\"async\" src=\"\/IMG\/jpg\/Toussaint3_.jpg\" width=350><\/div>\n<p>\nNous avons d&rsquo;abord d\u00e9couvert dans l&rsquo;\u00e9glise Saint Georges les statues des diff\u00e9rents Saints qui la d\u00e9corent puis r\u00e9fl\u00e9chi ensemble comment on pouvait devenir nous aussi des Saints, c&rsquo;est \u00e0 dire des tr\u00e8s bons amis de J\u00e9sus :  \u00ab\u00a0Aider ma maman \u00e0 mettre le couvert\u00a0\u00bb, \u00ab\u00a0prot\u00e9ger ma petite soeur\u00a0\u00bb, \u00ab\u00a0partager mes crayons\u00a0\u00bb sont autant de petits gestes du quotidien qui vont en ce sens. Ensuite les enfants ont r\u00e9alis\u00e9 une aur\u00e9ole sur laquelle \u00e9tait coll\u00e9e l&rsquo;histoire du saint Patron de chacun. Ils l&rsquo;ont fi\u00e8rement port\u00e9 sur leur t\u00eate !<\/p>\n<div align=\"center\"><img decoding=\"async\" src=\"\/IMG\/jpg\/Toussaint1.jpg\" width=350><\/div>\n<p>La Toussaint, c&rsquo;est aussi l&rsquo;occasion de penser \u00e0 ceux que l&rsquo;on aime et qui nous entourent, pas seulement \u00e0 ceux qui nous ont quitt\u00e9s. Les enfants ont ainsi \u00e9crit dans une grappe de raisin le nom des personnes auxquelles ils pensaient particuli\u00e8rement. La grappe de raisin, c&rsquo;est un symbole de l&rsquo;Eglise que nous formons, ensemble, unis mais diff\u00e9rents les uns des autres.<\/p>\n<div align=\"center\"><img decoding=\"async\" src=\"\/IMG\/jpg\/Enfants.jpg\" width=400><\/div>\n<p>Pour terminer ce merveilleux moment, nous avons partag\u00e9 un d\u00e9licieux go\u00fbter !<\/p>\n<p>Voici une r\u00e9flexion d&rsquo;enfant \u00e0 la fin de la s\u00e9ance  :  \u00ab\u00a0J&rsquo;ai d\u00e9j\u00e0 pri\u00e9 pour beaucoup de mes amis mais je n&rsquo;ai pas eu le temps de penser \u00e0 tous alors il faudra que je continue \u00e0 la maison&#8230;\u00a0\u00bb<\/p>\n<p>A bient\u00f4t pour un autre temps de partage ! <br \/>Laurence et Fanny, cat\u00e9chistes<\/p>\n<p>La Toussaint, c&rsquo;est aussi l&rsquo;occasion de penser aux d\u00e9funts de nos familles \u00e0 qui l&rsquo;on souhaite que leur visage soit enfin tourn\u00e9 vers celui du Christ. L&rsquo;\u00e9quipe des fun\u00e9railles invite tous les ans \u00e0 la Toussaint les familles endeuill\u00e9es au cours de l&rsquo;ann\u00e9e, \u00e0 prier avec tous les chr\u00e9tiens pour toutes ces personnes d\u00e9funtes. <\/p>\n<div align=\"center\"><img decoding=\"async\" src=\"\/IMG\/jpg\/cimetiere.jpg\" width=350><\/div>\n<p><\/p>\n<p> Voici la lettre d&rsquo;invitation aux familles avec et pour qui nous prierons:<\/p>\n<p>       Ch\u00e8res familles,<\/p>\n<p>Au cours de cette ann\u00e9e, vous avez perdu un de vos proches qui reste pr\u00e9sent dans votre m\u00e9moire, et comme c&rsquo;est la tradition en ce jour de la Toussaint, vous allez au cimeti\u00e8re fleurir les tombes et vous y recueillir.<\/p>\n<p> Le temps de la Toussaint est un appel renouvel\u00e9 \u00e0 ne pas oublier ceux qui nous ont quitt\u00e9s et nous vous invitons \u00e0 \u00eatre pr\u00e9sents \u00e0 la messe du mardi 1er novembre \u00e0 10h.30 \u00e0 Cr\u00e9cy.<br \/>\n Les messes seront dites \u00e0 l&rsquo;intention de tous nos d\u00e9funts de la paroisse qui ont rejoint  la Maison du P\u00e8re cette ann\u00e9e. <\/p>\n<p> Si vous \u00eates dans l&rsquo;impossibilit\u00e9 de vous joindre \u00e0 notre assembl\u00e9e, vous pouvez  aller dans votre paroisse, vous associer \u00e0 notre d\u00e9marche de souvenir et de pri\u00e8res et rester en communion avec nous et avec tous ceux qui nous ont quitt\u00e9s.<\/p>\n<p> Nous vous souhaitons une bonne f\u00eate de la Toussaint dans le recueillement et en famille, et nous vous assurons de nos sentiments d&rsquo;amiti\u00e9. <\/p>\n<p> L&rsquo;Equipe d&rsquo;Accompagnement au Deuil de la paroisse des 3 Clochers de Cr\u00e9cy.<\/p>\n<p>                                         Pierre Thion   Ren\u00e9e et Lucien Gorret<br \/> <br \/>\n                                         Marie Madeleine Travet  Janine Leveel <\/p>\n<div align=\"center\"><img decoding=\"async\" src=\"\/IMG\/jpg\/chrysanthemes.jpg\" width=350><\/div>\n<p>\n Traditionnellement, le jour de la Toussaint, il est d&rsquo;usage d&rsquo;aller fleurir la tombe de ceux qui nous ont quitt\u00e9s et de prier pour eux. Vivre dans la m\u00e9moire de nos disparus n&rsquo;est pas d\u00e9primant, mais est au contraire, un vrai t\u00e9moignage de foi dans la r\u00e9surrection de la vie \u00e9ternelle.<br \/>\n  Pri\u00e8re:<br \/>\n\u00ab\u00a0Quand la nuit de la mort le retire \u00e0 nos yeux,<br \/>\nQue se l\u00e8ve pour lui ton soleil sans d\u00e9clin.<br \/>\nIl n&rsquo;est plus parmi nous,<br \/>\nQu&rsquo;il soit pr\u00e8s de Toi,<br \/>\nNous savons Ta tendresse:<br \/>\nTu accueilles et pardonnes.\u00a0\u00bb\n<\/div>\n","protected":false},"excerpt":{"rendered":"<p>D\u00e8s le samedi 22 octobre, les enfants \u00e9taient venus \u00e0\u00a0 la salle paroissiale pour se pr\u00e9parer \u00e0\u00a0 la grande f\u00eate de la Toussaint. Ils venaient participer \u00e0\u00a0 leur premi\u00e8re s\u00e9ance d&rsquo;\u00e9veil \u00e0\u00a0 la foi&#46;&#46;&#46;<\/p>\n","protected":false},"author":2,"featured_media":0,"comment_status":"open","ping_status":"open","sticky":false,"template":"","format":"standard","meta":{"footnotes":""},"categories":[],"tags":[],"class_list":["post-408","post","type-post","status-publish","format-standard","hentry"],"_links":{"self":[{"href":"http:\/\/www.chapelle-crecy.com\/index.php?rest_route=\/wp\/v2\/posts\/408","targetHints":{"allow":["GET"]}}],"collection":[{"href":"http:\/\/www.chapelle-crecy.com\/index.php?rest_route=\/wp\/v2\/posts"}],"about":[{"href":"http:\/\/www.chapelle-crecy.com\/index.php?rest_route=\/wp\/v2\/types\/post"}],"author":[{"embeddable":true,"href":"http:\/\/www.chapelle-crecy.com\/index.php?rest_route=\/wp\/v2\/users\/2"}],"replies":[{"embeddable":true,"href":"http:\/\/www.chapelle-crecy.com\/index.php?rest_route=%2Fwp%2Fv2%2Fcomments&post=408"}],"version-history":[{"count":0,"href":"http:\/\/www.chapelle-crecy.com\/index.php?rest_route=\/wp\/v2\/posts\/408\/revisions"}],"wp:attachment":[{"href":"http:\/\/www.chapelle-crecy.com\/index.php?rest_route=%2Fwp%2Fv2%2Fmedia&parent=408"}],"wp:term":[{"taxonomy":"category","embeddable":true,"href":"http:\/\/www.chapelle-crecy.com\/index.php?rest_route=%2Fwp%2Fv2%2Fcategories&post=408"},{"taxonomy":"post_tag","embeddable":true,"href":"http:\/\/www.chapelle-crecy.com\/index.php?rest_route=%2Fwp%2Fv2%2Ftags&post=408"}],"curies":[{"name":"wp","href":"https:\/\/api.w.org\/{rel}","templated":true}]}}