{"id":409,"date":"2011-10-30T04:45:20","date_gmt":"2011-10-30T04:45:20","guid":{"rendered":""},"modified":"-0001-11-30T00:00:00","modified_gmt":"-0001-11-29T22:00:00","slug":"","status":"publish","type":"post","link":"http:\/\/www.chapelle-crecy.com\/?p=409","title":{"rendered":"29-30 octobre: c&rsquo;est la fin du mois du Rosaire"},"content":{"rendered":"<div align=\"justify\">Le 1er octobre, l&rsquo;Eglise c\u00e9l\u00e9brait Ste Th\u00e9r\u00e8se de Lisieux, patronne des missions. Le mois d&rsquo;octobre, c&rsquo;est aussi le mois du Rosaire, sp\u00e9cialement d\u00e9di\u00e9 \u00e0\u00a0 Marie. Prions encore une fois la Vierge Marie pour qu&rsquo;elle aide chacun de nous \u00e0\u00a0 \u00eatre davantage au service de l&rsquo;autre, de son prochain. Qu&rsquo;elle nous aide \u00e0\u00a0 d\u00e9velopper la dimension missionnaire qui est en nous. Hier soir, \u00e0\u00a0 l&rsquo;\u00e9glise de Villiers, ce sont de sympathiques \u00e9cossais, qui f\u00eataient les 90 ans de Peggie, qui sont venus pri\u00e9s avec nous, la Sainte Vierge.<\/div>\n<div align=\"justify\">\n<div align=\"center\"><img decoding=\"async\" src=\"\/IMG\/jpg\/ecossais.jpg\" width=450><\/div>\n<p> PRI\u00c3\u02c6RE UNIVERSELLE<\/p>\n<p>Nous n&rsquo;avons qu&rsquo;un seul Seigneur et c&rsquo;est vers lui que nous nous tournons :<\/p>\n<p>REFRAIN:<br \/>\nSUR LA TERRE DES HOMMES, FAIS BRILLER, SEIGNEUR, TON AMOUR<\/p>\n<p>1- Pour l&rsquo;Eglise ayant mission de rejoindre tout homme et de t\u00e9moigner de la charit\u00e9, qu&rsquo;elle sache le faire en v\u00e9rit\u00e9 et avec humilit\u00e9,<br \/>\nNous te supplions, Seigneur<\/p>\n<p>2- Pour les pharisiens d&rsquo;aujourd&rsquo;hui, pour celles et ceux qui se laissent conduire par la dictature du para \u00eetre, de l&rsquo;argent et du pouvoir, qu&rsquo;ils red\u00e9couvrent la simplicit\u00e9 de Ton Amour,<br \/>\nNous te supplions, Seigneur<\/p>\n<p>3- Pour les enseignants, les cat\u00e9chistes, les \u00e9ducateurs et tous les responsables en Eglise, qu&rsquo;ils gardent humilit\u00e9 et confiance dans l&rsquo;Esprit Saint,<br \/>\nNous te supplions, Seigneur<\/p>\n<p>4- Pour tous les chr\u00e9tiens et ceux qui souhaitent le devenir, qu&rsquo;ils ne se lassent jamais du bonheur d&rsquo;\u00eatre serviteurs de leurs fr\u00e8res<br \/>\nNous te supplions, Seigneur<\/p>\n<p>5- En cette fin du mois du Rosaire, par l&rsquo;interm\u00e9diaire de la Vierge Marie, envoie ton Esprit Saint sur tous les dirigeants afin qu&rsquo;ils oeuvrent pour la justice, la paix et le bien de tous,<br \/>\nNous te supplions Seigneur<\/p>\n<p>Seigneur J\u00e9sus, exauce-nous. Alors ton Nom sera connu sur toute la Terre, toi qui r\u00e8gnes dans les si\u00e8cles des si\u00e8cles.<\/p>\n<div align=\"center\">*********************************<\/div>\n<p> Intention de messe pour Peggie Aube<\/p>\n<div align=\"center\"><img decoding=\"async\" src=\"\/IMG\/jpg\/Peggie.jpg\" width=150><\/div>\n<p> Cette messe anticip\u00e9e de ce dernier dimanche d&rsquo;octobre \u00e9tait donc c\u00e9l\u00e9br\u00e9e \u00e0 l&rsquo;intention de Peggie Aub\u00e9, 90 ans, dont voici une br\u00e8ve pr\u00e9sentation:<\/p>\n<p> N\u00e9e aux Etats-Unis de p\u00e8re \u00e9cossais et de m\u00e8re fran\u00e7aise, elle a grandi au Canada, et a rejoint la \u00ab\u00a0Royale Navy \u00bb en Angleterre.<\/p>\n<p>Elle a \u00e9pous\u00e9 Hubert Aub\u00e9, agriculteur \u00e0 Villeneuve-le-Comte.<\/p>\n<p>Ils ont eu 6 enfants , 22 petits enfants et maintenant 8 arri\u00e8re-petitsenfants.<\/p>\n<p>Elle est veuve depuis quelques ann\u00e9es.<\/p>\n<p>Une f\u00eate a donc \u00e9t\u00e9 organis\u00e9e chez Franck et Marie-H\u00e9l\u00e8ne Aub\u00e9, pour f\u00eater les 90 ans de Peggie autour de sa nombreuse famille, venue des 4 coins de l&rsquo;horizon. Tout naturellement, apr\u00e8s s&rsquo;\u00eatre retrouv\u00e9e \u00e0 Bouleurs, toute la famille s&rsquo;est rendue \u00e0 la messe de Villiers pour remercier Dieu  pour tant de gr\u00e2ces v\u00e9cues autour de Peggie. Samedi soir, en l&rsquo;honneur de ses origines \u00e9cossaises, c&rsquo;est donc une famille toute de kilt v\u00e9cue que nous avons eu l&rsquo;honneur d&rsquo;accueillir, fait rarissime pour \u00eatre signal\u00e9. Nous vous offrons en exclusivit\u00e9 dans la s\u00e9quence vid\u00e9o ci-jointe, les derniers instants de cette messe c\u00e9l\u00e9br\u00e9e par le P\u00e8re Marjou, dans une belle fraternit\u00e9 et une grande convivialit\u00e9 avec l&rsquo;assembl\u00e9e paroissiale des 3 clochers. La c\u00e9r\u00e9monie s&rsquo;est achev\u00e9e autour d&rsquo;un pot de l&rsquo;amiti\u00e9 o\u00f9 quelques propos d&rsquo;amateurs de rugby avertis s&rsquo;il en est, ont \u00e9t\u00e9 in\u00e9vitablement \u00e9chang\u00e9s apr\u00e8s la superbe finale de la Coupe du Monde de rugby du 23 octobre qui n&rsquo;a laiss\u00e9 personne indiff\u00e9rent&#8230;<\/p>\n<div align=\"center\"><img decoding=\"async\" src=\"\/IMG\/jpg\/ecosse\n.jpg\" width=450><\/div>\n<p> Cliquez sur le document ci-dessous pour \u00e9couter nos amis \u00e9cossais, autour du P\u00e8re Marjou, chanter \u00ab\u00a0amazing grace\u00a0\u00bb tous en choeur en fin de c\u00e9r\u00e9monie.\n<\/p><\/div>\n","protected":false},"excerpt":{"rendered":"<p>Le 1er octobre, l&rsquo;Eglise c\u00e9l\u00e9brait Ste Th\u00e9r\u00e8se de Lisieux, patronne des missions. Le mois d&rsquo;octobre, c&rsquo;est aussi le mois du Rosaire, sp\u00e9cialement d\u00e9di\u00e9 \u00e0\u00a0 Marie. Prions encore une fois la Vierge Marie pour qu&rsquo;elle&#46;&#46;&#46;<\/p>\n","protected":false},"author":2,"featured_media":0,"comment_status":"open","ping_status":"open","sticky":false,"template":"","format":"standard","meta":{"footnotes":""},"categories":[],"tags":[],"class_list":["post-409","post","type-post","status-publish","format-standard","hentry"],"_links":{"self":[{"href":"http:\/\/www.chapelle-crecy.com\/index.php?rest_route=\/wp\/v2\/posts\/409","targetHints":{"allow":["GET"]}}],"collection":[{"href":"http:\/\/www.chapelle-crecy.com\/index.php?rest_route=\/wp\/v2\/posts"}],"about":[{"href":"http:\/\/www.chapelle-crecy.com\/index.php?rest_route=\/wp\/v2\/types\/post"}],"author":[{"embeddable":true,"href":"http:\/\/www.chapelle-crecy.com\/index.php?rest_route=\/wp\/v2\/users\/2"}],"replies":[{"embeddable":true,"href":"http:\/\/www.chapelle-crecy.com\/index.php?rest_route=%2Fwp%2Fv2%2Fcomments&post=409"}],"version-history":[{"count":0,"href":"http:\/\/www.chapelle-crecy.com\/index.php?rest_route=\/wp\/v2\/posts\/409\/revisions"}],"wp:attachment":[{"href":"http:\/\/www.chapelle-crecy.com\/index.php?rest_route=%2Fwp%2Fv2%2Fmedia&parent=409"}],"wp:term":[{"taxonomy":"category","embeddable":true,"href":"http:\/\/www.chapelle-crecy.com\/index.php?rest_route=%2Fwp%2Fv2%2Fcategories&post=409"},{"taxonomy":"post_tag","embeddable":true,"href":"http:\/\/www.chapelle-crecy.com\/index.php?rest_route=%2Fwp%2Fv2%2Ftags&post=409"}],"curies":[{"name":"wp","href":"https:\/\/api.w.org\/{rel}","templated":true}]}}