{"id":413,"date":"2011-11-13T10:34:00","date_gmt":"2011-11-13T10:34:00","guid":{"rendered":""},"modified":"-0001-11-30T00:00:00","modified_gmt":"-0001-11-29T22:00:00","slug":"","status":"publish","type":"post","link":"http:\/\/www.chapelle-crecy.com\/?p=413","title":{"rendered":"Annonces de la semaine du 14 au 20 novembre 2011"},"content":{"rendered":"<table bgcolor =\"F0FAFF\" border=0>\n<tbody>\n<tr>\n<td>\n<div align=\"justify\">\n<div \"338\">Voici les annonces de la semaine du lundi 14 au dimanche 20 novembre 2011 pour la paroisse des 3 clochers Cr\u00e9cy-la-Chapelle, Villiers-sur-Morin, Voulangis.<br \/>Samedi 19 \u00e0\u00a0 18 h 30 : messe \u00e0\u00a0 Villiers, Dimanche 20 \u00e0\u00a0 10h30, messe \u00e0\u00a0 Cr\u00e9cy &#8211; Tous les d\u00e9tails dans la suite &#8230;<\/div>\n<\/div>\n<\/td>\n<\/tr>\n<\/tbody>\n<\/table>\n<table bgcolor =\"F0F6FF\" border=0>\n<tbody>\n<tr>\n<td width=\"20%\"><font color=\"00CC00\">Lundi 14 novembre<\/font><\/td>\n<td><font color=\"00CC00\">17 h  C\u00e9l\u00e9bration \u00e0 la Maison de Retraite.<br \/>\n14 h 30  R\u00e9union de l&rsquo;Equipe du Rosaire chez Mme LOUIS.<\/font><\/td>\n<td><font color=\"00CC00\">20 h 30 &#8211; R\u00e9union de l&rsquo;Equipe d&rsquo;Animation Pastorale.<br \/><\/font><\/td>\n<\/tr>\n<tr>\n<td><font color=\"802020\">Mardi 15 novembre<font><\/td>\n<td><font color=\"802020\">18 h-  Messe \u00e0 Cr\u00e9cy pour Marcelle GONDARD et Philippe CAIN.<font><\/td>\n<td><font color=\"802020\"><\/p>\n<div align=\"center\"><img decoding=\"async\" src=\"\/IMG\/gif\/coupes002.gif\" ><\/div>\n<p><\/font><\/td>\n<\/tr>\n<tr>\n<td><font color=\"0020FF\">Mercredi 16 novembre<font><\/td>\n<td><font color=\"00CC00\"><\/p>\n<div align=\"center\"><img decoding=\"async\" src=\"\/IMG\/gif\/coupes004.gif\"><\/div>\n<p><font><\/td>\n<td><font color=\"0020FF\">18 h &#8211; La Messe de ce soir est demand\u00e9e pour tous les d\u00e9sesp\u00e9r\u00e9s de la vie.<\/font><\/td>\n<\/tr>\n<tr>\n<td><font color=\"00CC00\">Jeudi 17 novembre<font><\/td>\n<td><font color=\"00CC00\">18 h &#8211; Messe \u00e0 Cr\u00e9cy pour Jean-Pierre HUGUIN et Maurice MARTIN.<\/font><\/td>\n<td><font color=\"00CC00\"><\/p>\n<div align=\"center\"><img decoding=\"async\" src=\"\/IMG\/jpg\/bible-1.jpg\" width=150><\/div>\n<p><font><\/td>\n<\/tr>\n<tr>\n<td><font color=\"802020\">Vendredi 18 novembre<\/font><\/td>\n<td><font color=\"802020\"><\/p>\n<div align=\"center\"><img decoding=\"async\" src=\"\/IMG\/gif\/cross.gif\"><\/div>\n<p><font><\/td>\n<td><font color=\"802020\">10 h 30 &#8211; Messe demand\u00e9e par la Gendarmerie du secteur en l&rsquo;honneur de leur sainte Patronne, sainte Genevi\u00e8ve. Elle sera c\u00e9l\u00e9br\u00e9e par leur Aum\u00f4nier, le P\u00e8re Pierre COUETTE..<font><\/td>\n<\/tr>\n<tr>\n<td><font color=\"0020FF\">Samedi 19 novembre<\/font><\/td>\n<td><font color=\"0020FF\">18 h 30  Messe \u00e0 Villiers pour Lucie RICHOILLEY et Louise DELABRUYERE.<font><\/td>\n<td><font color=\"0020FF\"><\/p>\n<div align=\"center\"><img decoding=\"async\" src=\"\/IMG\/lieux\/villiers_eglise2.jpg\"  width=150>\n<\/div>\n<p><\/font><\/td>\n<\/tr>\n<tr>\n<td><font color=\"00CC00\">Dimanche 20 novembre<br \/><\/font><\/td>\n<td><font color=\"00CC00\"><\/p>\n<div align=\"center\"><img decoding=\"async\" src=\"\/IMG\/lieux\/stgeorges04.jpg\"  width=150>\n<\/div>\n<p><\/font><\/td>\n<td><font color=\"00CC00\">10 h 30 &#8211; Messe \u00e0 Cr\u00e9cy pour Thibaud CHRETIEN et Odette CAROUGE.<br \/>\nA la fin de la Messe, ces samedi 19 et dimanche 20, vous seront propos\u00e9s, comme chaque ann\u00e9e, des chocolats vendus au profit de l&rsquo;aide au BURKINA FASO.  Merci de leur faire bon accueil.<\/font>\n<\/td>\n<\/tr>\n<\/tbody>\n<\/table>\n","protected":false},"excerpt":{"rendered":"<p>Voici les annonces de la semaine du lundi 14 au dimanche 20 novembre 2011 pour la paroisse des 3 clochers Cr\u00e9cy-la-Chapelle, Villiers-sur-Morin, Voulangis.Samedi 19 \u00e0\u00a0 18 h 30 : messe \u00e0\u00a0 Villiers, Dimanche 20&#46;&#46;&#46;<\/p>\n","protected":false},"author":2,"featured_media":0,"comment_status":"open","ping_status":"open","sticky":false,"template":"","format":"standard","meta":{"footnotes":""},"categories":[],"tags":[],"class_list":["post-413","post","type-post","status-publish","format-standard","hentry"],"_links":{"self":[{"href":"http:\/\/www.chapelle-crecy.com\/index.php?rest_route=\/wp\/v2\/posts\/413","targetHints":{"allow":["GET"]}}],"collection":[{"href":"http:\/\/www.chapelle-crecy.com\/index.php?rest_route=\/wp\/v2\/posts"}],"about":[{"href":"http:\/\/www.chapelle-crecy.com\/index.php?rest_route=\/wp\/v2\/types\/post"}],"author":[{"embeddable":true,"href":"http:\/\/www.chapelle-crecy.com\/index.php?rest_route=\/wp\/v2\/users\/2"}],"replies":[{"embeddable":true,"href":"http:\/\/www.chapelle-crecy.com\/index.php?rest_route=%2Fwp%2Fv2%2Fcomments&post=413"}],"version-history":[{"count":0,"href":"http:\/\/www.chapelle-crecy.com\/index.php?rest_route=\/wp\/v2\/posts\/413\/revisions"}],"wp:attachment":[{"href":"http:\/\/www.chapelle-crecy.com\/index.php?rest_route=%2Fwp%2Fv2%2Fmedia&parent=413"}],"wp:term":[{"taxonomy":"category","embeddable":true,"href":"http:\/\/www.chapelle-crecy.com\/index.php?rest_route=%2Fwp%2Fv2%2Fcategories&post=413"},{"taxonomy":"post_tag","embeddable":true,"href":"http:\/\/www.chapelle-crecy.com\/index.php?rest_route=%2Fwp%2Fv2%2Ftags&post=413"}],"curies":[{"name":"wp","href":"https:\/\/api.w.org\/{rel}","templated":true}]}}