{"id":414,"date":"2011-11-29T00:44:54","date_gmt":"2011-11-29T00:44:54","guid":{"rendered":""},"modified":"-0001-11-30T00:00:00","modified_gmt":"-0001-11-29T22:00:00","slug":"","status":"publish","type":"post","link":"http:\/\/www.chapelle-crecy.com\/?p=414","title":{"rendered":"Comment faire pour louer Dieu?"},"content":{"rendered":"<div align=\"justify\">\u00ab\u00a0Chanter, c&rsquo;est prier deux fois\u00a0\u00bb a-t-on l&rsquo;habitude de dire. Depuis plusieurs ann\u00e9es, de nouvelles formes d&rsquo;expression de la foi sont apparues dans l&rsquo;Eglise: il s&rsquo;agit de groupes de musique contemporaine adapt\u00e9e aux jeunes d&rsquo;aujourd&rsquo;hui. EPHATA fait partie de ces groupes \u00ab\u00a0louange\u00a0\u00bb qui sont capables d&rsquo;associer la pri\u00e8re et le chant, avec entrain et enthousiasme, pour laisser \u00ab\u00a0r\u00e9sonner\u00a0\u00bb peu \u00e0\u00a0 peu le souffle de l&rsquo;Esprit qui est en chacun de nous. <\/div>\n<div align=\"justify\">\n<div align=\"center\"><img decoding=\"async\" src=\"\/IMG\/jpg\/ephata_en_live-1.jpg\" width=350><\/div>\n<p><\/p>\n<p>Ephata qui veut dire \u00ab\u00a0ouvre-toi\u00a0\u00bb, groupe d&rsquo;animation liturgique attach\u00e9 au P\u00f4le missionnaire de Coulommiers, propose donc des soir\u00e9es de louange aux temps forts de l&rsquo;ann\u00e9e, et anime r\u00e9guli\u00e8rement des messes.<br \/>\n Louer Dieu, c&rsquo;est tout d&rsquo;abord, le remercier pour son amour pour nous, et aussi pour la Parole qu&rsquo;Il nous adresse personnellement. Les fruits de ces soir\u00e9es de louange sont la paix du coeur, la joie int\u00e9rieure, le bonheur de prier les uns pour les autres et de vivre en toute fraternit\u00e9. <\/p>\n<div align=\"center\"><img decoding=\"async\" src=\"\/IMG\/jpg\/annonce-ephata.jpg\" width=350><\/div>\n<p><\/p>\n<p> Le succ\u00e8s de ces soir\u00e9es de vie en Eglise ne se d\u00e9ment pas. Nous vous proposons les 3 dates des veill\u00e9es EPHATA pour la saison 2011-2012:<\/p>\n<p>&#8211;       Veill\u00e9e No\u00ebl : Samedi 3 D\u00e9cembre 2011<\/p>\n<div align=\"center\"><img decoding=\"async\" src=\"\/IMG\/jpg\/creche-1.jpg\" width=350><\/div>\n<p><\/p>\n<p>&#8211;       Veill\u00e9e Rameaux : Samedi 31 Mars 2012<\/p>\n<div align=\"center\"><img decoding=\"async\" src=\"\/IMG\/jpg\/Rameaux-1.jpg\" width=350><\/div>\n<p><\/p>\n<p>&#8211;       Veill\u00e9e Trinit\u00e9 : Samedi 2 Juin 2012<\/p>\n<div align=\"center\"><img decoding=\"async\" src=\"\/IMG\/jpg\/Trinite.jpg\" width=350><\/div>\n<p><\/p>\n<p>Veuillez noter que toutes ces veill\u00e9es ont lieu \u00e0 l&rsquo;\u00e9glise Notre-Dame de Toute Joie de Coulommiers (Ville Haute) de 20h30 \u00e0 22h30.<\/p>\n<p><\/head><br \/>\n<body><\/p>\n<p class=\"MsoNormal\" style=\"text-align: center;\" align=\"center\"><b><u><span\nstyle=\"font-size: 26pt; color: red;\">PETIT RAPPEL<\/span><\/u><\/b><\/p>\n<p class=\"MsoNormal\" style=\"text-align: center;\" align=\"center\"><b><span\nstyle=\"font-size: 26pt; color: rgb(31, 73, 125);\">VEILLEE EPHATA<\/span><\/b><\/p>\n<p class=\"MsoNormal\" style=\"text-align: center;\" align=\"center\"><b><span\nstyle=\"font-size: 18pt; color: rgb(31, 73, 125);\">Samedi 3 D\u00e9cembre<br \/>\n2011 \u00e0 20h30<\/span><\/b><\/p>\n<p class=\"MsoNormal\" style=\"text-align: center;\" align=\"center\"><b><span\nstyle=\"font-size: 18pt; color: rgb(31, 73, 125);\">\u00e9glise Notre-Dame de<br \/>\nToute-Joie de <\/span><\/b><\/p>\n<p class=\"MsoNormal\" style=\"text-align: center;\" align=\"center\"><b><span\nstyle=\"font-size: 26pt; color: rgb(31, 73, 125);\">COULOMMIERS<\/span><\/b><\/p>\n<p class=\"MsoNormal\" style=\"text-align: center;\" align=\"center\"><b><span\nstyle=\"font-size: 8pt; color: rgb(31, 73, 125);\">&nbsp;<\/span><\/b><\/p>\n<p class=\"MsoNormal\" style=\"text-align: center;\" align=\"center\"><b><span\nstyle=\"font-size: 8pt; color: rgb(31, 73, 125);\">&nbsp;<\/span><\/b><\/p>\n<p class=\"MsoNormal\" style=\"text-align: center;\" align=\"center\"><b><i><span\nstyle=\"font-size: 36pt; color: rgb(112, 48, 160);\">\u00ab&nbsp;Pri\u00e8re pour<br \/>\nle Monde&nbsp;\u00bb<\/span><\/i><\/b><\/p>\n<p class=\"MsoNormal\"><i><span style=\"font-size: 36pt;\">&nbsp;<\/span><\/i><\/p>\n<p class=\"MsoNormal\"><span style=\"font-size: 18pt;\">Venez nombreux et<br \/>\nn&rsquo;h\u00e9sitez pas \u00e0 diffuser largement l&rsquo;information autour de vous.<span\nstyle=\"text-decoration: underline;\"><span style=\"font-weight: bold;\"><\/span><\/span><b><u><span\nstyle=\"color: red;\"><\/span><\/u><\/b><\/span><\/p>\n<p class=\"MsoNormal\">&nbsp;<\/p>\n<p class=\"MsoNormal\">&nbsp;<\/p>\n<p class=\"MsoNormal\"><b><i><span\nstyle=\"font-size: 16pt; color: rgb(192, 0, 0);\">Pour le groupe EPHATA,<\/span><\/i><\/b><\/p>\n<p class=\"MsoNormal\"><b><i><span\nstyle=\"font-size: 16pt; color: rgb(192, 0, 0);\">Jos\u00e9 DA SILVA<\/span><\/i><\/b><\/p>\n<p class=\"MsoNormal\"><b><i><span\nstyle=\"font-size: 16pt; color: rgb(192, 0, 0);\"><a\nhref=\"?&#038;v=b&#038;cs=wh&#038;to=jomandas@hotmail.com\" target=\"_blank\">e-mail: jomandas@hotmail.com<\/a><\/span><\/i><\/b><\/p>\n<p><\/body><\/p>\n<p>Portable: 06-10-03-29-51<\/p><\/div>\n","protected":false},"excerpt":{"rendered":"<p>\u00ab\u00a0Chanter, c&rsquo;est prier deux fois\u00a0\u00bb a-t-on l&rsquo;habitude de dire. Depuis plusieurs ann\u00e9es, de nouvelles formes d&rsquo;expression de la foi sont apparues dans l&rsquo;Eglise: il s&rsquo;agit de groupes de musique contemporaine adapt\u00e9e aux jeunes d&rsquo;aujourd&rsquo;hui.&#46;&#46;&#46;<\/p>\n","protected":false},"author":2,"featured_media":0,"comment_status":"open","ping_status":"open","sticky":false,"template":"","format":"standard","meta":{"footnotes":""},"categories":[],"tags":[],"class_list":["post-414","post","type-post","status-publish","format-standard","hentry"],"_links":{"self":[{"href":"http:\/\/www.chapelle-crecy.com\/index.php?rest_route=\/wp\/v2\/posts\/414","targetHints":{"allow":["GET"]}}],"collection":[{"href":"http:\/\/www.chapelle-crecy.com\/index.php?rest_route=\/wp\/v2\/posts"}],"about":[{"href":"http:\/\/www.chapelle-crecy.com\/index.php?rest_route=\/wp\/v2\/types\/post"}],"author":[{"embeddable":true,"href":"http:\/\/www.chapelle-crecy.com\/index.php?rest_route=\/wp\/v2\/users\/2"}],"replies":[{"embeddable":true,"href":"http:\/\/www.chapelle-crecy.com\/index.php?rest_route=%2Fwp%2Fv2%2Fcomments&post=414"}],"version-history":[{"count":0,"href":"http:\/\/www.chapelle-crecy.com\/index.php?rest_route=\/wp\/v2\/posts\/414\/revisions"}],"wp:attachment":[{"href":"http:\/\/www.chapelle-crecy.com\/index.php?rest_route=%2Fwp%2Fv2%2Fmedia&parent=414"}],"wp:term":[{"taxonomy":"category","embeddable":true,"href":"http:\/\/www.chapelle-crecy.com\/index.php?rest_route=%2Fwp%2Fv2%2Fcategories&post=414"},{"taxonomy":"post_tag","embeddable":true,"href":"http:\/\/www.chapelle-crecy.com\/index.php?rest_route=%2Fwp%2Fv2%2Ftags&post=414"}],"curies":[{"name":"wp","href":"https:\/\/api.w.org\/{rel}","templated":true}]}}