{"id":415,"date":"2011-11-20T21:03:07","date_gmt":"2011-11-20T21:03:07","guid":{"rendered":""},"modified":"-0001-11-30T00:00:00","modified_gmt":"-0001-11-29T22:00:00","slug":"","status":"publish","type":"post","link":"http:\/\/www.chapelle-crecy.com\/?p=415","title":{"rendered":"Un \u00ab\u00a0Calendrier de l&rsquo;Avent interactif\u00a0\u00bb in\u00e9dit"},"content":{"rendered":"<div align=\"justify\">\nEN ROUTE VERS L&rsquo;AVENT AVEC CE CALENDRIER INTERACTIF GRATUIT<br \/>\n<a href=\"http:\/\/noel.croire.com\" target=\"_blank\"><b><br \/>\nhttp:\/\/noel.croire.com<\/div>\n<p><\/b><br \/>\nDu 27 novembre au 25 d\u00e9cembre, Croire.com propose aux enfants de partir chaque jour \u00e0\u00a0 la d\u00e9couverte d&rsquo;un nouveau santon de la cr\u00e8che et d&rsquo;un accompagnement sonore. Suite des explications ci-apr\u00e8s &#8230;<\/div>\n<div align=\"justify\">Ce calendrier interactif  permet aux enfants d&rsquo;ouvrir chaque jour de l&rsquo;Avent, une \u00ab\u00a0case\u00a0\u00bb, pour d\u00e9couvrir un nouveau santon et une phrase sonore. En avan\u00e7ant dans le temps, les santons constitueront progressivement leur cr\u00e8che de No\u00ebl num\u00e9rique.<\/p>\n<p>La phrase quotidienne sonore est une pri\u00e8re extraite de la liturgie du jour, reformul\u00e9e pour l&rsquo;enfant. Chaque phrase sera accompagn\u00e9e d&rsquo;une petite explication permettant aux parents d&rsquo;aller plus loin avec leur enfant.<\/p>\n<p>Une alerte mail quotidienne proposera \u00e0 l&rsquo;enfant de se connecter pour d\u00e9couvrir la nouvelle surprise du jour.<\/p>\n<p>Ce calendrier est l&rsquo;adaptation num\u00e9rique d&rsquo;une initiative lanc\u00e9e par Prions en Eglise Junior dans son mensuel.<\/p>\n<p>L&rsquo;ensemble constitue une \u00ab\u00a0petite p\u00e9dagogie\u00a0\u00bb \u00e0 la fois simple et innovante du sens chr\u00e9tien de No\u00ebl.<\/p>\n<p>En ligne le 27 novembre 2011 !<br \/>\nOuverture des inscriptions pour l&rsquo;alerte e-mail quotidienne  d\u00e8s le 1er novembre.<\/p>\n<p>Contact presse :<br \/>\nCorinne Miguel<br \/>\ntel: 01-74-31-67-99<br \/>\ne-mail: corinne.miguel@bayard-presse.com\n<\/div>\n","protected":false},"excerpt":{"rendered":"<p>EN ROUTE VERS L&rsquo;AVENT AVEC CE CALENDRIER INTERACTIF GRATUIT http:\/\/noel.croire.com Du 27 novembre au 25 d\u00e9cembre, Croire.com propose aux enfants de partir chaque jour \u00e0\u00a0 la d\u00e9couverte d&rsquo;un nouveau santon de la cr\u00e8che et&#46;&#46;&#46;<\/p>\n","protected":false},"author":2,"featured_media":0,"comment_status":"open","ping_status":"open","sticky":false,"template":"","format":"standard","meta":{"footnotes":""},"categories":[],"tags":[],"class_list":["post-415","post","type-post","status-publish","format-standard","hentry"],"_links":{"self":[{"href":"http:\/\/www.chapelle-crecy.com\/index.php?rest_route=\/wp\/v2\/posts\/415","targetHints":{"allow":["GET"]}}],"collection":[{"href":"http:\/\/www.chapelle-crecy.com\/index.php?rest_route=\/wp\/v2\/posts"}],"about":[{"href":"http:\/\/www.chapelle-crecy.com\/index.php?rest_route=\/wp\/v2\/types\/post"}],"author":[{"embeddable":true,"href":"http:\/\/www.chapelle-crecy.com\/index.php?rest_route=\/wp\/v2\/users\/2"}],"replies":[{"embeddable":true,"href":"http:\/\/www.chapelle-crecy.com\/index.php?rest_route=%2Fwp%2Fv2%2Fcomments&post=415"}],"version-history":[{"count":0,"href":"http:\/\/www.chapelle-crecy.com\/index.php?rest_route=\/wp\/v2\/posts\/415\/revisions"}],"wp:attachment":[{"href":"http:\/\/www.chapelle-crecy.com\/index.php?rest_route=%2Fwp%2Fv2%2Fmedia&parent=415"}],"wp:term":[{"taxonomy":"category","embeddable":true,"href":"http:\/\/www.chapelle-crecy.com\/index.php?rest_route=%2Fwp%2Fv2%2Fcategories&post=415"},{"taxonomy":"post_tag","embeddable":true,"href":"http:\/\/www.chapelle-crecy.com\/index.php?rest_route=%2Fwp%2Fv2%2Ftags&post=415"}],"curies":[{"name":"wp","href":"https:\/\/api.w.org\/{rel}","templated":true}]}}