{"id":416,"date":"2011-11-20T10:32:00","date_gmt":"2011-11-20T10:32:00","guid":{"rendered":""},"modified":"-0001-11-30T00:00:00","modified_gmt":"-0001-11-29T22:00:00","slug":"","status":"publish","type":"post","link":"http:\/\/www.chapelle-crecy.com\/?p=416","title":{"rendered":"Annonces de la semaine du 21 au 27 novembre 2011"},"content":{"rendered":"<table bgcolor =\"F0FAFF\" border=0>\n<tbody>\n<tr>\n<td>\n<div align=\"justify\">\n<div \"341\">Voici les annonces de la semaine du lundi 21 au dimanche 27 novembre 2011 pour la paroisse des 3 clochers Cr\u00e9cy-la-Chapelle, Villiers-sur-Morin, Voulangis.<br \/>Samedi 26 \u00e0\u00a0 18 h 30 : messe \u00e0\u00a0 Villiers, Dimanche 27 \u00e0\u00a0 10h30, messe \u00e0\u00a0 Cr\u00e9cy &#8211; Tous les d\u00e9tails dans la suite &#8230;<\/div>\n<\/div>\n<\/td>\n<\/tr>\n<\/tbody>\n<\/table>\n<table bgcolor =\"F0F6FF\" border=0>\n<tbody>\n<tr>\n<td width=\"20%\"><font color=\"00CC00\">Lundi 21 novembre<\/font><\/td>\n<td><font color=\"00CC00\">10 h 30  A Cr\u00e9cy, obs\u00e8ques de Jacques SANSON.<br \/>\n<\/font><\/td>\n<td><font color=\"00CC00\">14 h 30 &#8211; R\u00e9union de l&rsquo;\u00e9quipe du Rosaire chez Mme ADAM.<\/p>\n<p>17 h  C\u00e9l\u00e9bration \u00e0 la Maison de Retraite.<br \/><\/font><\/td>\n<\/tr>\n<tr>\n<td><font color=\"802020\">Mardi 22 novembre<font><\/td>\n<td><font color=\"802020\">9 h &#8211; Messe \u00e0 Cr\u00e9cy pour Anne et Ren\u00e9 COUVRI.<font><\/td>\n<td><font color=\"802020\"><\/p>\n<div align=\"center\"><img decoding=\"async\" src=\"\/IMG\/gif\/coupes002.gif\" ><\/div>\n<p><\/font><\/td>\n<\/tr>\n<tr>\n<td><font color=\"0020FF\">Mercredi 23 novembre<font><\/td>\n<td><font color=\"00CC00\"><\/p>\n<div align=\"center\"><img decoding=\"async\" src=\"\/IMG\/gif\/coupes004.gif\"><\/div>\n<p><font><\/td>\n<td><font color=\"0020FF\">18 h &#8211; Messe \u00e0 Cr\u00e9cy pour les Ames du Purgatoire.<\/font><\/td>\n<\/tr>\n<tr>\n<td><font color=\"00CC00\">Jeudi 24 novembre<font><\/td>\n<td><font color=\"00CC00\">18 h &#8211; Messe \u00e0 Cr\u00e9cy  pour  Sarah MOURGUES et Eric LAMBERT.<\/font><\/td>\n<td><font color=\"00CC00\"><\/p>\n<div align=\"center\"><img decoding=\"async\" src=\"\/IMG\/jpg\/bible-1.jpg\" width=150><\/div>\n<p><font><\/td>\n<\/tr>\n<tr>\n<td><font color=\"802020\">Vendredi 25 novembre<\/font><\/td>\n<td><font color=\"802020\"><\/p>\n<div align=\"center\"><img decoding=\"async\" src=\"\/IMG\/gif\/cross.gif\"><\/div>\n<p><font><\/td>\n<td><font color=\"802020\">9 h &#8211; Messe \u00e0 Cr\u00e9cy pour Jean-Pierre LEBLAND et Georges  VAN DER DOOREN.<font><\/td>\n<\/tr>\n<tr>\n<td><font color=\"0020FF\">Samedi 26 novembre<\/font><\/td>\n<td><font color=\"0020FF\">18 h 30  Messe \u00e0 Villiers pour Jeannine RICHOMME et Henri CAZENAVE.<font><\/td>\n<td><font color=\"0020FF\"><\/p>\n<div align=\"center\"><img decoding=\"async\" src=\"\/IMG\/lieux\/villiers_eglise2.jpg\"  width=150>\n<\/div>\n<p><\/font><\/td>\n<\/tr>\n<tr>\n<td><font color=\"00CC00\">Dimanche 27 novembre<\/p>\n<p><i>1er dimanche de l&rsquo;Avent<\/i><\/font><\/td>\n<td><font color=\"00CC00\"><\/p>\n<div align=\"center\"><img decoding=\"async\" src=\"\/IMG\/lieux\/stgeorges09.jpg\"  width=150>\n<\/div>\n<p><\/font><\/td>\n<td><font color=\"00CC00\">10 h 30 &#8211; Messe \u00e0 Cr\u00e9cy pour Fabrice GAUTHIER et Ren\u00e9e MARLANT.<\/p>\n<p>A la fin de la Messe, pour l&rsquo;entr\u00e9e dans l&rsquo;Avent,  les jeunes de l&rsquo;Aum\u00f4nerie vous proposeront les couronnes de l&rsquo;Avent pr\u00e9par\u00e9es par leurs soins.<\/font>\n<\/td>\n<\/tr>\n<\/tbody>\n<\/table>\n","protected":false},"excerpt":{"rendered":"<p>Voici les annonces de la semaine du lundi 21 au dimanche 27 novembre 2011 pour la paroisse des 3 clochers Cr\u00e9cy-la-Chapelle, Villiers-sur-Morin, Voulangis.Samedi 26 \u00e0\u00a0 18 h 30 : messe \u00e0\u00a0 Villiers, Dimanche 27&#46;&#46;&#46;<\/p>\n","protected":false},"author":2,"featured_media":0,"comment_status":"open","ping_status":"open","sticky":false,"template":"","format":"standard","meta":{"footnotes":""},"categories":[],"tags":[],"class_list":["post-416","post","type-post","status-publish","format-standard","hentry"],"_links":{"self":[{"href":"http:\/\/www.chapelle-crecy.com\/index.php?rest_route=\/wp\/v2\/posts\/416","targetHints":{"allow":["GET"]}}],"collection":[{"href":"http:\/\/www.chapelle-crecy.com\/index.php?rest_route=\/wp\/v2\/posts"}],"about":[{"href":"http:\/\/www.chapelle-crecy.com\/index.php?rest_route=\/wp\/v2\/types\/post"}],"author":[{"embeddable":true,"href":"http:\/\/www.chapelle-crecy.com\/index.php?rest_route=\/wp\/v2\/users\/2"}],"replies":[{"embeddable":true,"href":"http:\/\/www.chapelle-crecy.com\/index.php?rest_route=%2Fwp%2Fv2%2Fcomments&post=416"}],"version-history":[{"count":0,"href":"http:\/\/www.chapelle-crecy.com\/index.php?rest_route=\/wp\/v2\/posts\/416\/revisions"}],"wp:attachment":[{"href":"http:\/\/www.chapelle-crecy.com\/index.php?rest_route=%2Fwp%2Fv2%2Fmedia&parent=416"}],"wp:term":[{"taxonomy":"category","embeddable":true,"href":"http:\/\/www.chapelle-crecy.com\/index.php?rest_route=%2Fwp%2Fv2%2Fcategories&post=416"},{"taxonomy":"post_tag","embeddable":true,"href":"http:\/\/www.chapelle-crecy.com\/index.php?rest_route=%2Fwp%2Fv2%2Ftags&post=416"}],"curies":[{"name":"wp","href":"https:\/\/api.w.org\/{rel}","templated":true}]}}