{"id":419,"date":"2011-12-11T00:01:38","date_gmt":"2011-12-11T00:01:38","guid":{"rendered":""},"modified":"-0001-11-30T00:00:00","modified_gmt":"-0001-11-29T22:00:00","slug":"","status":"publish","type":"post","link":"http:\/\/www.chapelle-crecy.com\/?p=419","title":{"rendered":"Premi\u00e8re exceptionnelle \u00e0\u00a0 Cr\u00e9cy: le cat\u00e9-dimanche 2011"},"content":{"rendered":"<div align=\"justify\">Chers paroissiens, chers parents, chers enfants,<br \/>nous marchons ensemble vers la grande f\u00eate de No\u00f6l. <br \/>\nAfin de mieux en comprendre le sens, la port\u00e9e, afin d&rsquo;y trouver  la joie profonde que le Christ veut nous donner \u00e0\u00a0 partager, venez nous rejoindre avec vos enfants et petits-enfants \u00e0\u00a0 l&rsquo;\u00e9glise de Cr\u00e9cy, le<\/p>\n<div align=\"center\"><img decoding=\"async\" src=\"\/IMG\/jpg\/dimanche11.jpg\" width=350><\/div>\n<\/div>\n<div align=\"justify\">Nous avons besoin d&rsquo;affermir notre foi ensemble, petits et grands,<br \/>\ncroyants de longue date ou nouveaux sur le chemin de la foi,<br \/>\nchacun peut apporter sa pierre, sa lumi\u00e8re, ses doutes, son exp\u00e9rience.<br \/>\n Autour du th\u00e8me de No\u00ebl, \u00e0 travers des ateliers divers, vivons avec nos enfants cette nouvelle exp\u00e9rience d&rsquo;approfondissement par l&rsquo;art et la pri\u00e8re autour d&rsquo;un vitrail de Chartres repr\u00e9sentant la Nativit\u00e9.<\/p>\n<p> Quel est notre v\u00e9ritable cadeau ? <br \/> <br \/>\n Puis, avec la pr\u00e9sence toujours tr\u00e8s appr\u00e9ci\u00e9e de notre cur\u00e9 de p\u00f4le, le P\u00e8re Philippe Legrand,  nous c\u00e9l\u00e8brerons ensemble  l&rsquo;EUCHARISTIE  \u00e0 11 h.<\/p>\n<p> Voici le programme de la matin\u00e9e (faire un clic droit pour zoomer):<\/p>\n<div align=\"center\"><img decoding=\"async\" src=\"\/IMG\/jpg\/programme_KT.jpg\" width=700><\/div>\n<\/div>\n","protected":false},"excerpt":{"rendered":"<p>Chers paroissiens, chers parents, chers enfants,nous marchons ensemble vers la grande f\u00eate de No\u00f6l. Afin de mieux en comprendre le sens, la port\u00e9e, afin d&rsquo;y trouver la joie profonde que le Christ veut nous&#46;&#46;&#46;<\/p>\n","protected":false},"author":2,"featured_media":0,"comment_status":"open","ping_status":"open","sticky":false,"template":"","format":"standard","meta":{"footnotes":""},"categories":[],"tags":[],"class_list":["post-419","post","type-post","status-publish","format-standard","hentry"],"_links":{"self":[{"href":"http:\/\/www.chapelle-crecy.com\/index.php?rest_route=\/wp\/v2\/posts\/419","targetHints":{"allow":["GET"]}}],"collection":[{"href":"http:\/\/www.chapelle-crecy.com\/index.php?rest_route=\/wp\/v2\/posts"}],"about":[{"href":"http:\/\/www.chapelle-crecy.com\/index.php?rest_route=\/wp\/v2\/types\/post"}],"author":[{"embeddable":true,"href":"http:\/\/www.chapelle-crecy.com\/index.php?rest_route=\/wp\/v2\/users\/2"}],"replies":[{"embeddable":true,"href":"http:\/\/www.chapelle-crecy.com\/index.php?rest_route=%2Fwp%2Fv2%2Fcomments&post=419"}],"version-history":[{"count":0,"href":"http:\/\/www.chapelle-crecy.com\/index.php?rest_route=\/wp\/v2\/posts\/419\/revisions"}],"wp:attachment":[{"href":"http:\/\/www.chapelle-crecy.com\/index.php?rest_route=%2Fwp%2Fv2%2Fmedia&parent=419"}],"wp:term":[{"taxonomy":"category","embeddable":true,"href":"http:\/\/www.chapelle-crecy.com\/index.php?rest_route=%2Fwp%2Fv2%2Fcategories&post=419"},{"taxonomy":"post_tag","embeddable":true,"href":"http:\/\/www.chapelle-crecy.com\/index.php?rest_route=%2Fwp%2Fv2%2Ftags&post=419"}],"curies":[{"name":"wp","href":"https:\/\/api.w.org\/{rel}","templated":true}]}}